{"id":27449,"date":"2018-02-20T23:00:47","date_gmt":"2018-02-20T20:00:47","guid":{"rendered":"http:\/\/www.bghaber.org\/bghaber\/?p=27449"},"modified":"2019-07-06T20:58:55","modified_gmt":"2019-07-06T17:58:55","slug":"bulgar-heyet-ataturk-evine-hayran-kaldi","status":"publish","type":"post","link":"https:\/\/www.bghaber.org\/bghaber\/bulgar-heyet-ataturk-evine-hayran-kaldi\/","title":{"rendered":"Bulgar Heyet Atat\u00fcrk Evi\u2019ne hayran kald\u0131"},"content":{"rendered":"<p>K\u0131rklareli Belediyesi taraf\u0131ndan Yayla Mahallesinde in\u015fa edilen Atat\u00fcrk Evi t\u00fcm kesimlerin hayranl\u0131\u011f\u0131n\u0131 kazanmaya devam ediyor. Atat\u00fcrk Evini ziyaret eden Bulgaristan Edirne Ba\u015fkonsolosu Vassil Valcev, Konsoloslar Andon Andonov, Radoslava Kafejiska, M\u00fczeyyen Uzunova Atat\u00fcrk Evi\u2019ne hayran kald\u0131lar.<\/p>\n<p>K\u0131rklareli Belediye Ba\u015fkan\u0131 Mehmet Siyam Kesimo\u011flu\u2019nu makam\u0131nda ziyaret eden Bulgar heyeti, daha sonra Yayla Mahallesinde yap\u0131lan Atat\u00fcrk Evi\u2019ni gezdiler. Ba\u015fkan Kesimo\u011flu, Ba\u015fkonsolos Val\u00e7ev ve Konsoloslar Andonov, Kafejiskave Uzunova\u2019ya Atat\u00fcrk Evi\u2019ni gezdirdi. Bulgar heyete Atat\u00fcrk Evi\u2019nde yap\u0131lan \u00e7al\u0131\u015fmalar\u0131 anlatan ba\u015fkan Kesimo\u011flu, evin her odas\u0131n\u0131 heyete tek tek gezdirdi.<\/p>\n<p>Bu evin yap\u0131lmas\u0131 a\u015fmas\u0131nda b\u00fcy\u00fck emek harcad\u0131klar\u0131n\u0131 aktaran Kesimo\u011flu, &#8220;Halk\u0131m\u0131z\u0131n katk\u0131lar\u0131 ile Atat\u00fcrk Evi\u2019ni hayata ge\u00e7irdik. Yap\u0131m a\u015famas\u0131nda \u00e7ok emek harcad\u0131k ve sonunda b\u00f6yle bir eseri K\u0131rklareli\u2019ne ve \u00fclkemize kazand\u0131rd\u0131k. Kalbi Mustafa Kemal diye atanlar\u0131n kenti K\u0131rklareli\u2019nde Atat\u00fcrk\u2019\u00fcn Evi\u2019ni in\u015fa ettik\u2019\u2019 dedi.<\/p>\n<p>Ba\u015fkonsolos Val\u00e7ev, Atat\u00fcrk Evi\u2019ne hayran kald\u0131klar\u0131n\u0131 ifade ederek, &#8220;B\u00fcy\u00fck bir \u00f6zveri ile yap\u0131lm\u0131\u015f olan Atat\u00fcrk Evi\u2019ni ziyaret etmekten dolay\u0131 \u00e7ok mutlu olduk. Ger\u00e7ekten K\u0131rklareli\u2019ne de\u011fer katacak bir yer olmu\u015f. Ba\u015fkan Kesimo\u011flu ve ekibini tebrik ediyorum\u2019\u2019 dedi.<\/p>\n<p>&nbsp;<\/p><div id=\"bghab-4514102\" class=\"bghab-icerik-icine bghab-entity-placement\"><script async src=\"\/\/pagead2.googlesyndication.com\/pagead\/js\/adsbygoogle.js?client=ca-pub-6203283170189293\" crossorigin=\"anonymous\"><\/script><ins class=\"adsbygoogle\" style=\"display:block; text-align:center;\" data-ad-client=\"ca-pub-6203283170189293\" \ndata-ad-slot=\"7303146466\" \ndata-ad-layout=\"in-article\"\ndata-ad-format=\"fluid\" data-full-width-responsive=\"true\"><\/ins>\n<script> \n(adsbygoogle = window.adsbygoogle || []).push({}); \n<\/script>\n<\/div>\n<p>Mynet<\/p>\n<p>&nbsp;<\/p>\n<div id=\"bghab-1089556542\" class=\"bghab-yazi-altinda bghab-entity-placement\"><div class=\"bghab-adlabel\">Reklamlar<\/div><script async src=\"https:\/\/pagead2.googlesyndication.com\/pagead\/js\/adsbygoogle.js\"><\/script>\r\n<!-- bghaber-yaz\u0131-sonu -->\r\n<ins class=\"adsbygoogle\"\r\n     style=\"display:block\"\r\n     data-ad-client=\"ca-pub-6203283170189293\"\r\n     data-ad-slot=\"4222328180\"\r\n     data-ad-format=\"auto\"\r\n     data-full-width-responsive=\"true\"><\/ins>\r\n<script>\r\n     (adsbygoogle = window.adsbygoogle || []).push({});\r\n<\/script><\/div><br style=\"clear: both; display: block; float: none;\"\/>","protected":false},"excerpt":{"rendered":"<p>K\u0131rklareli Belediyesi taraf\u0131ndan Yayla Mahallesinde in\u015fa edilen Atat\u00fcrk Evi t\u00fcm kesimlerin hayranl\u0131\u011f\u0131n\u0131 kazanmaya devam ediyor. Atat\u00fcrk Evini ziyaret eden Bulgaristan Edirne Ba\u015fkonsolosu Vassil Valcev, Konsoloslar<\/p>\n","protected":false},"author":29,"featured_media":27450,"comment_status":"closed","ping_status":"closed","sticky":false,"template":"","format":"standard","meta":{"advanced_seo_description":"","jetpack_seo_html_title":"","jetpack_seo_noindex":false,"_jetpack_memberships_contains_paid_content":false,"footnotes":""},"categories":[1,10],"tags":[],"class_list":["post-27449","post","type-post","status-publish","format-standard","has-post-thumbnail","hentry","category-haberler","category-kultur-sanat"],"jetpack_featured_media_url":"https:\/\/i0.wp.com\/www.bghaber.org\/bghaber\/wp-content\/uploads\/2018\/02\/bulgar-heyet-ataturk-evinde.jpg?fit=640%2C427&ssl=1","jetpack_sharing_enabled":true,"jetpack_likes_enabled":true,"jetpack-related-posts":[],"jetpack_shortlink":"https:\/\/wp.me\/pc2PfJ-78J","_links":{"self":[{"href":"https:\/\/www.bghaber.org\/bghaber\/wp-json\/wp\/v2\/posts\/27449","targetHints":{"allow":["GET"]}}],"collection":[{"href":"https:\/\/www.bghaber.org\/bghaber\/wp-json\/wp\/v2\/posts"}],"about":[{"href":"https:\/\/www.bghaber.org\/bghaber\/wp-json\/wp\/v2\/types\/post"}],"author":[{"embeddable":true,"href":"https:\/\/www.bghaber.org\/bghaber\/wp-json\/wp\/v2\/users\/29"}],"replies":[{"embeddable":true,"href":"https:\/\/www.bghaber.org\/bghaber\/wp-json\/wp\/v2\/comments?post=27449"}],"version-history":[{"count":0,"href":"https:\/\/www.bghaber.org\/bghaber\/wp-json\/wp\/v2\/posts\/27449\/revisions"}],"wp:featuredmedia":[{"embeddable":true,"href":"https:\/\/www.bghaber.org\/bghaber\/wp-json\/wp\/v2\/media\/27450"}],"wp:attachment":[{"href":"https:\/\/www.bghaber.org\/bghaber\/wp-json\/wp\/v2\/media?parent=27449"}],"wp:term":[{"taxonomy":"category","embeddable":true,"href":"https:\/\/www.bghaber.org\/bghaber\/wp-json\/wp\/v2\/categories?post=27449"},{"taxonomy":"post_tag","embeddable":true,"href":"https:\/\/www.bghaber.org\/bghaber\/wp-json\/wp\/v2\/tags?post=27449"}],"curies":[{"name":"wp","href":"https:\/\/api.w.org\/{rel}","templated":true}]}}