{"id":27447,"date":"2018-02-20T22:20:21","date_gmt":"2018-02-20T19:20:21","guid":{"rendered":"http:\/\/www.bghaber.org\/bghaber\/?p=27447"},"modified":"2019-07-06T20:58:55","modified_gmt":"2019-07-06T17:58:55","slug":"bulgaristan-sinir-kontrollerinin-kaldirilmasini-istiyor","status":"publish","type":"post","link":"https:\/\/www.bghaber.org\/bghaber\/bulgaristan-sinir-kontrollerinin-kaldirilmasini-istiyor\/","title":{"rendered":"Bulgaristan s\u0131n\u0131r kontrollerinin kald\u0131r\u0131lmas\u0131n\u0131 istiyor"},"content":{"rendered":"<p>Avrupa Birli\u011fi (AB) Konseyi d\u00f6nem ba\u015fkan\u0131 Bulgaristan Almanya ile di\u011fer d\u00f6rt AB \u00fclkesine AB \u00fclkeleri aras\u0131ndaki s\u0131n\u0131r kontrollerinin kald\u0131r\u0131lmas\u0131 \u00e7a\u011fr\u0131s\u0131nda bulundu. Bulgaristan D\u0131\u015fi\u015fleri Bakan\u0131 ve Ba\u015fbakan yard\u0131mc\u0131s\u0131 Ekaterine Zaharieva Alman Die Welt gazetesine yapt\u0131\u011f\u0131 a\u00e7\u0131klamada, Almanya, Avusturya, Danimarka, \u0130sve\u00e7 ve AB \u00fcyesi olmayan Norve\u00e7&#8217;in m\u00fclteci krizinden kaynaklanan s\u0131n\u0131rlardaki g\u00fcvenlik sorunlar\u0131 nedeniyle \u015eengen B\u00f6lgesi&#8217;ndeki s\u0131n\u0131r kontrollerini may\u0131s ay\u0131na kadar s\u00fcrd\u00fcrebilece\u011fini s\u00f6yledi. Bakan, &#8220;kontrollerin May\u0131s ay\u0131ndan sonra uzat\u0131lmamas\u0131n\u0131n isabetli olaca\u011f\u0131n\u0131&#8221; belirtti.<\/p>\n<p>Bulgaristan D\u0131\u015fi\u015fleri Bakan\u0131 Zaharieva, ekonominin zarar g\u00f6rmemesi i\u00e7in \u015eengen B\u00f6lgesi s\u0131n\u0131rlar\u0131n\u0131n a\u00e7\u0131k kalmas\u0131 gerekti\u011fini ve i\u00e7 s\u0131n\u0131rlardaki kontrollerin &#8220;AB&#8217;nin serbest dola\u015f\u0131m de\u011ferlerine&#8221; ters d\u00fc\u015ft\u00fc\u011f\u00fcn\u00fc s\u00f6yledi.<\/p>\n<p><strong>&#8220;Bulgaristan \u015eengen \u00fclkesi olmal\u0131&#8221;<\/strong><\/p>\n<p>Bulgaristan AB \u00fclkelerinin y\u0131l sonuna kadar Bulgaristan&#8217;\u0131n \u015eengen B\u00f6lgesine d\u00e2hil edilmesine onay vermesini bekliyor. Bulgaristan ve Romanya&#8217;n\u0131n \u015eengen \u00fclkesi olmay\u0131 hak etti\u011fini belirten D\u0131\u015fi\u015fleri bakan\u0131 Zaharieva &#8220;kriterleri yerine getirdiklerini ve AB&#8217;nin d\u0131\u015f s\u0131n\u0131rlar\u0131n\u0131 korumak i\u00e7in \u00e7ok \u015fey yapt\u0131klar\u0131n\u0131&#8221; s\u00f6zlerine ekledi.<\/p>\n<p>Almanya, 2015 y\u0131l\u0131n\u0131n Eyl\u00fcl ay\u0131ndaki m\u00fclteci ak\u0131n\u0131 nedeniyle Avusturya s\u0131n\u0131r\u0131ndaki kontrolleri yeniden ba\u015flatan ilk \u015eengen \u00fclkesi olmu\u015ftu. Ard\u0131ndan Avusturya, Danimarka, \u0130sve\u00e7 ve Norve\u00e7&#8217;te de s\u0131n\u0131r kontrolleri ba\u015flam\u0131\u015ft\u0131. AB Komisyonu uzun s\u00fcredir m\u00fclteci krizi nedeniyle ba\u015flat\u0131lan kontrollerin kald\u0131r\u0131lmas\u0131n\u0131 talep ediyor.<\/p><div id=\"bghab-2195943864\" class=\"bghab-icerik-icine bghab-entity-placement\"><script async src=\"\/\/pagead2.googlesyndication.com\/pagead\/js\/adsbygoogle.js?client=ca-pub-6203283170189293\" crossorigin=\"anonymous\"><\/script><ins class=\"adsbygoogle\" style=\"display:block; text-align:center;\" data-ad-client=\"ca-pub-6203283170189293\" \ndata-ad-slot=\"7303146466\" \ndata-ad-layout=\"in-article\"\ndata-ad-format=\"fluid\" data-full-width-responsive=\"true\"><\/ins>\n<script> \n(adsbygoogle = window.adsbygoogle || []).push({}); \n<\/script>\n<\/div>\n<p>&nbsp;<\/p>\n<p>DW<\/p>\n<div id=\"bghab-1761806187\" class=\"bghab-yazi-altinda bghab-entity-placement\"><div class=\"bghab-adlabel\">Reklamlar<\/div><script async src=\"https:\/\/pagead2.googlesyndication.com\/pagead\/js\/adsbygoogle.js\"><\/script>\r\n<!-- bghaber-yaz\u0131-sonu -->\r\n<ins class=\"adsbygoogle\"\r\n     style=\"display:block\"\r\n     data-ad-client=\"ca-pub-6203283170189293\"\r\n     data-ad-slot=\"4222328180\"\r\n     data-ad-format=\"auto\"\r\n     data-full-width-responsive=\"true\"><\/ins>\r\n<script>\r\n     (adsbygoogle = window.adsbygoogle || []).push({});\r\n<\/script><\/div><br style=\"clear: both; display: block; float: none;\"\/>","protected":false},"excerpt":{"rendered":"<p>Avrupa Birli\u011fi (AB) Konseyi d\u00f6nem ba\u015fkan\u0131 Bulgaristan Almanya ile di\u011fer d\u00f6rt AB \u00fclkesine AB \u00fclkeleri aras\u0131ndaki s\u0131n\u0131r kontrollerinin kald\u0131r\u0131lmas\u0131 \u00e7a\u011fr\u0131s\u0131nda bulundu. Bulgaristan D\u0131\u015fi\u015fleri Bakan\u0131 ve<\/p>\n","protected":false},"author":29,"featured_media":24293,"comment_status":"closed","ping_status":"closed","sticky":false,"template":"","format":"standard","meta":{"advanced_seo_description":"","jetpack_seo_html_title":"","jetpack_seo_noindex":false,"_jetpack_memberships_contains_paid_content":false,"footnotes":""},"categories":[1,4],"tags":[],"class_list":["post-27447","post","type-post","status-publish","format-standard","has-post-thumbnail","hentry","category-haberler","category-siyaset"],"jetpack_featured_media_url":"https:\/\/i0.wp.com\/www.bghaber.org\/bghaber\/wp-content\/uploads\/2017\/10\/timthumb.jpg?fit=620%2C360&ssl=1","jetpack_sharing_enabled":true,"jetpack_likes_enabled":true,"jetpack-related-posts":[],"jetpack_shortlink":"https:\/\/wp.me\/pc2PfJ-78H","_links":{"self":[{"href":"https:\/\/www.bghaber.org\/bghaber\/wp-json\/wp\/v2\/posts\/27447","targetHints":{"allow":["GET"]}}],"collection":[{"href":"https:\/\/www.bghaber.org\/bghaber\/wp-json\/wp\/v2\/posts"}],"about":[{"href":"https:\/\/www.bghaber.org\/bghaber\/wp-json\/wp\/v2\/types\/post"}],"author":[{"embeddable":true,"href":"https:\/\/www.bghaber.org\/bghaber\/wp-json\/wp\/v2\/users\/29"}],"replies":[{"embeddable":true,"href":"https:\/\/www.bghaber.org\/bghaber\/wp-json\/wp\/v2\/comments?post=27447"}],"version-history":[{"count":0,"href":"https:\/\/www.bghaber.org\/bghaber\/wp-json\/wp\/v2\/posts\/27447\/revisions"}],"wp:featuredmedia":[{"embeddable":true,"href":"https:\/\/www.bghaber.org\/bghaber\/wp-json\/wp\/v2\/media\/24293"}],"wp:attachment":[{"href":"https:\/\/www.bghaber.org\/bghaber\/wp-json\/wp\/v2\/media?parent=27447"}],"wp:term":[{"taxonomy":"category","embeddable":true,"href":"https:\/\/www.bghaber.org\/bghaber\/wp-json\/wp\/v2\/categories?post=27447"},{"taxonomy":"post_tag","embeddable":true,"href":"https:\/\/www.bghaber.org\/bghaber\/wp-json\/wp\/v2\/tags?post=27447"}],"curies":[{"name":"wp","href":"https:\/\/api.w.org\/{rel}","templated":true}]}}