{"id":27445,"date":"2018-02-20T18:15:24","date_gmt":"2018-02-20T15:15:24","guid":{"rendered":"http:\/\/www.bghaber.org\/bghaber\/?p=27445"},"modified":"2019-06-19T20:26:10","modified_gmt":"2019-06-19T17:26:10","slug":"eksik-olan","status":"publish","type":"post","link":"https:\/\/www.bghaber.org\/bghaber\/eksik-olan\/","title":{"rendered":"Eksik Olan"},"content":{"rendered":"<p>Yazan: Raziye \u00c7ak\u0131r<\/p>\n<p>Tarih: 19 \u015eubat 2018<\/p>\n<p>Konu:\u00a0 <strong>Sabah ektim ak\u015fam bi\u00e7tim diye bir \u015fey yok. <\/strong><\/p>\n<p><strong>\u00a0\u00a0\u00a0\u00a0\u00a0\u00a0\u00a0\u00a0\u00a0\u00a0\u00a0 Nesillerin n\u00f6bet de\u011fi\u015fimi 30 y\u0131lda bir olur. <\/strong><\/p>\n<p><strong>\u00a0 \u00a0<\/strong>Son y\u0131llarda Bulgaristan konusunda \u00e7\u0131kan yaz\u0131larda eksik olan bir \u015feyler oldu\u011fu sonucuna vard\u0131m. Olaylar\u0131n yorumunda, dinimizde ve ya\u015fam tarz\u0131m\u0131zda olmayan bir \u015fey var Hristiyanlar, \u015eubat ay\u0131n\u0131n ikinci yar\u0131s\u0131nda <strong>Af dileme g\u00fcnleri<\/strong> gibi birtak\u0131m t\u00f6renlere toplan\u0131yor. An\u0131tlara \u00e7i\u00e7ek ve \u00e7elenk ta\u015f\u0131n\u0131yor.\u00a0 Fakat af dileme g\u00fcn\u00fcnde birbirleriyle kucakla\u015f\u0131p, el \u00f6p\u00fcp, \u00f6z\u00fcr dileyip husumeti a\u015fmalar\u0131na, herkes kendi \u015fehidinin an\u0131t levhas\u0131 \u00f6n\u00fcnde dua ediyor. Bulgaristan\u2019da da Ulusal An\u0131tlar var. \u00d6rne\u011fin 19 \u015eubat\u2019ta Osmanl\u0131ya kar\u015f\u0131 500 komite kuran Vasil Levski an\u0131l\u0131yor. Ayn\u0131 t\u00f6rende Cumhurba\u015fkan\u0131 Radev ile Ba\u015fbakan Borisov yan yana durmad\u0131. Ge\u00e7mi\u015f sanki parsellenmi\u015f.\u00a0 Bu, bir bak\u0131ma tepinme gibi bir \u015fey oluyor ve ertesi g\u00fcn toplum ayn\u0131 konularda yerinde saymaya devam ediyor.<\/p><div id=\"bghab-455103328\" class=\"bghab-icerik-icine bghab-entity-placement\"><script async src=\"\/\/pagead2.googlesyndication.com\/pagead\/js\/adsbygoogle.js?client=ca-pub-6203283170189293\" crossorigin=\"anonymous\"><\/script><ins class=\"adsbygoogle\" style=\"display:block; text-align:center;\" data-ad-client=\"ca-pub-6203283170189293\" \ndata-ad-slot=\"7303146466\" \ndata-ad-layout=\"in-article\"\ndata-ad-format=\"fluid\" data-full-width-responsive=\"true\"><\/ins>\n<script> \n(adsbygoogle = window.adsbygoogle || []).push({}); \n<\/script>\n<\/div>\n<p>Bizde ki\u015filer ya da aileler aras\u0131nda beliren so\u011fukluk ve k\u0131rg\u0131nl\u0131klar\u0131n a\u015f\u0131lmas\u0131nda, bayramla\u015fma, \u00f6z\u00fcr dileme, beraber yemek yeme vs gibi geleneksel yakla\u015f\u0131m \u00f6nemli rol oynar. Bulgarlarda bu i\u015fin kriterleri\u00a0 (k\u0131staslar\u0131) sanki kesin de\u011fil.<\/p>\n<p>Toplumsal ar\u0131nmak, bir halk\u0131n ge\u00e7mi\u015fte i\u015flenen su\u00e7lardan kendisini su\u00e7lu g\u00f6rmesiyle ba\u015flar. Ne var ki, Hristiyanlarda ar\u0131nma sanki \u00f6tekini su\u00e7lamakla ba\u015flay\u0131p bitiyor. Toplumda k\u00f6t\u00fc olan i\u00e7in \u201d<strong>Bulgar i\u015fi<\/strong>\u201d de\u011fimi yerle\u015fmi\u015f, fakat hi\u00e7 kimse kendisini \u201c<strong>Bulgar i\u015fi<\/strong>\u201d yapanlar\u0131n aras\u0131nda g\u00f6rm\u00fcyor. Kendisini su\u00e7layan yok. \u00dczerinden 35 y\u0131l ge\u00e7mesine ra\u011fmen s.o. \u201c<strong>Soya d\u00f6n\u00fc\u015f s\u00fcreci<\/strong>\u201d bizim k\u00fcstahl\u0131\u011f\u0131m\u0131zd\u0131, zul\u00fcm ettik, \u00f6z\u00fcr dileriz, diyen \u00e7\u0131kmad\u0131. Bu gibi nedenlerle bug\u00fcn Bulgaristan\u2019da \u00f6zg\u00fcrl\u00fck yok. \u00d6zg\u00fcrl\u00fck olmayan yerde adalet olamaz ve adaletsiz bir demokrasinin bir anar\u015fi oldu\u011funu herkes g\u00f6rebiliyor.<\/p>\n<p><strong>Yeni siyaset\u00e7iler \u201ckazanda\u201d kaynarken eriyor.<\/strong><\/p>\n<p>Bug\u00fcn 20 \u015eubat. 7 y\u0131l \u00f6nce ayn\u0131 tarihte Boyko Borisov\u2019un 1. h\u00fck\u00fcmeti istifa etmi\u015fti. Gerek\u00e7esi \u015fi\u015firilmi\u015f elektrik faturalar\u0131 ve g\u00f6sterilerde bir gencin \u00f6ld\u00fcr\u00fclmesi oldu. Bu istifan\u0131n ger\u00e7ek nedenlerinin perde arkas\u0131 anla\u015f\u0131lamad\u0131.3. h\u00fckumetini kuran Borisov reform yapmak istemiyor. De\u011fi\u015fikliklere kar\u015f\u0131. \u0130kinci ve 3. h\u00fckumetinde sava\u015f meydan\u0131na kendi partisiyle \u00e7\u0131km\u0131yor. 2. h\u00fckumetinde <strong>Reformcu Blok<\/strong> partilerini y\u0131pratt\u0131 ve yok etti. 3. h\u00fckumete ald\u0131\u011f\u0131 ve kendilerine bakanl\u0131klar\u0131 da\u011f\u0131tt\u0131\u011f\u0131 s\u00f6zde \u201c<strong>Yurtsever Cephe\u201d <\/strong>\u00a0asl\u0131nda bir avu\u00e7 milliyet\u00e7i.<\/p>\n<p><strong>VMRO<\/strong>\u2019nun 11, \u201c<strong>Ataka<\/strong>\u201dn\u0131n 7 ve \u201c<b>Bulgaristan&#8217;\u0131\u00a0Kurtarma Cephesi<\/b>\u201d nin serserilerinin de 9 milletvekili var. Fakat onlara 2 Ba\u015fbakan Yard\u0131mc\u0131l\u0131\u011f\u0131, Savunma, Ekonomi ve \u00c7evre bakanl\u0131klar\u0131 ve her bakanl\u0131kta birer bakan yard\u0131mc\u0131l\u0131\u011f\u0131 verildi. \u00d6yle oldu ki, a\u015f\u0131r\u0131 milliyet\u00e7i fa\u015fistler dedi\u011fimiz bu g\u00fc\u00e7ler, bug\u00fcn Bulgaristan\u2019\u0131 y\u00f6netiyor. Onlar\u0131n bu y\u00fck\u00fc ta\u015f\u0131yamayacaklar\u0131 ortada, e\u015fek olsalar belleri k\u0131r\u0131l\u0131r. Onun i\u00e7in bug\u00fcn\u00fcn kavgas\u0131, bug\u00fcn ve gelece\u011fimiz i\u00e7in de\u011fil, ge\u00e7mi\u015fimiz i\u00e7in k\u0131z\u0131\u015ft\u0131 ve serle\u015fti.<\/p><div id=\"bghab-442624351\" class=\"bghab-icerik-icine-10-paragraf bghab-entity-placement\"><script async src=\"\/\/pagead2.googlesyndication.com\/pagead\/js\/adsbygoogle.js?client=ca-pub-6203283170189293\" crossorigin=\"anonymous\"><\/script><ins class=\"adsbygoogle\" style=\"display:block; text-align:center;\" data-ad-client=\"ca-pub-6203283170189293\" \ndata-ad-slot=\"7303146466\" \ndata-ad-layout=\"in-article\"\ndata-ad-format=\"fluid\" data-full-width-responsive=\"true\"><\/ins>\n<script> \n(adsbygoogle = window.adsbygoogle || []).push({}); \n<\/script>\n<\/div>\n<p>Tarihi yeniden ba\u015flatmak fikri bir sa\u00e7mal\u0131kt\u0131r. \u00c7\u00fcnk\u00fc bug\u00fcn d\u00fcn\u00fcn devam\u0131 oldu\u011fu gibi yar\u0131na \u00a0ta\u015f\u0131y\u0131c\u0131 \u00f6zd\u00fcr. Ya\u015fad\u0131\u011f\u0131 g\u00fcn\u00fc tan\u0131mayan, yar\u0131na ad\u0131m atamaz. Yar\u0131na atlayamaz. Tarihi d\u00fc\u015f\u00fcnen, \u00f6nce kesintisiz akan bir \u0131rma\u011f\u0131 d\u00fc\u015f\u00fcnmelidir.<\/p>\n<p><strong>\u201cG\u00f6l\u201d dedikleri memleketimizdir.<\/strong><\/p>\n<p>Bulgaristan devletinin ya\u015f\u0131 140. Devlet tarihin de insan gibi emekleme, tay durma, \u00e7ocukluk, gen\u00e7lik ve olgunluk \u00e7a\u011flar\u0131 vard\u0131r. Bu i\u015fte, ama ben \u00f6mr\u00fcm\u00fcn \u015fu y\u0131llar\u0131ndan utan\u0131yorum. Onlar\u0131 hayat yolumdan silin diye bir \u015fey olamaz. \u00c7ocuklumda alt\u0131ma yapm\u0131\u015f\u0131m, birka\u00e7 defa \u00e7amura batm\u0131\u015f, batakl\u0131\u011fa d\u00fc\u015fm\u00fc\u015f\u00fcm, aya\u011f\u0131m burkulmu\u015f da, bug\u00fcn topall\u0131yorum. S\u0131zlayanlar gen\u00e7li\u011fimde k\u0131r\u0131lan kemiklerimdir. O y\u0131llar\u0131n hepsini silin, denmez. \u00c7\u00fcnk\u00fc ya\u015fland\u0131\u011f\u0131n\u0131zda s\u0131zlayan o kal\u0131n kemikler, \u00e7ocuklu\u011funuzun s\u00fct kemiklerdir. Bulgaristan da 4 dibe vuru\u015f felaketi ya\u015fad\u0131 ve bug\u00fcn \u201c<strong>batakl\u0131ktan<\/strong>\u201d s\u00f6z ediyoruz. Halk oylamalar\u0131ndan sonu\u00e7 al\u0131nam\u0131yor. Ba\u015fbakan \u201cBelene\u201d Atom Elektrik Santrali i\u00e7in \u201c<strong>g\u00f6l<\/strong>\u201d dedi. Bu \u201c<strong>g\u00f6l<\/strong>\u201d memleketin i\u00e7inde bulundu\u011fu durumdur.<\/p>\n<p><strong>Bulgar kazan\u0131nda ne kayn\u0131yor? <\/strong><\/p>\n<p>Bu sorunun cevab\u0131nda, Bulgar kazan\u0131nda Bulgaristan\u2019dan ba\u015fka kaynayan hi\u00e7bir \u015fey yoktur! dedi\u011fimizde do\u011fruyu ve ger\u00e7e\u011fi s\u00f6ylemi\u015f oluruz. Kazanda b\u00fcy\u00fck bir kemik oldu\u011fu dikkat \u00e7ekiyor. Bu \u00f6yle bir kemik ki, k\u0131rsan k\u0131r\u0131lm\u0131yor, \u00e7\u0131karsan \u00e7\u0131kmaz. Sanki kaynarken \u015fi\u015fmi\u015f ve kazan\u0131 hemen hemen doldurmu\u015f.<\/p><div id=\"bghab-2509522849\" class=\"bghab-icerik-icine-15-paragraf bghab-entity-placement\"><script async src=\"\/\/pagead2.googlesyndication.com\/pagead\/js\/adsbygoogle.js?client=ca-pub-6203283170189293\" crossorigin=\"anonymous\"><\/script><ins class=\"adsbygoogle\" style=\"display:block; text-align:center;\" data-ad-client=\"ca-pub-6203283170189293\" \ndata-ad-slot=\"7303146466\" \ndata-ad-layout=\"in-article\"\ndata-ad-format=\"fluid\" data-full-width-responsive=\"true\"><\/ins>\n<script> \n(adsbygoogle = window.adsbygoogle || []).push({}); \n<\/script>\n<\/div>\n<p><strong>\u0130\u00e7 i\u015flerine kat\u0131\u015fma nas\u0131l anla\u015f\u0131lmal\u0131d\u0131r?<\/strong><\/p>\n<p>Bizim atalar\u0131m\u0131z ve ailelerimiz de, kazan i\u00e7indeki bu acayip \u015feyden, bu ucubeden korktuklar\u0131 i\u00e7in g\u00f6\u00e7 etmi\u015fler. Olay\u0131 \u015f\u00f6yle anlatabilirim. Osmanl\u0131dan koptuktan sonra (1878) M\u00fcsl\u00fcmanlar\u0131, evlerinden, k\u00f6ylerinden, topraklar\u0131ndan kovmak amac\u0131yla kazan\u0131n i\u00e7ine domuz pa\u00e7as\u0131 atan Bulgarlar, bu al\u00e7ak niyetlerinden hala vazge\u00e7mediler. Hatta ge\u00e7en hafta, Say\u0131n Recep T. Erdo\u011fan\u2019\u0131n Varna\u2019ya yapaca\u011f\u0131 ziyareti vesile ederek, Ba\u015fkan Boyko Borisov\u2019la tak\u0131\u015fan Cumhurba\u015fkan\u0131 Rumen Radev\u2019in, \u201c<strong>T\u00fcrkiye ile \u0130\u00e7 \u0130\u015flerimize kar\u0131\u015fmas\u0131n Bildirisi<\/strong>\u201d imzalanmas\u0131nda \u0131srar etmesinin bir tek anlam\u0131 vard\u0131r:\u00a0 \u201c<strong>Kazanda domuz pa\u00e7as\u0131 kaynatmaya devam edece\u011fiz.<\/strong>\u201d Ne yaz\u0131k ki, Say\u0131n Radev, T\u00fcrk b\u00f6rek\u00e7i, d\u00f6nerci, baklavac\u0131, simit\u00e7i ve lokantac\u0131lar\u0131n Bulgar k\u00f6ftecilerden daha fazla oldu\u011funu hen\u00fcz kabul etmek istemiyor. \u015e\u00f6yle bir sorun da var. 3.5 milyon s\u0131\u011f\u0131nmac\u0131y\u0131, sava\u015f ka\u00e7a\u011f\u0131n\u0131 bar\u0131nd\u0131ran ve Bulgaristan\u2019a ge\u00e7melerine engel olurken, T.C. Bulgaristan\u2019\u0131n i\u00e7 i\u015flerine kar\u0131\u015fm\u0131yor mu acaba?<\/p>\n<p><strong>\u00c7ok etnikli ve \u00e7ok k\u00fclt\u00fcrl\u00fc siyasete neden a\u00e7\u0131lamad\u0131k?<\/strong><\/p>\n<p>Daha 1919 y\u0131l\u0131nda, N\u00f6yyi Antla\u015fmas\u0131n\u0131n imzaland\u0131\u011f\u0131 tarihte, B\u00fcy\u00fck devletler Bulgar \u00c7arl\u0131\u011f\u0131na \u201c<strong>kazan\u0131 bo\u015falt<\/strong>\u201d, bundan b\u00f6yle \u201c<strong>t\u00fcrl\u00fc g\u00fcve\u00e7<\/strong>\u201d yapacaks\u0131n demi\u015fti. Aleksand\u0131r Stanboliyski h\u00fck\u00fcmeti Bulgaristan\u2019da ya\u015fayan, T\u00fcrkler ba\u015fta olmak \u00fczere t\u00fcm antik, dil, din ve k\u00fclt\u00fcr az\u0131nl\u0131klar\u0131n\u0131n haklar\u0131n\u0131 ve \u00f6zg\u00fcrl\u00fcklerini tan\u0131may\u0131 kabul etmi\u015fti. Stamboliyski insanlar\u0131n okulda, \u00f6\u011fretim ve sanatla e\u011fitilebilece\u011fini biliyordu. Ahlak\u0131 ancak dinle yaratman\u0131n m\u00fcmk\u00fcn oldu\u011fu bilincindeydi. Haz\u0131ra bekleyen, ambardan yiyen, kalpazan, i\u015f bilmez insanlarda kalk\u0131nma, ilerleme, istikrar sa\u011flaman\u0131n olanaks\u0131z oldu\u011funa kesin inanm\u0131\u015ft\u0131. 1919\u2019da se\u00e7imle ba\u015fbakan olup, \u00c7ift\u00e7i idaresi kurmas\u0131ndan sadece 3 y\u0131l sonra en gaddar bir \u015fekilde can\u0131na k\u0131y\u0131lmas\u0131n\u0131n bir tek anlam\u0131 vard\u0131r. Kazan\u0131n i\u00e7ine yeniden domuz pa\u00e7as\u0131 atmak isteyenler ocak ba\u015f\u0131na ge\u00e7tiler. 1923 askeri darbesinin ba\u015fka bir anlam\u0131 yoktur ve olamaz. \u015eu asla unutulmamal\u0131d\u0131r. Ayn\u0131 y\u0131l Bulgaristan\u2019da bir i\u00e7 sava\u015f ba\u015flam\u0131\u015f, halk \u00f6nderi Al. Stamboliyski\u2019yi \u00f6ld\u00fcrenlerden \u00f6\u00e7 almak isteyenlerin, yaba ve t\u0131rpanla ayaklananlar\u0131n ba\u015flatt\u0131\u011f\u0131 direni\u015fler tam20 sene s\u00fcren ve 9 Eyl\u00fcl1944\u201349 hesapla\u015fmas\u0131yla sona eren bir \u0130\u00e7 Sava\u015f\u2019a d\u00f6n\u00fc\u015ft\u00fc. Bu i\u00e7 sava\u015fta irtica\u0131, tutuculu\u011fu,\u00a0 \u00c7ar II. Borisi ve \u00fclkemizi Nazi ate\u015fine atmak isteyen militarist g\u00fc\u00e7leri temsil edenlere kar\u015f\u0131, i\u015f\u00e7iler, k\u00f6yl\u00fcler ve az\u0131nl\u0131k topluluklar\u0131 direndiler. \u00c7ar parti listelerine g\u00f6re se\u00e7im yapmay\u0131 kald\u0131rd\u0131. Milletvekili adaylar\u0131n\u0131 kendisi g\u00f6sterdi ve istedi\u011fi ki\u015fileri meclise toplad\u0131. Ad\u0131na s\u00f6zde \u201cyeni demokrasi\u201d ad\u0131 verilen bu sistem otoriter fa\u015fizm ile totaliter kom\u00fcnist rejim aras\u0131nda bir \u015feydi. Daha o zaman i\u00e7 siyasette birbirine giren taraflar aras\u0131nda uzla\u015fma aran\u0131yor, fakat bir t\u00fcrl\u00fc bulunam\u0131yordu. D\u0131\u015f siyasette Nazilere ba\u011flanan Bulgaristan s\u00f6m\u00fcrgele\u015ftirilmi\u015fti. Bu d\u00f6nemin en \u00f6nemli olaylar\u0131ndan biri 1934 askeri darbesi ve idarenin tamamen III. Boris\u2019in eline ge\u00e7mesi, demokrasi ve az\u0131nl\u0131k d\u00fc\u015fmanl\u0131\u011f\u0131n\u0131n t\u0131rmanarak \u015fiddetlenmesi oldu. Pomaklar\u0131n isimleri zorla de\u011fi\u015ftiriliyor, T\u00fcrkler g\u00f6\u00e7e zorlan\u0131yordu. O y\u0131llarda okullar\u0131m\u0131z, derneklerimiz, bas\u0131n yay\u0131n organlar\u0131m\u0131z kapat\u0131ld\u0131, T\u00fcrk kimli\u011fimiz eritiliyordu.<\/p>\n<p>K\u0131sacas\u0131 fa\u015fist \u015fiddet ortam\u0131nda yeti\u015fenler, zul\u00fcm ya\u015fad\u0131lar, zulme al\u0131\u015famad\u0131lar, kendileri de zul\u00fcml\u00fc rejim kurdular.<\/p><div id=\"bghab-3016975679\" class=\"bghab-icerik-icine-20-paragraf bghab-entity-placement\"><script async src=\"\/\/pagead2.googlesyndication.com\/pagead\/js\/adsbygoogle.js?client=ca-pub-6203283170189293\" crossorigin=\"anonymous\"><\/script><ins class=\"adsbygoogle\" style=\"display:block; text-align:center;\" data-ad-client=\"ca-pub-6203283170189293\" \ndata-ad-slot=\"7303146466\" \ndata-ad-layout=\"in-article\"\ndata-ad-format=\"fluid\" data-full-width-responsive=\"true\"><\/ins>\n<script> \n(adsbygoogle = window.adsbygoogle || []).push({}); \n<\/script>\n<\/div>\n<p><strong>Kayna\u011f\u0131 olmayan \u0131rmaktan su i\u00e7meyiniz!<\/strong><\/p>\n<p>O d\u00f6nemin fa\u015fizm oldu\u011funu iddia ederken, idam cezalar\u0131na, Yahudilerin ve \u00c7ingenelerin \u00f6l\u00fcm kamp\u0131na g\u00f6sterilmesi i\u00e7in son imzan\u0131n her zaman \u00c7ar Boris taraf\u0131ndan at\u0131ld\u0131\u011f\u0131 i\u00e7in rejime totaliter denir. 1923 \u2013 1944 y\u0131llar\u0131 aras\u0131nda do\u011fup yeti\u015fen \u00e7ocuklar Bulgaristan\u2019\u0131 1944\u2019ten 1989\u2019a kadar y\u00f6neteceklerdi. Bu ku\u015fak fa\u015fist diktat\u00f6rl\u00fck, i\u00e7 sava\u015f, sol ve cephenin birbirine k\u0131yas\u0131ya sald\u0131rd\u0131\u011f\u0131, Devleti Koruma Yasas\u0131 adl\u0131 fa\u015fist zul\u00fcm yasas\u0131n\u0131n y\u00fcr\u00fcrl\u00fckte oldu\u011fu y\u0131llarda, babalar\u0131n\u0131n kovu\u015fturuldu\u011fu, s\u0131k\u0131 sava\u015f rejimi ko\u015fullar\u0131nda yeti\u015ftiler. O y\u0131llarda Bulgaristan\u2019\u0131n bilgesi olarak bilinen D\u0131nov, \u201c<strong>kayna\u011f\u0131 olmayan \u0131rmaktan su i\u00e7meyiniz<\/strong>\u201d buyuruyordu. Bulgar fa\u015fizmi Nazilerden al\u0131nd\u0131. D\u0131\u015f k\u00f6kenliydi. \u0130nsan karde\u015fli\u011finin d\u00fc\u015fman\u0131yd\u0131.<\/p>\n<p><strong>Bilim adamlar\u0131n\u0131n g\u00f6z\u00fcyle.<\/strong><\/p>\n<p>G\u00fcn\u00fcm\u00fczde bilge ki\u015filerden biri olarak bilinen Sofya \u00dcniversitesi Rekt\u00f6rlerinden ve tarih Profes\u00f6r\u00fc,\u00a0 tart\u0131\u015fmal\u0131 1944 analizlerinde, idare eden nesillerin de\u011fi\u015fmesi konusunda \u015f\u00f6yle diyor:\u00a0 Bug\u00fcn Bulgar kazan\u0131nda kaynayanlar \u00fcst\u00fcne halk tart\u0131\u015fmas\u0131 k\u0131z\u0131\u015f\u0131yor. Halk Mahkemesi Buz Da\u011f\u0131\u2019n\u0131n (eisberg) yaln\u0131z g\u00f6r\u00fcnen k\u0131sm\u0131d\u0131r.\u00a0 Mahkemeye \u00e7\u0131kar\u0131lmadan, dinlenmeden, su\u00e7lanmadan \u00f6ld\u00fcr\u00fclenlerin say\u0131s\u0131 5 ile 10 bin aras\u0131ndad\u0131r. 1944\u20131949 aras\u0131nda Bulgaristan bir salhanedir.<\/p>\n<p>Halk Mahkemesi 1944\u2019\u00fcn Ekim ay\u0131nda kuruldu. \u0130tham eden Ba\u015fsavc\u0131 Georgi Petrov idi. Naipler, 3 ba\u015fbakan, bakanlar, bakanlar, 67 milletvekili, Genel Kurmay \u00fcyeleri, y\u00fcksek devlet g\u00f6revlileri, bir\u00e7ok bilim ve sanat adam\u0131, burjuva s\u0131n\u0131f\u0131n\u0131n kayma\u011f\u0131 \u00f6ld\u00fcr\u00fcld\u00fc. Y\u00fcksek Halk Mahkemesi 3000 (\u00fc\u00e7 bin) mahkeme karar\u0131na imza att\u0131, kalem k\u0131rd\u0131. \u00d6ld\u00fcr\u00fclenlerin say\u0131s\u0131 10 bindir. Halk Mahkemesi politik d\u00fc\u015fmanla hesapla\u015fma arac\u0131 olarak kullan\u0131ld\u0131.<\/p><div id=\"bghab-1732002882\" class=\"bghab-icerik-icine-25-paragraf bghab-entity-placement\"><script async src=\"\/\/pagead2.googlesyndication.com\/pagead\/js\/adsbygoogle.js?client=ca-pub-6203283170189293\" crossorigin=\"anonymous\"><\/script><ins class=\"adsbygoogle\" style=\"display:block; text-align:center;\" data-ad-client=\"ca-pub-6203283170189293\" \ndata-ad-slot=\"7303146466\" \ndata-ad-layout=\"in-article\"\ndata-ad-format=\"fluid\" data-full-width-responsive=\"true\"><\/ins>\n<script> \n(adsbygoogle = window.adsbygoogle || []).push({}); \n<\/script>\n<\/div>\n<p>1923\u2019te Ba\u015fbakan Al. Staboliyski, 1923, 1934 darbeleri ve fa\u015fist d\u00f6nemde \u00f6ld\u00fcr\u00fclenler i\u00e7in af yoksa Halk Mahkemesi karar\u0131yla idam edilenler i\u00e7in de af diye bir \u015fey olamaz.\u00a0 Bu 20 y\u0131lda toplum kendi kendiyle hesapla\u015f\u0131rken ikiye b\u00f6l\u00fcnd\u00fc. Hi\u00e7 bir \u015fey unutulmad\u0131. Toplama kamplar\u0131ndan ge\u00e7en 165 bin ki\u015fi de hi\u00e7bir \u015feyi unutmam\u0131\u015ft\u0131r. 1950 g\u00f6\u00e7\u00fcnde T\u00fcrkiye\u2019ye g\u00f6nderilenler de.<\/p>\n<p>Ve i\u015fte b\u00f6yle bir ortamda, sosyalizm kurmak, bar\u0131\u015fmak, insanlar aras\u0131nda karde\u015flik kurmak i\u00e7in 1944\u2019te iktidar olan g\u00fc\u00e7lerin hepsi ba\u015fka bir yerde de\u011fil, 1923\u20131944 y\u0131llar\u0131 aras\u0131nda kaynayanBulgar Fa\u015fizm Kazan\u0131 i\u00e7inde e\u011fitilmi\u015fler, su alm\u0131\u015flard\u0131. Onlar fa\u015fist-monar\u015f\u0131 toplumundan ba\u015fka bir toplum g\u00f6rmediklerinden bilin\u00e7, irade ve emelde \u00e7arp\u0131kt\u0131lar. \u00d6\u00e7 alman\u0131n mutlulu\u011fu ile y\u00f6nettiler. Kurmaya \u00e7al\u0131\u015ft\u0131klar\u0131, ad\u0131na kom\u00fcnizm denen toplum d\u00fczeni, \u00e7arp\u0131k devlet sosyalizmiydi. 1973\u2019ten sonra totaliter devlet rejimine d\u00f6n\u00fc\u015ft\u00fc ve fa\u015fizm uygulamas\u0131n\u0131 tekrar etti. \u201c<strong>Belene<\/strong>\u201d \u00f6l\u00fcm kamp\u0131, 1949\u2019da Bulgar rejim d\u00fc\u015fmanlar\u0131 i\u00e7in a\u00e7\u0131l\u0131rken, Tuna ortas\u0131ndaki Persin adas\u0131na 1985\u2019te T\u00fcrkler topland\u0131. Bulgar sosyalizminde Marks ve Engels fikirlerinden zerre bile yoktur. \u0130nsan karde\u015fli\u011finden, e\u015fit hakl\u0131l\u0131ktan, ki\u015fisel ve kolektif \u00f6zg\u00fcrl\u00fcklerden s\u00f6z bile edilemez. 1972\u2019de ve 1984-1989 d\u00f6nemlerinde M\u00fcsl\u00fcman dini az\u0131nl\u0131k toplumuna devletin ter\u00f6r g\u00fcc\u00fcyle sald\u0131r\u0131lm\u0131\u015f, insan\u0131n kutsallar\u0131, ismi, dili, dini, hak ve \u00f6zg\u00fcrl\u00fckleri hi\u00e7 say\u0131lm\u0131\u015f ve ayak alt\u0131na al\u0131nm\u0131\u015ft\u0131r. Bulgar devleti kolluk g\u00fc\u00e7lerle kendi vatanda\u015flar\u0131n\u0131, az\u0131nl\u0131klar\u0131 ezmi\u015ftir. Kurbanlar verilmi\u015f. \u015eehitler d\u00fc\u015fm\u00fc\u015ft\u00fcr. Daha \u00f6nce Bulgaristan tarihinde olmayan bi\u015fr\u015fey olmu\u015f ve 500 bin ki\u015fi birden\u00fclkeyi terk etmi\u015ftir. Ve i\u015fte bu zulm\u00fc yapan ku\u015fak, 1989\u2019dan sonra iktidar olmu\u015ftur.\u00a0 E\u011fitimini kom\u00fcnist totalitarizm y\u0131llar\u0131nda alan bu ku\u015fa\u011f\u0131n milliyet\u00e7ili\u011finin T\u00fcrk, M\u00fcsl\u00fcman, Az\u0131nl\u0131klar, \u0130slam, \u00f6teki olan d\u00fc\u015fmanl\u0131\u011f\u0131na dayand\u0131\u011f\u0131n\u0131 g\u00f6rmeyen yoktur. Babalar\u0131 fa\u015fist totalitarizm (1923-1944), kendileri kom\u00fcnist-totalitarizm (1973-1989)\u00a0 d\u00f6neminde yeti\u015fmi\u015f bu ikinci ku\u015faktan 1990\u2019da demokratik, \u00f6zg\u00fcrl\u00fck\u00e7\u00fc, insanlar\u0131n ki\u015fisel ve ortak \u00f6zg\u00fcrl\u00fcklerine sayg\u0131l\u0131, mal m\u00fclk\u00fcn dokunulmazl\u0131\u011f\u0131n\u0131, hukuk \u00fcst\u00fcnl\u00fc\u011f\u00fcn\u00fc, hayat\u0131n her dal\u0131nda adalet tesis eden bir Anayasa, yasa sistemi beklemek yanl\u0131\u015f oldu. Demokrasi \u00f6zlemiyle mayalanmayan, direnmeyen, ayaklanmayan insanlardan demokratik bir anayasa, adalete dayanan anayasal d\u00fczen, ho\u015fg\u00f6r\u00fc ve karde\u015flik beklemek yanl\u0131\u015f olurdu ve \u00f6yle de oldu. Ahmet Do\u011fan\u2019\u0131n 1990\u2019da ba\u015f\u0131m\u0131za sar\u0131lmas\u0131 bu ger\u00e7e\u011fe, t\u00fcm isteklerimizin bast\u0131r\u0131lmas\u0131 hesaplar\u0131na dayan\u0131r ve \u00f6yle de oldu.<\/p>\n<p><strong>De\u011fi\u015fen nedir?<\/strong><\/p>\n<p>2018\u2019de biz korku i\u00e7inde ya\u015famaya devam ediyoruz. Kazandaki ucube b\u00fcy\u00fcd\u00fck\u00e7e b\u00fcy\u00fcd\u00fc. Bug\u00fcn \u201c<strong>Bat\u0131 Avrupa \u0130slamla\u015facak<\/strong>\u201d, \u201c<strong>Bulgaristan g\u00f6\u00e7men ve s\u0131\u011f\u0131nmac\u0131 seli alt\u0131nda kalacak!<\/strong>\u201d yeni d\u00fc\u015fmanla ba\u015fa \u00e7\u0131kamayaca\u011f\u0131z gibi korkular \u015fi\u015firildik\u00e7e \u015fi\u015firiliyor. Ku\u015fkusuz bu, fa\u015fizm y\u0131llar\u0131nda huzur g\u00f6rmemi\u015f, kom\u00fcnizm y\u0131llar\u0131nda ezildik\u00e7e ezilmi\u015f, kimli\u011fine han\u00e7er saplanm\u0131\u015f ve s\u00f6zde demokrasi y\u0131llar\u0131nda hukuk \u00fcst\u00fcnl\u00fc\u011f\u00fc sa\u011flanamayan, temel haklar\u0131n\u0131 elde edemeyen, insan haklar\u0131ndan yoksun kalm\u0131\u015f vatanda\u015flar\u0131n, sivil toplum d\u00fczeni bile kuramadan ya\u015famak zorunda oldu\u011funu g\u00f6r\u00fcyoruz.<\/p>\n<p>Ayn\u0131 zamanda bir s\u0131ra ba\u015fka suni korkular da k\u0131\u015fk\u0131rt\u0131l\u0131yor. Bunlardan birisi, ter\u00f6rle sava\u015f\u0131 kazanan T\u00fcrkiye Cumhuriyeti\u2019nin s\u00f6zde h\u0131zla geli\u015fen b\u00fcy\u00fck ekonomisinden kaynaklanacakm\u0131\u015f. T\u00fcrkiye 21. as\u0131rda Avrupa Birli\u011fi\u2019ne \u00fcye olan t\u00fcm Do\u011fu Avrupa \u00fclkelerinden daha b\u00fcy\u00fck, dinamik ve devinim g\u00fcc\u00fc y\u00fcksek, girimci ve yat\u0131r\u0131mc\u0131 ekonomiye sahip, kendi silah\u0131n\u0131 kendisi \u00fcreten ve ba\u015f\u0131na buyruk hareket ederken, ata-topra\u011f\u0131 bildi\u011fi \u201c<strong>Balkanlara Do\u011fru Y\u00f6nelirse<\/strong>\u201d korkusudur.<\/p><div id=\"bghab-210276453\" class=\"bghab-icerik-icine-30-paragraf bghab-entity-placement\"><script async src=\"\/\/pagead2.googlesyndication.com\/pagead\/js\/adsbygoogle.js?client=ca-pub-6203283170189293\" crossorigin=\"anonymous\"><\/script><ins class=\"adsbygoogle\" style=\"display:block; text-align:center;\" data-ad-client=\"ca-pub-6203283170189293\" \ndata-ad-slot=\"7303146466\" \ndata-ad-layout=\"in-article\"\ndata-ad-format=\"fluid\" data-full-width-responsive=\"true\"><\/ins>\n<script> \n(adsbygoogle = window.adsbygoogle || []).push({}); \n<\/script>\n<\/div>\n<p>Ortada bir de kendi kendini yeniden \u00fcretemeyen tolumun, giderek tarihe kar\u0131\u015f\u0131p yok olma korkusu da var. Bundan kaynaklanan, \u201c<strong>benden sonras\u0131 tufan<\/strong>\u201d anlay\u0131\u015f\u0131nda, \u201c<strong>benim olmayan ba\u015fkas\u0131n\u0131n da olamaz<\/strong>!\u201d\u00a0 z\u0131rval\u0131\u011f\u0131 da var ki, hayat\u0131 stop ettiren zaten budur. Devlete kat\u0131lma, toplumda \u00f6nc\u00fc olma ve di\u011fer en temel edinimlerden yoksun olan az\u0131nl\u0131klar\u0131m\u0131z, ne ekerse eksin kar\u015f\u0131l\u0131\u011f\u0131n\u0131 alam\u0131yor. Devletine g\u00fcvenmeyen bir halk mutlu olamaz. Kayna\u011f\u0131 olmayan bir \u0131rmaktan su i\u00e7ilmedi\u011fi gibi.. \u00c7ok yoksuluz ve zenginlerle g\u00f6bek atmam\u0131z hepimizi d\u00fc\u015f\u00fcnd\u00fcrmelidir.<\/p>\n<div id=\"bghab-2025480863\" class=\"bghab-yazi-altinda bghab-entity-placement\"><div class=\"bghab-adlabel\">Reklamlar<\/div><script async src=\"https:\/\/pagead2.googlesyndication.com\/pagead\/js\/adsbygoogle.js\"><\/script>\r\n<!-- bghaber-yaz\u0131-sonu -->\r\n<ins class=\"adsbygoogle\"\r\n     style=\"display:block\"\r\n     data-ad-client=\"ca-pub-6203283170189293\"\r\n     data-ad-slot=\"4222328180\"\r\n     data-ad-format=\"auto\"\r\n     data-full-width-responsive=\"true\"><\/ins>\r\n<script>\r\n     (adsbygoogle = window.adsbygoogle || []).push({});\r\n<\/script><\/div><br style=\"clear: both; display: block; float: none;\"\/>","protected":false},"excerpt":{"rendered":"<p>Yazan: Raziye \u00c7ak\u0131r Tarih: 19 \u015eubat 2018 Konu:\u00a0 Sabah ektim ak\u015fam bi\u00e7tim diye bir \u015fey yok. \u00a0\u00a0\u00a0\u00a0\u00a0\u00a0\u00a0\u00a0\u00a0\u00a0\u00a0 Nesillerin n\u00f6bet de\u011fi\u015fimi 30 y\u0131lda bir olur. \u00a0<\/p>\n","protected":false},"author":13,"featured_media":31122,"comment_status":"closed","ping_status":"closed","sticky":false,"template":"","format":"standard","meta":{"advanced_seo_description":"","jetpack_seo_html_title":"","jetpack_seo_noindex":false,"_jetpack_memberships_contains_paid_content":false,"footnotes":""},"categories":[6],"tags":[],"class_list":["post-27445","post","type-post","status-publish","format-standard","has-post-thumbnail","hentry","category-yorum"],"jetpack_featured_media_url":"https:\/\/i0.wp.com\/www.bghaber.org\/bghaber\/wp-content\/uploads\/2018\/06\/k%C3%BC%C3%A7%C3%BCk-vesikal%C4%B1k.jpg?fit=332%2C500&ssl=1","jetpack_sharing_enabled":true,"jetpack_likes_enabled":true,"jetpack-related-posts":[],"jetpack_shortlink":"https:\/\/wp.me\/pc2PfJ-78F","_links":{"self":[{"href":"https:\/\/www.bghaber.org\/bghaber\/wp-json\/wp\/v2\/posts\/27445","targetHints":{"allow":["GET"]}}],"collection":[{"href":"https:\/\/www.bghaber.org\/bghaber\/wp-json\/wp\/v2\/posts"}],"about":[{"href":"https:\/\/www.bghaber.org\/bghaber\/wp-json\/wp\/v2\/types\/post"}],"author":[{"embeddable":true,"href":"https:\/\/www.bghaber.org\/bghaber\/wp-json\/wp\/v2\/users\/13"}],"replies":[{"embeddable":true,"href":"https:\/\/www.bghaber.org\/bghaber\/wp-json\/wp\/v2\/comments?post=27445"}],"version-history":[{"count":0,"href":"https:\/\/www.bghaber.org\/bghaber\/wp-json\/wp\/v2\/posts\/27445\/revisions"}],"wp:featuredmedia":[{"embeddable":true,"href":"https:\/\/www.bghaber.org\/bghaber\/wp-json\/wp\/v2\/media\/31122"}],"wp:attachment":[{"href":"https:\/\/www.bghaber.org\/bghaber\/wp-json\/wp\/v2\/media?parent=27445"}],"wp:term":[{"taxonomy":"category","embeddable":true,"href":"https:\/\/www.bghaber.org\/bghaber\/wp-json\/wp\/v2\/categories?post=27445"},{"taxonomy":"post_tag","embeddable":true,"href":"https:\/\/www.bghaber.org\/bghaber\/wp-json\/wp\/v2\/tags?post=27445"}],"curies":[{"name":"wp","href":"https:\/\/api.w.org\/{rel}","templated":true}]}}