{"id":27431,"date":"2018-02-20T10:51:06","date_gmt":"2018-02-20T07:51:06","guid":{"rendered":"http:\/\/www.bghaber.org\/bghaber\/?p=27431"},"modified":"2019-07-06T20:59:09","modified_gmt":"2019-07-06T17:59:09","slug":"avusturya-basbakani-sebastian-kurz-bulgaristana-geliyor","status":"publish","type":"post","link":"https:\/\/www.bghaber.org\/bghaber\/avusturya-basbakani-sebastian-kurz-bulgaristana-geliyor\/","title":{"rendered":"Avusturya Ba\u015fbakan\u0131 Sebastian Kurz Bulgaristan&#8217;a geliyor"},"content":{"rendered":"<p>Macaristan Ba\u015fbakan\u0131 Viktor Orban&#8217;\u0131n d\u00fcn Bulgaristan ziyaretinde bulunmas\u0131n\u0131n ard\u0131ndan bug\u00fcn Avusturya Ba\u015fbakan\u0131 Sebastian Kurz \u00fclkeye geliyor.<\/p>\n<p>Konu\u011fun Ba\u015fbakan Boyko Borisov&#8217;la ikili ili\u015fkileri ve AB kapsam\u0131ndaki i\u015fbirli\u011fi g\u00f6r\u00fc\u015fmesi ve Bulgaristan ile Avusturya&#8217;n\u0131n AB Konseyi d\u00f6nem ba\u015fkanl\u0131klar\u0131nda devaml\u0131l\u0131\u011fa vurgu yap\u0131lmas\u0131 bekleniyor.<\/p>\n<p>Avustura AB ba\u015fkanl\u0131\u011f\u0131n\u0131 Temmuz ay\u0131nda Bulgaristan&#8217;dan devralacak.<\/p>\n<p>&nbsp;<\/p>\n<p>BNR<\/p><div id=\"bghab-1448093445\" class=\"bghab-icerik-icine bghab-entity-placement\"><script async src=\"\/\/pagead2.googlesyndication.com\/pagead\/js\/adsbygoogle.js?client=ca-pub-6203283170189293\" crossorigin=\"anonymous\"><\/script><ins class=\"adsbygoogle\" style=\"display:block; text-align:center;\" data-ad-client=\"ca-pub-6203283170189293\" \ndata-ad-slot=\"7303146466\" \ndata-ad-layout=\"in-article\"\ndata-ad-format=\"fluid\" data-full-width-responsive=\"true\"><\/ins>\n<script> \n(adsbygoogle = window.adsbygoogle || []).push({}); \n<\/script>\n<\/div>\n<div id=\"bghab-2322449561\" class=\"bghab-yazi-altinda bghab-entity-placement\"><div class=\"bghab-adlabel\">Reklamlar<\/div><script async src=\"https:\/\/pagead2.googlesyndication.com\/pagead\/js\/adsbygoogle.js\"><\/script>\r\n<!-- bghaber-yaz\u0131-sonu -->\r\n<ins class=\"adsbygoogle\"\r\n     style=\"display:block\"\r\n     data-ad-client=\"ca-pub-6203283170189293\"\r\n     data-ad-slot=\"4222328180\"\r\n     data-ad-format=\"auto\"\r\n     data-full-width-responsive=\"true\"><\/ins>\r\n<script>\r\n     (adsbygoogle = window.adsbygoogle || []).push({});\r\n<\/script><\/div><br style=\"clear: both; display: block; float: none;\"\/>","protected":false},"excerpt":{"rendered":"<p>Macaristan Ba\u015fbakan\u0131 Viktor Orban&#8217;\u0131n d\u00fcn Bulgaristan ziyaretinde bulunmas\u0131n\u0131n ard\u0131ndan bug\u00fcn Avusturya Ba\u015fbakan\u0131 Sebastian Kurz \u00fclkeye geliyor. Konu\u011fun Ba\u015fbakan Boyko Borisov&#8217;la ikili ili\u015fkileri ve AB kapsam\u0131ndaki<\/p>\n","protected":false},"author":29,"featured_media":27432,"comment_status":"closed","ping_status":"closed","sticky":false,"template":"","format":"standard","meta":{"advanced_seo_description":"","jetpack_seo_html_title":"","jetpack_seo_noindex":false,"_jetpack_memberships_contains_paid_content":false,"footnotes":""},"categories":[1,4],"tags":[],"class_list":["post-27431","post","type-post","status-publish","format-standard","has-post-thumbnail","hentry","category-haberler","category-siyaset"],"jetpack_featured_media_url":"https:\/\/i0.wp.com\/www.bghaber.org\/bghaber\/wp-content\/uploads\/2018\/02\/Avusturya-Ba%C5%9Fbakan%C4%B1-Sebastian-Kurz.jpg?fit=1843%2C1037&ssl=1","jetpack_sharing_enabled":true,"jetpack_likes_enabled":true,"jetpack-related-posts":[],"jetpack_shortlink":"https:\/\/wp.me\/pc2PfJ-78r","_links":{"self":[{"href":"https:\/\/www.bghaber.org\/bghaber\/wp-json\/wp\/v2\/posts\/27431","targetHints":{"allow":["GET"]}}],"collection":[{"href":"https:\/\/www.bghaber.org\/bghaber\/wp-json\/wp\/v2\/posts"}],"about":[{"href":"https:\/\/www.bghaber.org\/bghaber\/wp-json\/wp\/v2\/types\/post"}],"author":[{"embeddable":true,"href":"https:\/\/www.bghaber.org\/bghaber\/wp-json\/wp\/v2\/users\/29"}],"replies":[{"embeddable":true,"href":"https:\/\/www.bghaber.org\/bghaber\/wp-json\/wp\/v2\/comments?post=27431"}],"version-history":[{"count":0,"href":"https:\/\/www.bghaber.org\/bghaber\/wp-json\/wp\/v2\/posts\/27431\/revisions"}],"wp:featuredmedia":[{"embeddable":true,"href":"https:\/\/www.bghaber.org\/bghaber\/wp-json\/wp\/v2\/media\/27432"}],"wp:attachment":[{"href":"https:\/\/www.bghaber.org\/bghaber\/wp-json\/wp\/v2\/media?parent=27431"}],"wp:term":[{"taxonomy":"category","embeddable":true,"href":"https:\/\/www.bghaber.org\/bghaber\/wp-json\/wp\/v2\/categories?post=27431"},{"taxonomy":"post_tag","embeddable":true,"href":"https:\/\/www.bghaber.org\/bghaber\/wp-json\/wp\/v2\/tags?post=27431"}],"curies":[{"name":"wp","href":"https:\/\/api.w.org\/{rel}","templated":true}]}}