{"id":27414,"date":"2018-02-20T14:00:16","date_gmt":"2018-02-20T11:00:16","guid":{"rendered":"http:\/\/www.bghaber.org\/bghaber\/?p=27414"},"modified":"2019-07-06T20:58:56","modified_gmt":"2019-07-06T17:58:56","slug":"cabo-verde-basbakani-sofyada","status":"publish","type":"post","link":"https:\/\/www.bghaber.org\/bghaber\/cabo-verde-basbakani-sofyada\/","title":{"rendered":"Cabo Verde Ba\u015fbakan\u0131 Sofya&#8217;da&#8230;"},"content":{"rendered":"<p>Sofya\u2019da Cabo Verde Ba\u015fbakan\u0131 Jose Ulisses de Pina Korreia e Silva ile yapt\u0131\u011f\u0131 g\u00f6r\u00fc\u015fmenin ard\u0131ndan Ba\u015fbakan Boyko Borisov, Avrupa\u2019da bulunan bir\u00e7ok \u00fclkeden farkl\u0131 olarak Bulgaristan\u2019\u0131n ge\u00e7mi\u015fte Afrika ile problemler ya\u015famam\u0131\u015f oldu\u011funu ve bu devlete ciddi yat\u0131r\u0131m niyetlerinin oldu\u011funu a\u00e7\u0131klad\u0131.<\/p>\n<p>Borisov, yat\u0131r\u0131mlar a\u00e7\u0131s\u0131ndan \u00f6zel ilgi olu\u015fturan alanlar olarak turizm ve i\u015f sekt\u00f6r\u00fcne i\u015faret etti. \u015eu anda Sofya T\u0131p \u00dcniversitesi\u2019nde Cabo Verde\u2019den \u00f6\u011frencilerin e\u011fitim g\u00f6rd\u00fcklerini \u00f6ne s\u00fcren Ba\u015fbakan Silva, \u00fclkesinin e\u011fitim alan\u0131nda da Bulgaristan\u2019la i\u015fbirli\u011fi y\u00fcr\u00fctmek arzusunda oldu\u011funu a\u00e7\u0131klad\u0131.<\/p>\n<p>&nbsp;<\/p>\n<p>BNR<\/p>\n<div id=\"bghab-2281245415\" class=\"bghab-yazi-altinda bghab-entity-placement\"><div class=\"bghab-adlabel\">Reklamlar<\/div><script async src=\"https:\/\/pagead2.googlesyndication.com\/pagead\/js\/adsbygoogle.js\"><\/script>\r\n<!-- bghaber-yaz\u0131-sonu -->\r\n<ins class=\"adsbygoogle\"\r\n     style=\"display:block\"\r\n     data-ad-client=\"ca-pub-6203283170189293\"\r\n     data-ad-slot=\"4222328180\"\r\n     data-ad-format=\"auto\"\r\n     data-full-width-responsive=\"true\"><\/ins>\r\n<script>\r\n     (adsbygoogle = window.adsbygoogle || []).push({});\r\n<\/script><\/div><br style=\"clear: both; display: block; float: none;\"\/>","protected":false},"excerpt":{"rendered":"<p>Sofya\u2019da Cabo Verde Ba\u015fbakan\u0131 Jose Ulisses de Pina Korreia e Silva ile yapt\u0131\u011f\u0131 g\u00f6r\u00fc\u015fmenin ard\u0131ndan Ba\u015fbakan Boyko Borisov, Avrupa\u2019da bulunan bir\u00e7ok \u00fclkeden farkl\u0131 olarak Bulgaristan\u2019\u0131n<\/p>\n","protected":false},"author":29,"featured_media":27415,"comment_status":"closed","ping_status":"closed","sticky":false,"template":"","format":"standard","meta":{"advanced_seo_description":"","jetpack_seo_html_title":"","jetpack_seo_noindex":false,"_jetpack_memberships_contains_paid_content":false,"footnotes":""},"categories":[1,4],"tags":[],"class_list":["post-27414","post","type-post","status-publish","format-standard","has-post-thumbnail","hentry","category-haberler","category-siyaset"],"jetpack_featured_media_url":"https:\/\/i0.wp.com\/www.bghaber.org\/bghaber\/wp-content\/uploads\/2018\/02\/Cabo-Verde-Basbakani-ile-bulgaristan-basbakani.jpg?fit=850%2C478&ssl=1","jetpack_sharing_enabled":true,"jetpack_likes_enabled":true,"jetpack-related-posts":[],"jetpack_shortlink":"https:\/\/wp.me\/pc2PfJ-78a","_links":{"self":[{"href":"https:\/\/www.bghaber.org\/bghaber\/wp-json\/wp\/v2\/posts\/27414","targetHints":{"allow":["GET"]}}],"collection":[{"href":"https:\/\/www.bghaber.org\/bghaber\/wp-json\/wp\/v2\/posts"}],"about":[{"href":"https:\/\/www.bghaber.org\/bghaber\/wp-json\/wp\/v2\/types\/post"}],"author":[{"embeddable":true,"href":"https:\/\/www.bghaber.org\/bghaber\/wp-json\/wp\/v2\/users\/29"}],"replies":[{"embeddable":true,"href":"https:\/\/www.bghaber.org\/bghaber\/wp-json\/wp\/v2\/comments?post=27414"}],"version-history":[{"count":0,"href":"https:\/\/www.bghaber.org\/bghaber\/wp-json\/wp\/v2\/posts\/27414\/revisions"}],"wp:featuredmedia":[{"embeddable":true,"href":"https:\/\/www.bghaber.org\/bghaber\/wp-json\/wp\/v2\/media\/27415"}],"wp:attachment":[{"href":"https:\/\/www.bghaber.org\/bghaber\/wp-json\/wp\/v2\/media?parent=27414"}],"wp:term":[{"taxonomy":"category","embeddable":true,"href":"https:\/\/www.bghaber.org\/bghaber\/wp-json\/wp\/v2\/categories?post=27414"},{"taxonomy":"post_tag","embeddable":true,"href":"https:\/\/www.bghaber.org\/bghaber\/wp-json\/wp\/v2\/tags?post=27414"}],"curies":[{"name":"wp","href":"https:\/\/api.w.org\/{rel}","templated":true}]}}