{"id":27411,"date":"2018-02-20T08:00:13","date_gmt":"2018-02-20T05:00:13","guid":{"rendered":"http:\/\/www.bghaber.org\/bghaber\/?p=27411"},"modified":"2019-07-06T20:59:09","modified_gmt":"2019-07-06T17:59:09","slug":"macaristan-bulgaristan-turkiye-arasinda-isbirligini-destekliyor-sinirlar-korunmali","status":"publish","type":"post","link":"https:\/\/www.bghaber.org\/bghaber\/macaristan-bulgaristan-turkiye-arasinda-isbirligini-destekliyor-sinirlar-korunmali\/","title":{"rendered":"Macaristan Bulgaristan ve T\u00fcrkiye aras\u0131nda i\u015fbirli\u011fini destekliyor, s\u0131n\u0131rlar korunmal\u0131"},"content":{"rendered":"<p>\u201cFokus\u201d ajans\u0131n\u0131n haberi: Macaristan,\u00a0 Bulgaristan ve T\u00fcrkiye aras\u0131nda i\u015fbirli\u011fini destekleyecek. Bunu Macaristan\u00a0 Ba\u015fbakan\u0131 Viktor Orban Bulgaristan Ba\u015fbakan\u0131\u00a0 Boyko Borisov ile\u00a0 yapt\u0131\u011f\u0131\u00a0 g\u00f6r\u00fc\u015fmeden sonra\u00a0 s\u00f6yledi.<\/p>\n<p>Orban\u00a0 g\u00f6r\u00fc\u015fmenin\u00a0 oda\u011f\u0131nda ikili ili\u015fkilerin de\u011fil,\u00a0 Avrupa sorunlar\u0131\u00a0 oldu\u011funu s\u00f6yledi. Ele al\u0131nan konular aras\u0131nda\u00a0 Avrupa\u2019n\u0131n gelece\u011fi\u00a0 ile ba\u011fl\u0131\u00a0 Balkanlar\u2019a\u00a0 \u00f6zel bir bak\u0131\u015f a\u00e7\u0131s\u0131\u00a0 ve\u00a0 s\u0131n\u0131rlar\u0131n\u00a0 korunmas\u0131\u00a0 ve m\u00fclteci sorunu.<\/p>\n<p>Orban Macaristan\u2019\u0131n Bulgaristan ve T\u00fcrkiye aras\u0131nda i\u015fbirli\u011fini her zaman destekleyece\u011fini, \u00e7\u00fcnk\u00fc\u00a0 AB\u2019nin\u00a0 s\u0131n\u0131rlar\u0131\u00a0 korunmal\u0131\u00a0 ve bu\u00a0 konuda s\u00f6zle\u015fmelerin imzalanmas\u0131 gerekti\u011fini vurgulad\u0131.Bulgaristan Ba\u015fbakan\u0131 Boyko Borisov: \u2018T\u00fcrkiye\u00a0 ile s\u00f6zle\u015fme\u00a0 t\u00fcm Avrupa \u00fclkelerinin yarar\u0131na olacak.<\/p>\n<p>Bulgaristan AB\u2019nin en g\u00fcvenilir s\u0131n\u0131r\u0131d\u0131r.\u2019 dedi. Borisov , g\u00fcvenlik merkezlerinin, s\u00f6z\u00fcm ona \u2018s\u0131cak nokralar\u0131n \u2019 , insanlar\u0131n sava\u015ftan sonra\u00a0 geri d\u00f6nebilmeleri i\u00e7in, \u00e7at\u0131\u015fma\u00a0 oldu\u011fu\u00a0 yerlere yak\u0131n olmalar\u0131 gerekti\u011fi\u00a0 g\u00f6r\u00fc\u015f\u00fcn\u00fc\u00a0 hat\u0131rlatt\u0131.<\/p>\n<p>&nbsp;<\/p><div id=\"bghab-808598539\" class=\"bghab-icerik-icine bghab-entity-placement\"><script async src=\"\/\/pagead2.googlesyndication.com\/pagead\/js\/adsbygoogle.js?client=ca-pub-6203283170189293\" crossorigin=\"anonymous\"><\/script><ins class=\"adsbygoogle\" style=\"display:block; text-align:center;\" data-ad-client=\"ca-pub-6203283170189293\" \ndata-ad-slot=\"7303146466\" \ndata-ad-layout=\"in-article\"\ndata-ad-format=\"fluid\" data-full-width-responsive=\"true\"><\/ins>\n<script> \n(adsbygoogle = window.adsbygoogle || []).push({}); \n<\/script>\n<\/div>\n<p>BNR<\/p>\n<div id=\"bghab-752651011\" class=\"bghab-yazi-altinda bghab-entity-placement\"><div class=\"bghab-adlabel\">Reklamlar<\/div><script async src=\"https:\/\/pagead2.googlesyndication.com\/pagead\/js\/adsbygoogle.js\"><\/script>\r\n<!-- bghaber-yaz\u0131-sonu -->\r\n<ins class=\"adsbygoogle\"\r\n     style=\"display:block\"\r\n     data-ad-client=\"ca-pub-6203283170189293\"\r\n     data-ad-slot=\"4222328180\"\r\n     data-ad-format=\"auto\"\r\n     data-full-width-responsive=\"true\"><\/ins>\r\n<script>\r\n     (adsbygoogle = window.adsbygoogle || []).push({});\r\n<\/script><\/div><br style=\"clear: both; display: block; float: none;\"\/>","protected":false},"excerpt":{"rendered":"<p>\u201cFokus\u201d ajans\u0131n\u0131n haberi: Macaristan,\u00a0 Bulgaristan ve T\u00fcrkiye aras\u0131nda i\u015fbirli\u011fini destekleyecek. Bunu Macaristan\u00a0 Ba\u015fbakan\u0131 Viktor Orban Bulgaristan Ba\u015fbakan\u0131\u00a0 Boyko Borisov ile\u00a0 yapt\u0131\u011f\u0131\u00a0 g\u00f6r\u00fc\u015fmeden sonra\u00a0 s\u00f6yledi. Orban\u00a0<\/p>\n","protected":false},"author":29,"featured_media":27412,"comment_status":"closed","ping_status":"closed","sticky":false,"template":"","format":"standard","meta":{"advanced_seo_description":"","jetpack_seo_html_title":"","jetpack_seo_noindex":false,"_jetpack_memberships_contains_paid_content":false,"footnotes":""},"categories":[1,4],"tags":[],"class_list":["post-27411","post","type-post","status-publish","format-standard","has-post-thumbnail","hentry","category-haberler","category-siyaset"],"jetpack_featured_media_url":"https:\/\/i0.wp.com\/www.bghaber.org\/bghaber\/wp-content\/uploads\/2018\/02\/macaristan-basbakani-ile-bulgaristan-basbakani.jpg?fit=850%2C478&ssl=1","jetpack_sharing_enabled":true,"jetpack_likes_enabled":true,"jetpack-related-posts":[],"jetpack_shortlink":"https:\/\/wp.me\/pc2PfJ-787","_links":{"self":[{"href":"https:\/\/www.bghaber.org\/bghaber\/wp-json\/wp\/v2\/posts\/27411","targetHints":{"allow":["GET"]}}],"collection":[{"href":"https:\/\/www.bghaber.org\/bghaber\/wp-json\/wp\/v2\/posts"}],"about":[{"href":"https:\/\/www.bghaber.org\/bghaber\/wp-json\/wp\/v2\/types\/post"}],"author":[{"embeddable":true,"href":"https:\/\/www.bghaber.org\/bghaber\/wp-json\/wp\/v2\/users\/29"}],"replies":[{"embeddable":true,"href":"https:\/\/www.bghaber.org\/bghaber\/wp-json\/wp\/v2\/comments?post=27411"}],"version-history":[{"count":0,"href":"https:\/\/www.bghaber.org\/bghaber\/wp-json\/wp\/v2\/posts\/27411\/revisions"}],"wp:featuredmedia":[{"embeddable":true,"href":"https:\/\/www.bghaber.org\/bghaber\/wp-json\/wp\/v2\/media\/27412"}],"wp:attachment":[{"href":"https:\/\/www.bghaber.org\/bghaber\/wp-json\/wp\/v2\/media?parent=27411"}],"wp:term":[{"taxonomy":"category","embeddable":true,"href":"https:\/\/www.bghaber.org\/bghaber\/wp-json\/wp\/v2\/categories?post=27411"},{"taxonomy":"post_tag","embeddable":true,"href":"https:\/\/www.bghaber.org\/bghaber\/wp-json\/wp\/v2\/tags?post=27411"}],"curies":[{"name":"wp","href":"https:\/\/api.w.org\/{rel}","templated":true}]}}