{"id":27405,"date":"2018-02-20T11:00:21","date_gmt":"2018-02-20T08:00:21","guid":{"rendered":"http:\/\/www.bghaber.org\/bghaber\/?p=27405"},"modified":"2019-07-06T20:59:09","modified_gmt":"2019-07-06T17:59:09","slug":"hukumete-guven-orani-sabit-kaldi","status":"publish","type":"post","link":"https:\/\/www.bghaber.org\/bghaber\/hukumete-guven-orani-sabit-kaldi\/","title":{"rendered":"H\u00fck\u00fcmete g\u00fcven oran\u0131 sabit kald\u0131"},"content":{"rendered":"<p>Barometre Bulgaristan Sosyolojik Ara\u015ft\u0131rma Ajans\u0131 taraf\u0131ndan yap\u0131lan son d\u00f6rt ara\u015ft\u0131rma sonu\u00e7lar\u0131 Ba\u015fbakan\u2019\u0131, Ba\u015fbakan Yard\u0131mc\u0131lar\u0131n\u0131 ve Bakanlar Kurulu\u2019nu onaylanma oran\u0131n\u0131n sabit kald\u0131\u011f\u0131n\u0131 g\u00f6sterdi.<\/p>\n<p>Ajans, en son anket ara\u015ft\u0131rmas\u0131n\u0131 18 ya\u015f \u00fcst\u00fc 958 ki\u015finin kat\u0131l\u0131m\u0131yla 05-14 \u015eubat 2018 tarihleri aras\u0131nda ger\u00e7ekle\u015ftirdi.<\/p>\n<p>\u015eubat 2018 ortalar\u0131nda kat\u0131l\u0131mc\u0131lar\u0131n y\u00fczde 43&#8217;\u00fc kabinenin \u00e7al\u0131\u015fmalar\u0131n\u0131 onaylad\u0131klar\u0131n\u0131 a\u00e7\u0131klad\u0131. Bu oran, Aral\u0131k 2017 d\u00fczeylerinin korundu\u011funu g\u00f6steriyor, ancak g\u00f6rev s\u00fcresinin ba\u015flang\u0131c\u0131nda (May\u0131s 2017) h\u00fck\u00fcmetin \u00e7al\u0131\u015fmalar\u0131n\u0131 onaylayanlar\u0131n say\u0131s\u0131ndan \u00e7ok daha fazlad\u0131r.<\/p>\n<p>Ba\u015fbakan Boyko Borisov\u2019u onaylayanlar\u0131n oran\u0131 y\u00fczde 36\u2019d\u0131r. Bu seviye, 2017 y\u0131l\u0131n\u0131n son ay\u0131na g\u00f6re bir oran daha fazlad\u0131r. Ba\u015fbakan Yard\u0131mc\u0131lar\u0131 Ekaterina Zaharieva, Valeri Simeonov, Krasimir Karaka\u00e7anov ve Tomislav Don\u00e7ev ankete kat\u0131lanlar\u0131n s\u0131ras\u0131yla y\u00fczde 22\u2019sinin, y\u00fczde 13\u2019\u00fcn\u00fcn, y\u00fczde 34\u2019\u00fcn\u00fcn ve y\u00fczde 27&#8217;sinin g\u00fcvenini kazand\u0131.<\/p>\n<p>Aral\u0131k 2017 ile kar\u015f\u0131la\u015ft\u0131r\u0131ld\u0131\u011f\u0131nda Ekaterina Zaharieva&#8217;ya duyulan g\u00fcven oran\u0131 4 puan d\u00fc\u015ft\u00fc. Valeri Simeonov&#8217;a olan g\u00fcven y\u00fczde 1 ve Krasimir Karaka\u00e7anov\u2019a olan g\u00fcven y\u00fczde 2 oran\u0131nda artarken Tomislav Don\u00e7ev&#8217;in g\u00fcven oran\u0131nda ise de\u011fi\u015fiklik olmad\u0131.<\/p><div id=\"bghab-604085366\" class=\"bghab-icerik-icine bghab-entity-placement\"><script async src=\"\/\/pagead2.googlesyndication.com\/pagead\/js\/adsbygoogle.js?client=ca-pub-6203283170189293\" crossorigin=\"anonymous\"><\/script><ins class=\"adsbygoogle\" style=\"display:block; text-align:center;\" data-ad-client=\"ca-pub-6203283170189293\" \ndata-ad-slot=\"7303146466\" \ndata-ad-layout=\"in-article\"\ndata-ad-format=\"fluid\" data-full-width-responsive=\"true\"><\/ins>\n<script> \n(adsbygoogle = window.adsbygoogle || []).push({}); \n<\/script>\n<\/div>\n<p>\u0130stanbul S\u00f6zle\u015fmesini destekleme veya desteklememe bak\u0131m\u0131ndan \u0131rk\u00e7\u0131 ve a\u015f\u0131r\u0131 milliyet\u00e7i g\u00f6r\u00fc\u015fleriyle bilinen s\u00f6zde \u201cBirle\u015fik Vatanseverler Koalisyonu\u201d s\u00f6zle\u015fmenin Meclis taraf\u0131ndan onaylanmas\u0131na kar\u015f\u0131 sert bir yakla\u015f\u0131m sergiledi\u011fi i\u00e7in iktidar orta\u011f\u0131 GERP partisine g\u00f6re g\u00fcven oran\u0131n\u0131 art\u0131r\u0131yor.<\/p>\n<p>Bu ayr\u0131ca \u0130stanbul S\u00f6zle\u015fmesinin kabul edilmesinin en b\u00fcy\u00fck savunucular\u0131ndan biri olan Ba\u015fbakan Yard\u0131mc\u0131s\u0131 Zaharieva&#8217;ya olan g\u00fcvenin azald\u0131\u011f\u0131n\u0131 da a\u00e7\u0131kl\u0131yor. Anket, Ba\u015fbakan\u2019\u0131n, GERB&#8217;in s\u00f6zle\u015fmenin Millet Meclisi taraf\u0131ndan onaylanmas\u0131na ili\u015fkin teklifi geri \u00e7ekti\u011fini ilan etmeden \u00f6nce yap\u0131ld\u0131.<\/p>\n<p>Ajans taraf\u0131ndan yap\u0131lan bir ankete g\u00f6re ankete kat\u0131lanlar\u0131n y\u00fczde 63&#8217;\u00fc \u0130stanbul S\u00f6zle\u015fmesi\u2019nin kabul edilmesine kar\u015f\u0131 \u00e7\u0131kmaktad\u0131rlar.<\/p>\n<p>H\u00fck\u00fcmetin g\u00fcven seviyeleri, iktidar koalisyonunun istikrarl\u0131 oldu\u011funu ve koalisyonda yer alan siyasi partiler aras\u0131nda iyi bir ba\u011f oldu\u011funu g\u00f6steriyor.<\/p>\n<p>Savunma Bakan\u0131 ve Ba\u015fbakan Yard\u0131mc\u0131s\u0131 Krasimir Karaka\u00e7anov&#8217;un orduda reform yapma h\u0131rs\u0131, kendisine olan g\u00fcvenin artmas\u0131n\u0131n nedenlerinden biridir. Di\u011fer sebepler, milliyet\u00e7i siyasi olu\u015fumun \u0130stanbul S\u00f6zle\u015fmesi, Bansko&#8217;da ikinci teleferik kurulmas\u0131 ve turizmin geli\u015fimi gibi sosyal a\u00e7\u0131dan \u00f6nemli konulardaki kesin tavr\u0131d\u0131r.<\/p><div id=\"bghab-3981096140\" class=\"bghab-icerik-icine-10-paragraf bghab-entity-placement\"><script async src=\"\/\/pagead2.googlesyndication.com\/pagead\/js\/adsbygoogle.js?client=ca-pub-6203283170189293\" crossorigin=\"anonymous\"><\/script><ins class=\"adsbygoogle\" style=\"display:block; text-align:center;\" data-ad-client=\"ca-pub-6203283170189293\" \ndata-ad-slot=\"7303146466\" \ndata-ad-layout=\"in-article\"\ndata-ad-format=\"fluid\" data-full-width-responsive=\"true\"><\/ins>\n<script> \n(adsbygoogle = window.adsbygoogle || []).push({}); \n<\/script>\n<\/div>\n<p>Karaka\u00e7anov, son Cumhurba\u015fkanl\u0131\u011f\u0131 se\u00e7imlerinde 600 bin se\u00e7menin oyunu ald\u0131\u011f\u0131 kan\u0131tlanm\u0131\u015f kabinede yer alan tek politikac\u0131d\u0131r.<\/p>\n<p>Bulgaristan Sosyalist Partisi (BSP) taraf\u0131ndan yolsuzlukla m\u00fccadelede ba\u015far\u0131s\u0131zl\u0131k gerek\u00e7esiyle Meclise sunulan gensoru \u00f6nergesi milletvekilleri taraf\u0131ndan reddedildi. Yolsuzluk, \u00f6nemli konular aras\u0131nda be\u015finci yerdedir. Bulgaristan vatanda\u015flar\u0131, gelirler, sosyal konular, b\u00fcrokrasi ve sa\u011fl\u0131k sorunlar\u0131 gibi meselelerden dolay\u0131 daha fazla endi\u015fe duyuyorlar.<\/p>\n<p>&nbsp;<\/p>\n<p>K\u0131rcaali Haber<\/p>\n<div id=\"bghab-3030801721\" class=\"bghab-yazi-altinda bghab-entity-placement\"><div class=\"bghab-adlabel\">Reklamlar<\/div><script async src=\"https:\/\/pagead2.googlesyndication.com\/pagead\/js\/adsbygoogle.js\"><\/script>\r\n<!-- bghaber-yaz\u0131-sonu -->\r\n<ins class=\"adsbygoogle\"\r\n     style=\"display:block\"\r\n     data-ad-client=\"ca-pub-6203283170189293\"\r\n     data-ad-slot=\"4222328180\"\r\n     data-ad-format=\"auto\"\r\n     data-full-width-responsive=\"true\"><\/ins>\r\n<script>\r\n     (adsbygoogle = window.adsbygoogle || []).push({});\r\n<\/script><\/div><br style=\"clear: both; display: block; float: none;\"\/>","protected":false},"excerpt":{"rendered":"<p>Barometre Bulgaristan Sosyolojik Ara\u015ft\u0131rma Ajans\u0131 taraf\u0131ndan yap\u0131lan son d\u00f6rt ara\u015ft\u0131rma sonu\u00e7lar\u0131 Ba\u015fbakan\u2019\u0131, Ba\u015fbakan Yard\u0131mc\u0131lar\u0131n\u0131 ve Bakanlar Kurulu\u2019nu onaylanma oran\u0131n\u0131n sabit kald\u0131\u011f\u0131n\u0131 g\u00f6sterdi. Ajans, en son<\/p>\n","protected":false},"author":29,"featured_media":17758,"comment_status":"closed","ping_status":"closed","sticky":false,"template":"","format":"standard","meta":{"advanced_seo_description":"","jetpack_seo_html_title":"","jetpack_seo_noindex":false,"_jetpack_memberships_contains_paid_content":false,"footnotes":""},"categories":[1,4],"tags":[],"class_list":["post-27405","post","type-post","status-publish","format-standard","has-post-thumbnail","hentry","category-haberler","category-siyaset"],"jetpack_featured_media_url":"https:\/\/i0.wp.com\/www.bghaber.org\/bghaber\/wp-content\/uploads\/2016\/01\/meclis-bg.jpg?fit=1920%2C1080&ssl=1","jetpack_sharing_enabled":true,"jetpack_likes_enabled":true,"jetpack-related-posts":[],"jetpack_shortlink":"https:\/\/wp.me\/pc2PfJ-781","_links":{"self":[{"href":"https:\/\/www.bghaber.org\/bghaber\/wp-json\/wp\/v2\/posts\/27405","targetHints":{"allow":["GET"]}}],"collection":[{"href":"https:\/\/www.bghaber.org\/bghaber\/wp-json\/wp\/v2\/posts"}],"about":[{"href":"https:\/\/www.bghaber.org\/bghaber\/wp-json\/wp\/v2\/types\/post"}],"author":[{"embeddable":true,"href":"https:\/\/www.bghaber.org\/bghaber\/wp-json\/wp\/v2\/users\/29"}],"replies":[{"embeddable":true,"href":"https:\/\/www.bghaber.org\/bghaber\/wp-json\/wp\/v2\/comments?post=27405"}],"version-history":[{"count":0,"href":"https:\/\/www.bghaber.org\/bghaber\/wp-json\/wp\/v2\/posts\/27405\/revisions"}],"wp:featuredmedia":[{"embeddable":true,"href":"https:\/\/www.bghaber.org\/bghaber\/wp-json\/wp\/v2\/media\/17758"}],"wp:attachment":[{"href":"https:\/\/www.bghaber.org\/bghaber\/wp-json\/wp\/v2\/media?parent=27405"}],"wp:term":[{"taxonomy":"category","embeddable":true,"href":"https:\/\/www.bghaber.org\/bghaber\/wp-json\/wp\/v2\/categories?post=27405"},{"taxonomy":"post_tag","embeddable":true,"href":"https:\/\/www.bghaber.org\/bghaber\/wp-json\/wp\/v2\/tags?post=27405"}],"curies":[{"name":"wp","href":"https:\/\/api.w.org\/{rel}","templated":true}]}}