{"id":27402,"date":"2018-02-20T10:20:10","date_gmt":"2018-02-20T07:20:10","guid":{"rendered":"http:\/\/www.bghaber.org\/bghaber\/?p=27402"},"modified":"2019-07-06T20:59:09","modified_gmt":"2019-07-06T17:59:09","slug":"resmi-murat-ardinonun-kardes-belediyesi-niluferin-misafiri-oldu","status":"publish","type":"post","link":"https:\/\/www.bghaber.org\/bghaber\/resmi-murat-ardinonun-kardes-belediyesi-niluferin-misafiri-oldu\/","title":{"rendered":"Resmi Murat, Ardino\u2019nun karde\u015f belediyesi Nil\u00fcfer\u2019in misafiri oldu"},"content":{"rendered":"<p>Ardino Belediye Ba\u015fkan\u0131 Resmi Murat, Ardino halk\u0131n\u0131n b\u00fcy\u00fck dostu T\u00fcrkiye\u2019den karde\u015f belediye olan Nil\u00fcfer Belediye Ba\u015fkan\u0131 Mustafa Bozbey ile g\u00f6r\u00fc\u015fme ger\u00e7ekle\u015ftirdi. G\u00f6r\u00fc\u015fmede Nil\u00fcfer ile karde\u015f belediye olan Bansko Belediye Ba\u015fkan\u0131 Georgi \u0130konomov, Turizm Bakanl\u0131\u011f\u0131 Da\u011f ve Kayak Turizmi Dan\u0131\u015fman\u0131 Malin Bistrin, Ardino Belediye Meclisi Ba\u015fkan\u0131 Sezgin Bayram ve Ardino Belediye Ba\u015fkan Yard\u0131mc\u0131s\u0131 Nasko Ki\u00e7ukov da haz\u0131r bulundular. G\u00f6r\u00fc\u015fme, Belediye Ba\u015fkan\u0131\u2019n\u0131n ba\u015fkanl\u0131\u011f\u0131ndaki Ardino heyetinin Bursa\u2019da d\u00fczenlenen geleneksel E\u011fridereliler Bulu\u015fma Gecesi\u2019ne kat\u0131lmak \u00fczere ger\u00e7ekle\u015ftirdi\u011fi \u00fc\u00e7 g\u00fcnl\u00fck T\u00fcrkiye ziyareti \u00e7er\u00e7evesinde yap\u0131ld\u0131.<\/p>\n<p>Nil\u00fcfer ve karde\u015f belediyelerinin ba\u015fkanlar\u0131 aras\u0131ndaki i\u015f toplant\u0131s\u0131, son derece samimi bir atmosfer i\u00e7inde ge\u00e7ti. Belediye Ba\u015fkanlar\u0131, gelecekteki i\u015fbirli\u011fini g\u00f6r\u00fc\u015ft\u00fcler. \u0130dari y\u00f6netim, k\u00fclt\u00fcr, turizm, spor ve b\u00f6lgesel kalk\u0131nma alanlar\u0131ndaki projelerin geli\u015ftirilmesi ve uygulanmas\u0131 i\u00e7in ortak hedefler tespit ettiler.<\/p>\n<p>Nil\u00fcfer Belediye Ba\u015fkan\u0131 Mustafa Bozbey, N\u00fcl\u00fcfer ile karde\u015f iki belediyenin ba\u015fkanlar\u0131n\u0131n ziyaretinden duydu\u011fu memnuniyeti dile getirdi. Bozbey, \u201c \u0130nsanlar\u0131 seviyoruz. Nil\u00fcfer, Ardino ve Bursa aras\u0131nda \u00fc\u00e7gen olu\u015fturduk. On y\u0131llar boyunca Ardino ile dost\u00e7a bir etkile\u015fim i\u00e7erisindeyiz. \u0130yi uygulamalar\u0131 payla\u015f\u0131yor ve destekliyoruz. Ardino&#8217;nun merkezindeki Nilufer Park\u0131\u2019n\u0131n varl\u0131\u011f\u0131 bizim i\u00e7in b\u00fcy\u00fck \u00f6nem ta\u015f\u0131yor. Bu y\u0131l park\u0131, kasaba sakinleri ve misafirleri i\u00e7in cazip bir mekan olacak \u015fekilde yenileyece\u011fiz. Umar\u0131m, ili\u015fkimiz gelecekte daha da g\u00fc\u00e7l\u00fc olacakt\u0131r\u201d diye ifade etti. Bozbey, Ardino ve Bansko temsilcilerini May\u0131s ay\u0131nda yap\u0131lacak olan geleneksel Uluslararas\u0131 Spor \u015eenlikleri&#8217;ne kat\u0131lmaya davet etti.<\/p>\n<p>Belediye Ba\u015fkan\u0131 Resmi Murat, ev sahipli\u011fi yapan Bozbey\u2019e s\u0131cak kar\u015f\u0131lama i\u00e7in te\u015fekk\u00fcr etti. Resmi Murat, \u015funlar\u0131 dile getirdi: \u201cNilufer Belediyesi ile her zaman m\u00fckemmel temaslar\u0131m\u0131z oldu, Ardino&#8217;daki park\u0131n ad\u0131n\u0131 ta\u015f\u0131mas\u0131 tesad\u00fcfen de\u011fil. Ortak projeler ger\u00e7ekle\u015ftirdik ve gelecekte verimli i\u015fbirli\u011fine devam etmeyi umuyoruz\u201d.<\/p>\n<p>Bansko Belediye Ba\u015fkan\u0131 Georgi \u0130konomov, ilk defa Bursa&#8217;ya geldi\u011fini s\u00f6yledi. \u0130konomov, &#8220;Bursa&#8217;dan \u00e7ok etkilendim. Eskiyi yeniyle birle\u015ftirerek, modern bir Avrupa kentine d\u00f6n\u00fc\u015fm\u00fc\u015f&#8221; dedi.<\/p><div id=\"bghab-4017050011\" class=\"bghab-icerik-icine bghab-entity-placement\"><script async src=\"\/\/pagead2.googlesyndication.com\/pagead\/js\/adsbygoogle.js?client=ca-pub-6203283170189293\" crossorigin=\"anonymous\"><\/script><ins class=\"adsbygoogle\" style=\"display:block; text-align:center;\" data-ad-client=\"ca-pub-6203283170189293\" \ndata-ad-slot=\"7303146466\" \ndata-ad-layout=\"in-article\"\ndata-ad-format=\"fluid\" data-full-width-responsive=\"true\"><\/ins>\n<script> \n(adsbygoogle = window.adsbygoogle || []).push({}); \n<\/script>\n<\/div>\n<p>G\u00f6r\u00fc\u015fmede ayr\u0131ca Bursa E\u011fridereliler K\u00fclt\u00fcr ve Dayan\u0131\u015fma Derne\u011fi Ba\u015fkan Yard\u0131mc\u0131s\u0131 Olcay Co\u015fkun, Nil\u00fcfer Belediye Ba\u015fkan Yard\u0131mc\u0131lar\u0131, k\u00f6kenleri Ardino\u2019ya dayanan Nil\u00fcfer Belediye Meclisi \u00dcyesi olan Naci Kale de haz\u0131r bulundular.<\/p>\n<p>Kabul\u00fcn sonunda \u00fc\u00e7 belediye ba\u015fkan\u0131 birbirine hediye takdim ettiler. Belediye Ba\u015fkan\u0131 Resmi Murat, mevkida\u015f\u0131na plastik \u015eeytan K\u00f6pr\u00fcs\u00fc heykelci\u011fi arma\u011fan etti, kendisine ise modern ve laik T\u00fcrkiye devletinin kurucusu Mustafa Kemal Atat\u00fcrk&#8217;\u00fcn e\u015fsiz bir tablosunu arma\u011fan edildi.<\/p>\n<p>G\u00f6r\u00fc\u015fmenin ard\u0131ndan Bulgaristan\u2019dan gelen konuklar, Nil\u00fcfer Belediyesi\u2019nin yeni hizmet binas\u0131n\u0131 gezdiler. \u201cBar\u0131\u015f\u201d ad\u0131 verilen Meclis toplant\u0131 salonu ve bas\u0131n toplant\u0131s\u0131 salonundan \u00e7ok etkilenen heyet, ayr\u0131ca belediye binas\u0131n\u0131n \u00f6n\u00fcnde bulunan Atat\u00fcrk An\u0131t\u0131\u2019n\u0131n yan\u0131 s\u0131ra \u015eiir Kulesi\u2019ni de gezdi.<\/p>\n<p>Nil\u00fcfer Belediyesi, Ardino&#8217;nun ilk karde\u015f oldu\u011fu belediyedir. Kar\u015f\u0131l\u0131kl\u0131 ili\u015fkiler, 23 y\u0131ld\u0131r devam ediyor. Bu s\u00fcrede b\u00fcy\u00fck mesafelere ra\u011fmen iki belediye aras\u0131ndaki dostluk her ge\u00e7en y\u0131l derinle\u015fmektedir.<\/p>\n<p>&nbsp;<\/p><div id=\"bghab-808214626\" class=\"bghab-icerik-icine-10-paragraf bghab-entity-placement\"><script async src=\"\/\/pagead2.googlesyndication.com\/pagead\/js\/adsbygoogle.js?client=ca-pub-6203283170189293\" crossorigin=\"anonymous\"><\/script><ins class=\"adsbygoogle\" style=\"display:block; text-align:center;\" data-ad-client=\"ca-pub-6203283170189293\" \ndata-ad-slot=\"7303146466\" \ndata-ad-layout=\"in-article\"\ndata-ad-format=\"fluid\" data-full-width-responsive=\"true\"><\/ins>\n<script> \n(adsbygoogle = window.adsbygoogle || []).push({}); \n<\/script>\n<\/div>\n<p>G\u00fcner \u015e\u00fckr\u00fc, K\u0131rcaali Haber<\/p>\n<div id=\"bghab-3036895944\" class=\"bghab-yazi-altinda bghab-entity-placement\"><div class=\"bghab-adlabel\">Reklamlar<\/div><script async src=\"https:\/\/pagead2.googlesyndication.com\/pagead\/js\/adsbygoogle.js\"><\/script>\r\n<!-- bghaber-yaz\u0131-sonu -->\r\n<ins class=\"adsbygoogle\"\r\n     style=\"display:block\"\r\n     data-ad-client=\"ca-pub-6203283170189293\"\r\n     data-ad-slot=\"4222328180\"\r\n     data-ad-format=\"auto\"\r\n     data-full-width-responsive=\"true\"><\/ins>\r\n<script>\r\n     (adsbygoogle = window.adsbygoogle || []).push({});\r\n<\/script><\/div><br style=\"clear: both; display: block; float: none;\"\/>","protected":false},"excerpt":{"rendered":"<p>Ardino Belediye Ba\u015fkan\u0131 Resmi Murat, Ardino halk\u0131n\u0131n b\u00fcy\u00fck dostu T\u00fcrkiye\u2019den karde\u015f belediye olan Nil\u00fcfer Belediye Ba\u015fkan\u0131 Mustafa Bozbey ile g\u00f6r\u00fc\u015fme ger\u00e7ekle\u015ftirdi. G\u00f6r\u00fc\u015fmede Nil\u00fcfer ile karde\u015f<\/p>\n","protected":false},"author":29,"featured_media":27403,"comment_status":"closed","ping_status":"closed","sticky":false,"template":"","format":"standard","meta":{"advanced_seo_description":"","jetpack_seo_html_title":"","jetpack_seo_noindex":false,"_jetpack_memberships_contains_paid_content":false,"footnotes":""},"categories":[1,4],"tags":[],"class_list":["post-27402","post","type-post","status-publish","format-standard","has-post-thumbnail","hentry","category-haberler","category-siyaset"],"jetpack_featured_media_url":"https:\/\/i0.wp.com\/www.bghaber.org\/bghaber\/wp-content\/uploads\/2018\/02\/resmi-murat-bursa-niluferde.jpg?fit=1024%2C683&ssl=1","jetpack_sharing_enabled":true,"jetpack_likes_enabled":true,"jetpack-related-posts":[],"jetpack_shortlink":"https:\/\/wp.me\/pc2PfJ-77Y","_links":{"self":[{"href":"https:\/\/www.bghaber.org\/bghaber\/wp-json\/wp\/v2\/posts\/27402","targetHints":{"allow":["GET"]}}],"collection":[{"href":"https:\/\/www.bghaber.org\/bghaber\/wp-json\/wp\/v2\/posts"}],"about":[{"href":"https:\/\/www.bghaber.org\/bghaber\/wp-json\/wp\/v2\/types\/post"}],"author":[{"embeddable":true,"href":"https:\/\/www.bghaber.org\/bghaber\/wp-json\/wp\/v2\/users\/29"}],"replies":[{"embeddable":true,"href":"https:\/\/www.bghaber.org\/bghaber\/wp-json\/wp\/v2\/comments?post=27402"}],"version-history":[{"count":0,"href":"https:\/\/www.bghaber.org\/bghaber\/wp-json\/wp\/v2\/posts\/27402\/revisions"}],"wp:featuredmedia":[{"embeddable":true,"href":"https:\/\/www.bghaber.org\/bghaber\/wp-json\/wp\/v2\/media\/27403"}],"wp:attachment":[{"href":"https:\/\/www.bghaber.org\/bghaber\/wp-json\/wp\/v2\/media?parent=27402"}],"wp:term":[{"taxonomy":"category","embeddable":true,"href":"https:\/\/www.bghaber.org\/bghaber\/wp-json\/wp\/v2\/categories?post=27402"},{"taxonomy":"post_tag","embeddable":true,"href":"https:\/\/www.bghaber.org\/bghaber\/wp-json\/wp\/v2\/tags?post=27402"}],"curies":[{"name":"wp","href":"https:\/\/api.w.org\/{rel}","templated":true}]}}