{"id":27399,"date":"2018-02-19T22:00:27","date_gmt":"2018-02-19T19:00:27","guid":{"rendered":"http:\/\/www.bghaber.org\/bghaber\/?p=27399"},"modified":"2019-07-06T20:59:09","modified_gmt":"2019-07-06T17:59:09","slug":"mumun-iskender-55-yasin-uzerindeki-iscilere-devletten-destek-talep-etti","status":"publish","type":"post","link":"https:\/\/www.bghaber.org\/bghaber\/mumun-iskender-55-yasin-uzerindeki-iscilere-devletten-destek-talep-etti\/","title":{"rendered":"M\u00fcm\u00fcn \u0130skender, 55 ya\u015f\u0131n \u00fczerindeki i\u015f\u00e7ilere devletten destek talep etti"},"content":{"rendered":"<p>Haskovo\u2019ya (Hask\u00f6y) ba\u011fl\u0131 kapl\u0131calar\u0131yla \u00fcnl\u00fc il\u00e7e merkezi Mineralni Bani (Meri\u00e7ler) Belediye Ba\u015fkan\u0131 M\u00fcm\u00fcn \u0130skender, \u00c7al\u0131\u015fma ve Sosyal Politikalar Bakan Yard\u0131mc\u0131s\u0131 Sultanka Petrova\u2019dan 55 ya\u015f\u0131n \u00fczerindeki i\u015f\u00e7ileri desteklemek ve korumak i\u00e7in aktif tedbirler al\u0131nmas\u0131n\u0131 talep etti. Haskovo Ticaret ve Sanayi Odas\u0131 taraf\u0131ndan d\u00fczenlenen \u0130\u015fadamlar\u0131, Diplomatlar ve Devlet Kurumu Temsilcileri 23. \u00c7al\u0131\u015fma Toplant\u0131s\u0131\u2019na kat\u0131ld\u0131. \u00c7al\u0131\u015ftay, Bilim ve Teknik Birli\u011fi Haskovo \u015eubesi salonunda 16 \u015eubat 2018 tarihinde yap\u0131ld\u0131.<\/p>\n<p>Toplant\u0131da konu\u015fan Mineralni Bani Belediye Ba\u015fkan\u0131 M\u00fcm\u00fcn,\u201d 55 ya\u015f\u0131n \u00fczerindeki insanlar i\u015fg\u00fcc\u00fc piyasas\u0131na son derece savunmas\u0131zd\u0131rlar. Emeklilikten \u00f6nceki son y\u0131llar\u0131nda onlar devlet taraf\u0131ndan te\u015fvik ve koruma mekanizmalar\u0131yla desteklenmelidirler\u201d diye kaydetti.<\/p>\n<p>Bakan Yard\u0131mc\u0131s\u0131 Sultanka Petrova, bu fikri bizzat destekledi\u011fini ifade ederek, i\u015f g\u00fcc\u00fc piyasas\u0131ndaki bu ya\u015f grubuyla ilgili h\u0131zl\u0131, yeterli ve zaman\u0131nda \u00f6nlemler al\u0131naca\u011f\u0131na dair s\u00f6z verdi.<\/p>\n<p>Toplant\u0131da Haskovo, Dimitrovgrad (Kayac\u0131k), Mineralni Bani ve P\u0131rvomay belediye ba\u015fkanlar\u0131 yer ald\u0131lar. Konuklar aras\u0131nda G\u00fcney Kore B\u00fcy\u00fckel\u00e7isi Shin Bunam, Cezayir B\u00fcy\u00fckel\u00e7isi Latifa Benazza, Bulgaristan Sanayi ve Odas\u0131 Ba\u015fkan\u0131 Tsvetan Simeonov, Haskovo Ticaret ve Sanayi Odas\u0131 Ba\u015fkan\u0131 Yan\u00e7o Yanev, Haskovo Vali Yard\u0131mc\u0131s\u0131 Dr. Stefka Zdravkova, diplomatlar, i\u015fadamlar\u0131 ve ba\u015fka davetliler haz\u0131r bulundular.<\/p>\n<p>Konuklar, ertesi g\u00fcn Mineralni Bani\u2019nin Susam k\u00f6y\u00fcnde d\u00fczenlenen sembolik ba\u011f kesimine de kat\u0131ld\u0131lar. Etkinlikte ayr\u0131ca Fransa B\u00fcy\u00fckel\u00e7isi Eric Lobendel ve Avrupa Komisyonu Bulgaristan Temsilcili\u011fi Ba\u015fkan\u0131 Ognyan Zlatev de haz\u0131r bulundular.<\/p><div id=\"bghab-3092671113\" class=\"bghab-icerik-icine bghab-entity-placement\"><script async src=\"\/\/pagead2.googlesyndication.com\/pagead\/js\/adsbygoogle.js?client=ca-pub-6203283170189293\" crossorigin=\"anonymous\"><\/script><ins class=\"adsbygoogle\" style=\"display:block; text-align:center;\" data-ad-client=\"ca-pub-6203283170189293\" \ndata-ad-slot=\"7303146466\" \ndata-ad-layout=\"in-article\"\ndata-ad-format=\"fluid\" data-full-width-responsive=\"true\"><\/ins>\n<script> \n(adsbygoogle = window.adsbygoogle || []).push({}); \n<\/script>\n<\/div>\n<p>&nbsp;<\/p>\n<p>K\u0131rcaali Haber<\/p>\n<div id=\"bghab-2488769444\" class=\"bghab-yazi-altinda bghab-entity-placement\"><div class=\"bghab-adlabel\">Reklamlar<\/div><script async src=\"https:\/\/pagead2.googlesyndication.com\/pagead\/js\/adsbygoogle.js\"><\/script>\r\n<!-- bghaber-yaz\u0131-sonu -->\r\n<ins class=\"adsbygoogle\"\r\n     style=\"display:block\"\r\n     data-ad-client=\"ca-pub-6203283170189293\"\r\n     data-ad-slot=\"4222328180\"\r\n     data-ad-format=\"auto\"\r\n     data-full-width-responsive=\"true\"><\/ins>\r\n<script>\r\n     (adsbygoogle = window.adsbygoogle || []).push({});\r\n<\/script><\/div><br style=\"clear: both; display: block; float: none;\"\/>","protected":false},"excerpt":{"rendered":"<p>Haskovo\u2019ya (Hask\u00f6y) ba\u011fl\u0131 kapl\u0131calar\u0131yla \u00fcnl\u00fc il\u00e7e merkezi Mineralni Bani (Meri\u00e7ler) Belediye Ba\u015fkan\u0131 M\u00fcm\u00fcn \u0130skender, \u00c7al\u0131\u015fma ve Sosyal Politikalar Bakan Yard\u0131mc\u0131s\u0131 Sultanka Petrova\u2019dan 55 ya\u015f\u0131n \u00fczerindeki<\/p>\n","protected":false},"author":29,"featured_media":27400,"comment_status":"closed","ping_status":"closed","sticky":false,"template":"","format":"standard","meta":{"advanced_seo_description":"","jetpack_seo_html_title":"","jetpack_seo_noindex":false,"_jetpack_memberships_contains_paid_content":false,"footnotes":""},"categories":[1,4],"tags":[],"class_list":["post-27399","post","type-post","status-publish","format-standard","has-post-thumbnail","hentry","category-haberler","category-siyaset"],"jetpack_featured_media_url":"https:\/\/i0.wp.com\/www.bghaber.org\/bghaber\/wp-content\/uploads\/2018\/02\/Mineralni-Bani-Meri%C3%A7ler-Belediye-Ba%C5%9Fkan%C4%B1-M%C3%BCm%C3%BCn-%C4%B0skender.jpg?fit=1024%2C680&ssl=1","jetpack_sharing_enabled":true,"jetpack_likes_enabled":true,"jetpack-related-posts":[],"jetpack_shortlink":"https:\/\/wp.me\/pc2PfJ-77V","_links":{"self":[{"href":"https:\/\/www.bghaber.org\/bghaber\/wp-json\/wp\/v2\/posts\/27399","targetHints":{"allow":["GET"]}}],"collection":[{"href":"https:\/\/www.bghaber.org\/bghaber\/wp-json\/wp\/v2\/posts"}],"about":[{"href":"https:\/\/www.bghaber.org\/bghaber\/wp-json\/wp\/v2\/types\/post"}],"author":[{"embeddable":true,"href":"https:\/\/www.bghaber.org\/bghaber\/wp-json\/wp\/v2\/users\/29"}],"replies":[{"embeddable":true,"href":"https:\/\/www.bghaber.org\/bghaber\/wp-json\/wp\/v2\/comments?post=27399"}],"version-history":[{"count":0,"href":"https:\/\/www.bghaber.org\/bghaber\/wp-json\/wp\/v2\/posts\/27399\/revisions"}],"wp:featuredmedia":[{"embeddable":true,"href":"https:\/\/www.bghaber.org\/bghaber\/wp-json\/wp\/v2\/media\/27400"}],"wp:attachment":[{"href":"https:\/\/www.bghaber.org\/bghaber\/wp-json\/wp\/v2\/media?parent=27399"}],"wp:term":[{"taxonomy":"category","embeddable":true,"href":"https:\/\/www.bghaber.org\/bghaber\/wp-json\/wp\/v2\/categories?post=27399"},{"taxonomy":"post_tag","embeddable":true,"href":"https:\/\/www.bghaber.org\/bghaber\/wp-json\/wp\/v2\/tags?post=27399"}],"curies":[{"name":"wp","href":"https:\/\/api.w.org\/{rel}","templated":true}]}}