{"id":27396,"date":"2018-02-20T09:15:51","date_gmt":"2018-02-20T06:15:51","guid":{"rendered":"http:\/\/www.bghaber.org\/bghaber\/?p=27396"},"modified":"2019-07-06T20:59:09","modified_gmt":"2019-07-06T17:59:09","slug":"susam-koyunde-bag-kesimi-kutlamalari","status":"publish","type":"post","link":"https:\/\/www.bghaber.org\/bghaber\/susam-koyunde-bag-kesimi-kutlamalari\/","title":{"rendered":"Susam K\u00f6y\u00fc&#8217;nde ba\u011f kesimi kutlamalar\u0131"},"content":{"rendered":"<p>Haskovo\u2019ya (Hask\u00f6y) ba\u011fl\u0131 kapl\u0131calar\u0131yla \u00fcnl\u00fc il\u00e7e merkezi Mineralni Bani\u2019ye (Meri\u00e7ler) ba\u011fl\u0131 Susam k\u00f6y\u00fcnde d\u00fczenlenen sembolik ba\u011f kesimine Fransa, G\u00fcney Kore ve Cezayir b\u00fcy\u00fckel\u00e7ileri, bir\u00e7ok diplomat, belediye ba\u015fkan\u0131, i\u015f d\u00fcnyas\u0131, devlet kurumlar\u0131 ve sivil toplum kurulu\u015flar\u0131n\u0131n temsilcileri kat\u0131ld\u0131lar.<\/p>\n<p>Etkinlikte yapt\u0131\u011f\u0131 selamlama konu\u015fmas\u0131nda Mineralni Bani Belediye Ba\u015fkan\u0131 M\u00fcm\u00fcn \u0130skender, \u015funlar\u0131 kaydetti: \u201cMineralni Bani Ulusal Kapl\u0131calar\u0131nda turizm ve \u015farap\u00e7\u0131l\u0131k \u00e7ok dinamik olarak geli\u015fiyor. Bulgaristan&#8217;da balneo ve SPA merkezi haline geldik. Ba\u011flar\u0131m\u0131z 256 hektard\u0131r, i\u015fler art\u0131yor, bu sekt\u00f6rde yeni yat\u0131r\u0131mlar bekliyoruz\u201d.<\/p>\n<p>M\u00fcm\u00fcn \u0130skender\u2019in \u00fcst d\u00fczey konuklar\u0131 aras\u0131nda Fransa B\u00fcy\u00fckel\u00e7isi Eric Lobendel, G\u00fcney Kore B\u00fcy\u00fckel\u00e7isi Shin Bunam, Cezayir B\u00fcy\u00fckel\u00e7isi Latifa Benazza ve Avrupa Komisyonu Bulgaristan Temsilcili\u011fi Ba\u015fkan\u0131 Ognyan Zlatev haz\u0131r bulundular. Etkinlikte ayr\u0131ca Bulgaristan Sanayi ve Odas\u0131 Ba\u015fkan\u0131 Tsvetan Simeonov ve geleneksel olarak ev sahipli\u011fi yapan Haskovo Ticaret ve Sanayi Odas\u0131 Ba\u015fkan\u0131 Yan\u00e7o Yanev de yer ald\u0131lar. Konuklar, Mineral Bani\u2019nin g\u00fczelli\u011fine ve do\u011fas\u0131na hayran kald\u0131klar\u0131n\u0131 belirttiler, zengin bir folklor program\u0131n\u0131 izleme ve Haskovo\u2019nun y\u00f6resel yemeklerinin ve \u00f6zel se\u00e7ilmi\u015f \u015faraplar\u0131n tad\u0131na bakma f\u0131rsat\u0131 buldular.<\/p>\n<p>&nbsp;<\/p>\n<p>K\u0131rcaali Haber<\/p><div id=\"bghab-743972197\" class=\"bghab-icerik-icine bghab-entity-placement\"><script async src=\"\/\/pagead2.googlesyndication.com\/pagead\/js\/adsbygoogle.js?client=ca-pub-6203283170189293\" crossorigin=\"anonymous\"><\/script><ins class=\"adsbygoogle\" style=\"display:block; text-align:center;\" data-ad-client=\"ca-pub-6203283170189293\" \ndata-ad-slot=\"7303146466\" \ndata-ad-layout=\"in-article\"\ndata-ad-format=\"fluid\" data-full-width-responsive=\"true\"><\/ins>\n<script> \n(adsbygoogle = window.adsbygoogle || []).push({}); \n<\/script>\n<\/div>\n<div id=\"bghab-3876094411\" class=\"bghab-yazi-altinda bghab-entity-placement\"><div class=\"bghab-adlabel\">Reklamlar<\/div><script async src=\"https:\/\/pagead2.googlesyndication.com\/pagead\/js\/adsbygoogle.js\"><\/script>\r\n<!-- bghaber-yaz\u0131-sonu -->\r\n<ins class=\"adsbygoogle\"\r\n     style=\"display:block\"\r\n     data-ad-client=\"ca-pub-6203283170189293\"\r\n     data-ad-slot=\"4222328180\"\r\n     data-ad-format=\"auto\"\r\n     data-full-width-responsive=\"true\"><\/ins>\r\n<script>\r\n     (adsbygoogle = window.adsbygoogle || []).push({});\r\n<\/script><\/div><br style=\"clear: both; display: block; float: none;\"\/>","protected":false},"excerpt":{"rendered":"<p>Haskovo\u2019ya (Hask\u00f6y) ba\u011fl\u0131 kapl\u0131calar\u0131yla \u00fcnl\u00fc il\u00e7e merkezi Mineralni Bani\u2019ye (Meri\u00e7ler) ba\u011fl\u0131 Susam k\u00f6y\u00fcnde d\u00fczenlenen sembolik ba\u011f kesimine Fransa, G\u00fcney Kore ve Cezayir b\u00fcy\u00fckel\u00e7ileri, bir\u00e7ok diplomat,<\/p>\n","protected":false},"author":29,"featured_media":27397,"comment_status":"closed","ping_status":"closed","sticky":false,"template":"","format":"standard","meta":{"advanced_seo_description":"","jetpack_seo_html_title":"","jetpack_seo_noindex":false,"_jetpack_memberships_contains_paid_content":false,"footnotes":""},"categories":[10],"tags":[],"class_list":["post-27396","post","type-post","status-publish","format-standard","has-post-thumbnail","hentry","category-kultur-sanat"],"jetpack_featured_media_url":"https:\/\/i0.wp.com\/www.bghaber.org\/bghaber\/wp-content\/uploads\/2018\/02\/susam-koyunda-bag-kesimi-haskoy-haskovo.jpg?fit=1024%2C680&ssl=1","jetpack_sharing_enabled":true,"jetpack_likes_enabled":true,"jetpack-related-posts":[],"jetpack_shortlink":"https:\/\/wp.me\/pc2PfJ-77S","_links":{"self":[{"href":"https:\/\/www.bghaber.org\/bghaber\/wp-json\/wp\/v2\/posts\/27396","targetHints":{"allow":["GET"]}}],"collection":[{"href":"https:\/\/www.bghaber.org\/bghaber\/wp-json\/wp\/v2\/posts"}],"about":[{"href":"https:\/\/www.bghaber.org\/bghaber\/wp-json\/wp\/v2\/types\/post"}],"author":[{"embeddable":true,"href":"https:\/\/www.bghaber.org\/bghaber\/wp-json\/wp\/v2\/users\/29"}],"replies":[{"embeddable":true,"href":"https:\/\/www.bghaber.org\/bghaber\/wp-json\/wp\/v2\/comments?post=27396"}],"version-history":[{"count":0,"href":"https:\/\/www.bghaber.org\/bghaber\/wp-json\/wp\/v2\/posts\/27396\/revisions"}],"wp:featuredmedia":[{"embeddable":true,"href":"https:\/\/www.bghaber.org\/bghaber\/wp-json\/wp\/v2\/media\/27397"}],"wp:attachment":[{"href":"https:\/\/www.bghaber.org\/bghaber\/wp-json\/wp\/v2\/media?parent=27396"}],"wp:term":[{"taxonomy":"category","embeddable":true,"href":"https:\/\/www.bghaber.org\/bghaber\/wp-json\/wp\/v2\/categories?post=27396"},{"taxonomy":"post_tag","embeddable":true,"href":"https:\/\/www.bghaber.org\/bghaber\/wp-json\/wp\/v2\/tags?post=27396"}],"curies":[{"name":"wp","href":"https:\/\/api.w.org\/{rel}","templated":true}]}}