{"id":27393,"date":"2018-02-19T23:09:43","date_gmt":"2018-02-19T20:09:43","guid":{"rendered":"http:\/\/www.bghaber.org\/bghaber\/?p=27393"},"modified":"2019-07-06T20:59:09","modified_gmt":"2019-07-06T17:59:09","slug":"kircaali-habere-turksoy-basin-odulu-verildi","status":"publish","type":"post","link":"https:\/\/www.bghaber.org\/bghaber\/kircaali-habere-turksoy-basin-odulu-verildi\/","title":{"rendered":"K\u0131rcaali Haber\u2019e T\u00dcRKSOY Bas\u0131n \u00d6d\u00fcl\u00fc Verildi"},"content":{"rendered":"<p>K\u0131rcaali Haber Gazetesi Genel Yay\u0131n Y\u00f6netmeni M\u00fczekki Ahmet\u2019e T\u00fcrk k\u00fclt\u00fcr\u00fcn\u00fcn tan\u0131t\u0131lmas\u0131 ve zenginle\u015ftirilmesine sa\u011flad\u0131\u011f\u0131 katk\u0131lar\u0131ndan dolay\u0131 d\u00fcn ak\u015fam (16.02.2018) &#8220;T\u00dcRKSOY Bas\u0131n \u00d6d\u00fcl\u00fc&#8221; verildi.<\/p>\n<p>Kastamonu&#8217;nun 2018 y\u0131l\u0131 T\u00fcrk D\u00fcnyas\u0131 K\u00fclt\u00fcr Ba\u015fkenti ilan edilmesi nedeniyle Kastamonu Belediyesi Konferans Salonu&#8217;nda, Uluslararas\u0131 T\u00fcrk K\u00fclt\u00fcr\u00fc Te\u015fkilat\u0131 (T\u00dcRKSOY) taraf\u0131ndan &#8220;T\u00dcRKSOY Bas\u0131n \u00d6d\u00fcl\u00fc&#8221; t\u00f6reni d\u00fczenlendi.<\/p>\n<p>Kazakistanl\u0131 \u015fair Ma\u011fcan Cumabay&#8217;\u0131 anma y\u0131l\u0131 a\u00e7\u0131l\u0131\u015f t\u00f6reniyle e\u015f zamanl\u0131 d\u00fczenlenen \u00f6d\u00fcl t\u00f6reninde 10 \u00fclkeden 16 bas\u0131n mensubuna \u00f6d\u00fclleri takdim edildi.<\/p>\n<p>T\u00fcrk k\u00fclt\u00fcr\u00fcn\u00fcn tan\u0131t\u0131lmas\u0131 ve zenginle\u015ftirilmesine sa\u011flad\u0131\u011f\u0131 katk\u0131lardan dolay\u0131 K\u0131rcaali Haber\u2019e T\u00dcRKSOY Bas\u0131n \u00d6d\u00fcl\u00fc verildi. Gazetenin Genel Yay\u0131n Y\u00f6netmeni M\u00fczekki Ahmet, T\u00dcRKSOY Bas\u0131n \u00d6d\u00fcl\u00fc\u2019n\u00fc AK Parti Kastamonu milletvekilleri Metin \u00c7elik\u2019in elinden ald\u0131. 10 y\u0131l s\u0131ras\u0131yla verilen \u00f6d\u00fcl\u00fc ilk kez Bulgaristan\u2019dan bir gazeteci ald\u0131.<\/p>\n<p>T\u00f6rende T\u00fcrkiye, KKTC, Azerbaycan, Kazakistan, K\u0131rg\u0131zistan, Tataristan, Ba\u015fkurdistan, Bulgaristan, Makedonya ve Kosova&#8217;dan 15 ba\u015far\u0131l\u0131 gazeteciye \u00f6d\u00fclleri takdim edildi.<\/p><div id=\"bghab-3580053258\" class=\"bghab-icerik-icine bghab-entity-placement\"><script async src=\"\/\/pagead2.googlesyndication.com\/pagead\/js\/adsbygoogle.js?client=ca-pub-6203283170189293\" crossorigin=\"anonymous\"><\/script><ins class=\"adsbygoogle\" style=\"display:block; text-align:center;\" data-ad-client=\"ca-pub-6203283170189293\" \ndata-ad-slot=\"7303146466\" \ndata-ad-layout=\"in-article\"\ndata-ad-format=\"fluid\" data-full-width-responsive=\"true\"><\/ins>\n<script> \n(adsbygoogle = window.adsbygoogle || []).push({}); \n<\/script>\n<\/div>\n<p>\u00d6d\u00fcl t\u00f6reni \u00f6ncesinde gazeteciler Kastamonu Valisi Ya\u015far Karadeniz ve Belediye Ba\u015fkan\u0131 Tahsin Baba\u015f taraf\u0131ndan da kabul edildiler. Yetkililer, Kastamonu hakk\u0131nda bilgi verirken Kastamonu&#8217;nun 2018 y\u0131l\u0131 T\u00fcrk D\u00fcnyas\u0131 K\u00fclt\u00fcr Ba\u015fkenti ilan edilmesi vesilesiyle d\u00fczenlenmesi planlanan etkinliklerden de bilgi verdi.<\/p>\n<p>T\u00f6rene, Kastamonu Valisi Ya\u015far Karadeniz, AK Parti Kastamonu milletvekilleri Murat Demir ve Metin \u00c7elik, Kastamonu Belediye Ba\u015fkan\u0131 Tahsin Baba\u015f, T\u00dcRKSOY Genel Sekreteri D\u00fcsen Kaseinov ile \u00e7ok say\u0131da davetli kat\u0131ld\u0131.<\/p>\n<p>\u00d6d\u00fcl kazanan gazeteciler Kastamonu\u2019nun tarihi yerlerini gezme f\u0131rsat\u0131 da buldu.<\/p>\n<p>&nbsp;<\/p>\n<p>K\u0131rcaali Haber<\/p><div id=\"bghab-732343968\" class=\"bghab-icerik-icine-10-paragraf bghab-entity-placement\"><script async src=\"\/\/pagead2.googlesyndication.com\/pagead\/js\/adsbygoogle.js?client=ca-pub-6203283170189293\" crossorigin=\"anonymous\"><\/script><ins class=\"adsbygoogle\" style=\"display:block; text-align:center;\" data-ad-client=\"ca-pub-6203283170189293\" \ndata-ad-slot=\"7303146466\" \ndata-ad-layout=\"in-article\"\ndata-ad-format=\"fluid\" data-full-width-responsive=\"true\"><\/ins>\n<script> \n(adsbygoogle = window.adsbygoogle || []).push({}); \n<\/script>\n<\/div>\n<div id=\"bghab-2155941536\" class=\"bghab-yazi-altinda bghab-entity-placement\"><div class=\"bghab-adlabel\">Reklamlar<\/div><script async src=\"https:\/\/pagead2.googlesyndication.com\/pagead\/js\/adsbygoogle.js\"><\/script>\r\n<!-- bghaber-yaz\u0131-sonu -->\r\n<ins class=\"adsbygoogle\"\r\n     style=\"display:block\"\r\n     data-ad-client=\"ca-pub-6203283170189293\"\r\n     data-ad-slot=\"4222328180\"\r\n     data-ad-format=\"auto\"\r\n     data-full-width-responsive=\"true\"><\/ins>\r\n<script>\r\n     (adsbygoogle = window.adsbygoogle || []).push({});\r\n<\/script><\/div><br style=\"clear: both; display: block; float: none;\"\/>","protected":false},"excerpt":{"rendered":"<p>K\u0131rcaali Haber Gazetesi Genel Yay\u0131n Y\u00f6netmeni M\u00fczekki Ahmet\u2019e T\u00fcrk k\u00fclt\u00fcr\u00fcn\u00fcn tan\u0131t\u0131lmas\u0131 ve zenginle\u015ftirilmesine sa\u011flad\u0131\u011f\u0131 katk\u0131lar\u0131ndan dolay\u0131 d\u00fcn ak\u015fam (16.02.2018) &#8220;T\u00dcRKSOY Bas\u0131n \u00d6d\u00fcl\u00fc&#8221; verildi. Kastamonu&#8217;nun 2018<\/p>\n","protected":false},"author":29,"featured_media":27394,"comment_status":"closed","ping_status":"closed","sticky":false,"template":"","format":"standard","meta":{"advanced_seo_description":"","jetpack_seo_html_title":"","jetpack_seo_noindex":false,"_jetpack_memberships_contains_paid_content":false,"footnotes":""},"categories":[10],"tags":[],"class_list":["post-27393","post","type-post","status-publish","format-standard","has-post-thumbnail","hentry","category-kultur-sanat"],"jetpack_featured_media_url":"https:\/\/i0.wp.com\/www.bghaber.org\/bghaber\/wp-content\/uploads\/2018\/02\/kircaali-haber-turksoy-basin-odulu.jpg?fit=1024%2C676&ssl=1","jetpack_sharing_enabled":true,"jetpack_likes_enabled":true,"jetpack-related-posts":[],"jetpack_shortlink":"https:\/\/wp.me\/pc2PfJ-77P","_links":{"self":[{"href":"https:\/\/www.bghaber.org\/bghaber\/wp-json\/wp\/v2\/posts\/27393","targetHints":{"allow":["GET"]}}],"collection":[{"href":"https:\/\/www.bghaber.org\/bghaber\/wp-json\/wp\/v2\/posts"}],"about":[{"href":"https:\/\/www.bghaber.org\/bghaber\/wp-json\/wp\/v2\/types\/post"}],"author":[{"embeddable":true,"href":"https:\/\/www.bghaber.org\/bghaber\/wp-json\/wp\/v2\/users\/29"}],"replies":[{"embeddable":true,"href":"https:\/\/www.bghaber.org\/bghaber\/wp-json\/wp\/v2\/comments?post=27393"}],"version-history":[{"count":0,"href":"https:\/\/www.bghaber.org\/bghaber\/wp-json\/wp\/v2\/posts\/27393\/revisions"}],"wp:featuredmedia":[{"embeddable":true,"href":"https:\/\/www.bghaber.org\/bghaber\/wp-json\/wp\/v2\/media\/27394"}],"wp:attachment":[{"href":"https:\/\/www.bghaber.org\/bghaber\/wp-json\/wp\/v2\/media?parent=27393"}],"wp:term":[{"taxonomy":"category","embeddable":true,"href":"https:\/\/www.bghaber.org\/bghaber\/wp-json\/wp\/v2\/categories?post=27393"},{"taxonomy":"post_tag","embeddable":true,"href":"https:\/\/www.bghaber.org\/bghaber\/wp-json\/wp\/v2\/tags?post=27393"}],"curies":[{"name":"wp","href":"https:\/\/api.w.org\/{rel}","templated":true}]}}