{"id":27390,"date":"2018-02-19T21:09:25","date_gmt":"2018-02-19T18:09:25","guid":{"rendered":"http:\/\/www.bghaber.org\/bghaber\/?p=27390"},"modified":"2019-07-06T20:59:09","modified_gmt":"2019-07-06T17:59:09","slug":"kircaali-30-yil-aradan-sonra-erkek-gures-sampiyonu-var","status":"publish","type":"post","link":"https:\/\/www.bghaber.org\/bghaber\/kircaali-30-yil-aradan-sonra-erkek-gures-sampiyonu-var\/","title":{"rendered":"K\u0131rcaali&#8217;nin 30 y\u0131l aradan sonra erkek g\u00fcre\u015f \u015fampiyonu var"},"content":{"rendered":"<p>\u0130nan\u0131lmaz bir ba\u015far\u0131! K\u0131rcaali ilinin 30 y\u0131l aradan sonra B\u00fcy\u00fck Erkekler Serbest G\u00fcre\u015f Bulgaristan \u015eampiyonas\u0131\u2019nda \u015fampiyonu var. Bu \u015fampiyon, Stremtsi (G\u00f6klemezler) Krepost G\u00fcre\u015f Spor Kul\u00fcb\u00fc g\u00fcre\u015f\u00e7isi Bayram \u015eaban\u2019d\u0131r. Final ma\u00e7ta Bayram \u015eaban, Stanka Zlateva\u2019n\u0131n yeti\u015ftirdi\u011fi ve onun ad\u0131n\u0131 ta\u015f\u0131yan kul\u00fcpte oynayan bir g\u00fcre\u015f\u00e7iye galip geldi. 22 ya\u015f\u0131nda olan Bayram \u015eaban, halihaz\u0131rda Stremtsi\u2019de kul\u00fcb\u00fcn gen\u00e7 tak\u0131m\u0131n\u0131n antren\u00f6r\u00fcd\u00fcr.<\/p>\n<p>61 kg kategorisinde m\u00fccadele eden Bayram \u015eaban\u2019\u0131n Bulgaristan \u015fampiyonlu\u011funa imza att\u0131\u011f\u0131 B\u00fcy\u00fck Erkekler Ferdi Bulgaristan Serbest G\u00fcre\u015f \u015eampiyonas\u0131, 16-18 \u015eubat 2018 tarihlerinde Sliven (\u0130slimye) \u015fehrinde ger\u00e7ekle\u015ftirildi. \u015eampiyonada Bulgaristan G\u00fcre\u015f Federasyonu Onursal Ba\u015fkan\u0131 Valentin Ivanov da haz\u0131r bulundu.<\/p>\n<p>Krepost G\u00fcre\u015f Kul\u00fcb\u00fc Ba\u015fkan\u0131 Velatin Veli, kul\u00fcb\u00fcn b\u00fcy\u00fck erkeklerde yar\u0131\u015fan bir yar\u0131\u015fmac\u0131s\u0131n\u0131n daha oldu\u011funu a\u00e7\u0131klad\u0131. 65 kg alt\u0131 kategorisinde m\u00fccadele eden Mehmet Mustafa\u2019n\u0131n final s\u0131ralamada alt\u0131nc\u0131 oldu\u011funu belirtti. Sadece yapt\u0131\u011f\u0131 antrenmanlar\u0131n yetersiz olmas\u0131ndan dolay\u0131 Mehmet Mustafa\u2019n\u0131n dereceye giremedi\u011fi anla\u015f\u0131ld\u0131.<\/p>\n<p>Velatin Veli\u2019nin kul\u00fcb\u00fcnde yeti\u015ftirdi\u011fi Bayram \u015eaban\u2019a alt\u0131n madalyas\u0131n\u0131 bizzat kendisinin takdim etme hakk\u0131 oldu.<\/p>\n<p>Bu alt\u0131n madalya, Stremtsi Krepost G\u00fcre\u015f Spor Kul\u00fcb\u00fc\u2019n\u00fcn kazand\u0131\u011f\u0131 ikinci alt\u0131n madalyad\u0131r. Gen\u00e7 Erkekler Serbest G\u00fcre\u015f Bulgaristan \u015eampiyonas\u0131\u2019nda Can Bekir, birincili\u011fi elde ederek, alt\u0131n madalya kazand\u0131.<\/p><div id=\"bghab-2986400331\" class=\"bghab-icerik-icine bghab-entity-placement\"><script async src=\"\/\/pagead2.googlesyndication.com\/pagead\/js\/adsbygoogle.js?client=ca-pub-6203283170189293\" crossorigin=\"anonymous\"><\/script><ins class=\"adsbygoogle\" style=\"display:block; text-align:center;\" data-ad-client=\"ca-pub-6203283170189293\" \ndata-ad-slot=\"7303146466\" \ndata-ad-layout=\"in-article\"\ndata-ad-format=\"fluid\" data-full-width-responsive=\"true\"><\/ins>\n<script> \n(adsbygoogle = window.adsbygoogle || []).push({}); \n<\/script>\n<\/div>\n<p>&nbsp;<\/p>\n<p>K\u0131rcaali Haber<\/p>\n<div id=\"bghab-2257408447\" class=\"bghab-yazi-altinda bghab-entity-placement\"><div class=\"bghab-adlabel\">Reklamlar<\/div><script async src=\"https:\/\/pagead2.googlesyndication.com\/pagead\/js\/adsbygoogle.js\"><\/script>\r\n<!-- bghaber-yaz\u0131-sonu -->\r\n<ins class=\"adsbygoogle\"\r\n     style=\"display:block\"\r\n     data-ad-client=\"ca-pub-6203283170189293\"\r\n     data-ad-slot=\"4222328180\"\r\n     data-ad-format=\"auto\"\r\n     data-full-width-responsive=\"true\"><\/ins>\r\n<script>\r\n     (adsbygoogle = window.adsbygoogle || []).push({});\r\n<\/script><\/div><br style=\"clear: both; display: block; float: none;\"\/>","protected":false},"excerpt":{"rendered":"<p>\u0130nan\u0131lmaz bir ba\u015far\u0131! K\u0131rcaali ilinin 30 y\u0131l aradan sonra B\u00fcy\u00fck Erkekler Serbest G\u00fcre\u015f Bulgaristan \u015eampiyonas\u0131\u2019nda \u015fampiyonu var. Bu \u015fampiyon, Stremtsi (G\u00f6klemezler) Krepost G\u00fcre\u015f Spor Kul\u00fcb\u00fc<\/p>\n","protected":false},"author":29,"featured_media":27391,"comment_status":"closed","ping_status":"closed","sticky":false,"template":"","format":"standard","meta":{"advanced_seo_description":"","jetpack_seo_html_title":"","jetpack_seo_noindex":false,"_jetpack_memberships_contains_paid_content":false,"footnotes":""},"categories":[1,7],"tags":[],"class_list":["post-27390","post","type-post","status-publish","format-standard","has-post-thumbnail","hentry","category-haberler","category-saglik-spor"],"jetpack_featured_media_url":"https:\/\/i0.wp.com\/www.bghaber.org\/bghaber\/wp-content\/uploads\/2018\/02\/kircaali-gures-sampiyonu.jpg?fit=750%2C507&ssl=1","jetpack_sharing_enabled":true,"jetpack_likes_enabled":true,"jetpack-related-posts":[],"jetpack_shortlink":"https:\/\/wp.me\/pc2PfJ-77M","_links":{"self":[{"href":"https:\/\/www.bghaber.org\/bghaber\/wp-json\/wp\/v2\/posts\/27390","targetHints":{"allow":["GET"]}}],"collection":[{"href":"https:\/\/www.bghaber.org\/bghaber\/wp-json\/wp\/v2\/posts"}],"about":[{"href":"https:\/\/www.bghaber.org\/bghaber\/wp-json\/wp\/v2\/types\/post"}],"author":[{"embeddable":true,"href":"https:\/\/www.bghaber.org\/bghaber\/wp-json\/wp\/v2\/users\/29"}],"replies":[{"embeddable":true,"href":"https:\/\/www.bghaber.org\/bghaber\/wp-json\/wp\/v2\/comments?post=27390"}],"version-history":[{"count":0,"href":"https:\/\/www.bghaber.org\/bghaber\/wp-json\/wp\/v2\/posts\/27390\/revisions"}],"wp:featuredmedia":[{"embeddable":true,"href":"https:\/\/www.bghaber.org\/bghaber\/wp-json\/wp\/v2\/media\/27391"}],"wp:attachment":[{"href":"https:\/\/www.bghaber.org\/bghaber\/wp-json\/wp\/v2\/media?parent=27390"}],"wp:term":[{"taxonomy":"category","embeddable":true,"href":"https:\/\/www.bghaber.org\/bghaber\/wp-json\/wp\/v2\/categories?post=27390"},{"taxonomy":"post_tag","embeddable":true,"href":"https:\/\/www.bghaber.org\/bghaber\/wp-json\/wp\/v2\/tags?post=27390"}],"curies":[{"name":"wp","href":"https:\/\/api.w.org\/{rel}","templated":true}]}}