{"id":27383,"date":"2018-02-19T17:43:54","date_gmt":"2018-02-19T14:43:54","guid":{"rendered":"http:\/\/www.bghaber.org\/bghaber\/?p=27383"},"modified":"2018-02-20T08:11:42","modified_gmt":"2018-02-20T05:11:42","slug":"bataklik-donmus","status":"publish","type":"post","link":"https:\/\/www.bghaber.org\/bghaber\/bataklik-donmus\/","title":{"rendered":"Batakl\u0131k Donmu\u015f"},"content":{"rendered":"<p>Tarih: 18 \u015eubat 2018<\/p>\n<p>Yazan: Dr. Nedim B\u0130R\u0130NC\u0130<\/p>\n<p>Konu:\u00a0\u00a0 <strong>Bulgaristan\u2019da ana \u00e7eli\u015fki az\u0131nl\u0131k haklar\u0131 olmaya devam ediyor.<\/strong><\/p>\n<p>2017 y\u0131l\u0131nda Bulgaristan\u2019da ulusal kapsaml\u0131 ve ge\u00e7erli 6 sosyolojik ara\u015ft\u0131rma yap\u0131ld\u0131.<\/p>\n<p>Bunlar de\u011fi\u015fik ajanslar taraf\u0131ndan, 26 Mart 2017 erken meclis se\u00e7imlerinden \u00f6nce ve ard\u0131ndan yap\u0131lm\u0131\u015f olsa da, sonu\u00e7lar\u0131nda \u00fclkenin \u201c<strong>buzlanm\u0131\u015f bir batakl\u0131k<\/strong>\u201d oldu\u011fu ortaya \u00e7\u0131kt\u0131. Bunu s\u00f6yleyen biz de\u011filiz. Sosyolojik ara\u015ft\u0131rma ajanslar\u0131 kendileri bu sonu\u00e7lara varm\u0131\u015ft\u0131r. Hatta baz\u0131 yay\u0131nlar, \u00fclkemize \u00fczeri buz tutmu\u015f oldu\u011fundan dolay\u0131, \u201c<strong>batakl\u0131\u011fa<\/strong>\u201d \u00a0\u201c<strong>g\u00f6l<\/strong>\u201d dedi.<\/p><div id=\"bghab-3930497988\" class=\"bghab-icerik-icine bghab-entity-placement\"><script async src=\"\/\/pagead2.googlesyndication.com\/pagead\/js\/adsbygoogle.js?client=ca-pub-6203283170189293\" crossorigin=\"anonymous\"><\/script><ins class=\"adsbygoogle\" style=\"display:block; text-align:center;\" data-ad-client=\"ca-pub-6203283170189293\" \ndata-ad-slot=\"7303146466\" \ndata-ad-layout=\"in-article\"\ndata-ad-format=\"fluid\" data-full-width-responsive=\"true\"><\/ins>\n<script> \n(adsbygoogle = window.adsbygoogle || []).push({}); \n<\/script>\n<\/div>\n<p>Bu batakl\u0131\u011f\u0131n suyu ya buharla\u015facak ve ya\u011fmur olup rahmet olarak geri d\u00f6necek, ya da toprak bu suyu i\u00e7ecek ve suyu i\u00e7ilir bir ayazma olarak geri verecektir. Bu bizim vatan\u0131m\u0131z\u0131n gelece\u011fi olacakt\u0131r.<\/p>\n<p><strong>Olay\u0131 siyaset alan\u0131na \u00e7ekti\u011fimizde ortaya \u015fu \u00e7\u0131k\u0131yor:<\/strong><\/p>\n<p>Bulgar parlamentosu D\u0131\u015f \u0130\u015fleri Komisyonu Ba\u015fkan\u0131 Bayan C. Grozdanova, g\u00fcn\u00fcm\u00fczde Bulgaristan\u2019da ve Avrupa Birli\u011fi\u2019nde en \u00f6nemli sorunun \u201c<strong>az\u0131nl\u0131klar\u0131n stat\u00fcs\u00fc<\/strong>\u201d oldu\u011funu \u201c<strong>Kanal 3<\/strong>\u201d TV\u2019de ekran\u0131nda s\u00f6yledi.\u00a0 Burada \u201c<strong>stat\u00fc<\/strong>\u201d anlam\u0131 yaln\u0131zca \u201c<strong>durum<\/strong>\u201d de\u011fildir. \u201c<strong>Hukuksal tan\u0131mda\u201d stat\u00fc kanunlarla d\u00fczenlenmemi\u015f bir toplumsal durum<\/strong> anlam\u0131ndad\u0131r. Ba\u015fka bir de\u011fi\u015fle, Anayasa ve yasalarda az\u0131nl\u0131klar\u0131n haklar\u0131 her alm\u0131yor, demektir. Burada, az\u0131nl\u0131klara ayr\u0131cal\u0131k ya da \u00f6ncelik tan\u0131nmas\u0131n\u0131 isteyen sok, istenen az\u0131nl\u0131klardan olan vatanda\u015flar\u0131n sivil toplumda e\u015fit hakl\u0131 olmas\u0131n\u0131n sa\u011flanmas\u0131d\u0131r, ama yaln\u0131zca k\u00e2\u011f\u0131t \u00fcst\u00fcnde de\u011fil, ger\u00e7ekten uygulamada da bu b\u00f6yle olmal\u0131d\u0131r.<\/p>\n<p>Bug\u00fcn 72 bin T\u00fcrk isimlerini geri almaktan korkuyor. Korkmamal\u0131d\u0131r. Neden korkuyor, \u00e7\u00fcnk\u00fc T\u00fcrk ismiyle i\u015f bulamayaca\u011f\u0131ndan, pasaport alamayaca\u011f\u0131ndan, s\u0131n\u0131rda sorun ya\u015fayaca\u011f\u0131ndan, \u00e7ocu\u011funu istedi\u011fi okula yazd\u0131ramayaca\u011f\u0131ndan, i\u015fsiz kalmaktan, korkuyor ki, bu \u201c<strong>fa\u015fist<\/strong>\u201d ve \u201c<strong>totaliter<\/strong>\u201d bir korkudur.<\/p>\n<p>Halk\u0131m\u0131z sindirilmi\u015ftir. Bu iki i\u015faret edilen toplumun ikisi de \u201c<strong>\u0131rk\u00e7\u0131<\/strong>\u201d yani \u00a0\u201c<strong>ayr\u0131mc\u0131<\/strong>\u201d anlay\u0131\u015fa dayand\u0131\u011f\u0131 i\u00e7in, halka y\u0131llarca kan kusturdu\u011fu, ailelerimizi par\u00e7alad\u0131\u011f\u0131 i\u00e7in\u201d korku deh\u015feti a\u015f\u0131lamam\u0131\u015f oldu\u011fundan dolay\u0131, nesilden nesile ge\u00e7mi\u015f, \u00e7\u00f6reklenmi\u015f ve bizi bo\u011fmaya devam ediyor.<\/p><div id=\"bghab-2954463972\" class=\"bghab-icerik-icine-10-paragraf bghab-entity-placement\"><script async src=\"\/\/pagead2.googlesyndication.com\/pagead\/js\/adsbygoogle.js?client=ca-pub-6203283170189293\" crossorigin=\"anonymous\"><\/script><ins class=\"adsbygoogle\" style=\"display:block; text-align:center;\" data-ad-client=\"ca-pub-6203283170189293\" \ndata-ad-slot=\"7303146466\" \ndata-ad-layout=\"in-article\"\ndata-ad-format=\"fluid\" data-full-width-responsive=\"true\"><\/ins>\n<script> \n(adsbygoogle = window.adsbygoogle || []).push({}); \n<\/script>\n<\/div>\n<p>Az\u0131nl\u0131klarla ilgili bu ger\u00e7ek, Fransa, Bel\u00e7ika, Romanya, Bulgaristan ve ba\u015fka bir\u00e7ok \u00fclkede de \u00e7\u00f6z\u00fcm bekleyen bir sorundur. Fransa n\u00fcfusunun \u00fc\u00e7te biri Cezayirli, Fasl\u0131 Tunuslu vb Afrika k\u00f6kenlidir. Bu ki\u015filer \u00fc\u00e7\u00fcnc\u00fc ve d\u00f6rd\u00fcnc\u00fc nesil Fransa\u2019da ya\u015fasalar, Frans\u0131zlar gibi Frans\u0131zca konu\u015fsalar da onlar bir az\u0131nl\u0131kt\u0131r ve onlar\u0131n \u201d<strong>az\u0131nl\u0131k<\/strong>\u201d sorunu \u00e7\u00f6z\u00fclmemi\u015ftir. Ku\u015fkusuz bu sorunlar \u00e7\u00f6z\u00fclmeden Avrupa Birli\u011fi\u2019nin ger\u00e7ekten b\u00fct\u00fcnle\u015fmesi bile bir dereceye kadar olanakl\u0131 olamaz. Bel\u00e7ika da ikiye b\u00f6l\u00fcnm\u00fc\u015f de\u011fil mi?<\/p>\n<p>\u015eimdi Bulgaristan \u201cChengen\u201d b\u00f6lgesine girince bu sorunu defterden silece\u011fini hesap etti\u011finden, bu konuda \u0131srar etse de, Bulgaristan\u2019\u0131n Sofya olmad\u0131\u011f\u0131n\u0131, \u00fclkenin en b\u00fcy\u00fcn etnik az\u0131nl\u0131\u011f\u0131 olan \u00c7ingene toplulu\u011funun getto-mahallerde bar\u0131nd\u0131\u011f\u0131n\u0131 herkes g\u00f6r\u00fcyor. \u00d6rne\u011fin, \u015fu d\u00f6nem yani Avrupa Konseyinin Sofya d\u00f6nem ba\u015fkanl\u0131\u011f\u0131nda Makedonya\u2019n\u0131n AB \u00fcyeli\u011fi sorunu g\u00fcndem oluyor. Belki de 2025\u2019te olabilir fikri sivrildi.<\/p>\n<p>Soruyorum? Makedonya AB\u2019ye girdi\u011finde Makedon dili resmi dil olarak AB dillerinden biri olursa, n\u00fcfusunun \u00fc\u00e7te biri olan Arnavutlar\u0131n dili ne olacak, bask\u0131 ile unutturulacak m\u0131? Kan\u0131mca sorunun ciddili\u011fi anla\u015f\u0131ld\u0131. \u00c7\u00fcnk\u00fc Romanya\u2019da da n\u00fcfusun \u00fc\u00e7te biri \u00e7ingenedir. \u00a0Bulgaristan tablosundaki renkler de ayn\u0131d\u0131r.<\/p>\n<p><strong>Bizde g\u00fcndemindeki ikinci temel sorun ise, \u201cger\u00e7ek \u00f6zg\u00fcrl\u00fcklerin\u201d olmamas\u0131d\u0131r.<\/strong><\/p>\n<p>Bulgaristan\u2019daki \u00f6zg\u00fcrl\u00fckler s\u00f6zde <em><strong>\u201c\u00f6zg\u00fcrl\u00fckt\u00fcr.\u201d<\/strong><\/em> \u015e\u00f6yle insan haklar\u0131 ve \u00f6zg\u00fcrl\u00fcklerin ger\u00e7ekten olu\u015fmas\u0131 ve geli\u015fmesi do\u011fal bir s\u00fcre\u00e7tir ve bizim toplumun b\u00fct\u00fcn\u00fcnde bu ya\u015fanmam\u0131\u015ft\u0131r. Ancak az\u0131nl\u0131klar aras\u0131nda bir sava\u015f\u0131m y\u00f6n\u00fc olarak geli\u015fmi\u015f ve \u00e7o\u011funluk taraf\u0131ndan s\u00fcrekli bast\u0131r\u0131l\u0131rken, \u00e7o\u011funluk kendini \u00f6zg\u00fcrl\u00fck\u00e7\u00fc olmaktan men etmi\u015ftir. Bulgar toplumu her zaman rejim g\u00fcc\u00fcnden yana oldu\u011fundan dolay\u0131 bask\u0131 arac\u0131 olmay\u0131 kabul etmi\u015ftir.<\/p><div id=\"bghab-2111146396\" class=\"bghab-icerik-icine-15-paragraf bghab-entity-placement\"><script async src=\"\/\/pagead2.googlesyndication.com\/pagead\/js\/adsbygoogle.js?client=ca-pub-6203283170189293\" crossorigin=\"anonymous\"><\/script><ins class=\"adsbygoogle\" style=\"display:block; text-align:center;\" data-ad-client=\"ca-pub-6203283170189293\" \ndata-ad-slot=\"7303146466\" \ndata-ad-layout=\"in-article\"\ndata-ad-format=\"fluid\" data-full-width-responsive=\"true\"><\/ins>\n<script> \n(adsbygoogle = window.adsbygoogle || []).push({}); \n<\/script>\n<\/div>\n<p>1990 Anayasa\u2019s\u0131n\u0131n haz\u0131rlan\u0131p onaylanmas\u0131 s\u00fcrecinde, Bulgarlar <strong><em>\u201csoya d\u00f6n\u00fc\u015f s\u00fcreci\u201d<\/em><\/strong> ve Bulgar demokratlar\u0131na kar\u015f\u0131 uygulanan ter\u00f6rden hesap sorulmas\u0131n diye totaliter d\u00f6nemle iplerini koparmad\u0131 ve hatta 1945\u2019te yasaklanan fa\u015fizme ye\u015ferme kap\u0131s\u0131n\u0131 aral\u0131k b\u0131rakt\u0131.<\/p>\n<p>Bulgar halk\u0131n\u0131n ve \u00fclkede ya\u015fayan t\u00fcm az\u0131nl\u0131klar\u0131n hak ve \u00f6zg\u00fcrl\u00fckleri, 1973\u20131989 kom\u00fcnist-totaliter yasaklar\u0131ndan kopar\u0131lmad\u0131. Totalitarizm g\u00f6m\u00fclmedi, totalitarizm ile demokrasi aras\u0131nda hesapla\u015fma olmad\u0131. 1990\u2019 Anayasas\u0131nda totaliter sistemden tamamen koptu\u011fumuz, halk\u0131n \u00f6zg\u00fcrl\u00fcklerine kavu\u015ftu\u011fu, az\u0131nl\u0131klara hak ve \u00f6zg\u00fcrl\u00fcklerinin tan\u0131nd\u0131\u011f\u0131 ve \u00fclkede sivil toplum d\u00fczeni kurulaca\u011f\u0131 yaz\u0131lmad\u0131. Bu Anayasan\u0131n giri\u015finde Bulgaristan&#8217;\u0131n sosyal ve demokratik bir devlet oldu\u011fu yaz\u0131yor, fakat art\u0131k 28 y\u0131ldan beri bu s\u00f6zler burada k\u00f6k salamad\u0131. Hele hele etnik az\u0131nl\u0131klar\u0131n hak ve \u00f6zg\u00fcrl\u00fckleri konular\u0131nda bir ad\u0131m ileri ad\u0131m at\u0131lamad\u0131.<\/p>\n<p>Bug\u00fcn Bulgaristan\u2019da fa\u015fizm (1934\u20131944) d\u00f6nemi mi daha k\u00f6t\u00fc idi, yoksa totalitarizm\u00a0 (1973-1989) d\u00f6nemi mi daha k\u00f6t\u00fc idi kavgas\u0131 devam ediyor. Kimse biz fa\u015fizm ve totalitarizimle ba\u011flar\u0131m\u0131z\u0131 neden koparamad\u0131k sorusuna cevap aram\u0131yor. Art\u0131k kavga \u015feklini alan bu didi\u015fme sokak ve meydanlara, radyoda, TV ekran\u0131nda ve gazetede, mecliste, k\u0131sacas\u0131 her yerde durmadan kayn\u0131yor. Ba\u015fbakan\u0131, Ba\u015fbakan Yard\u0131mc\u0131lar\u0131n\u0131 ve bakanlar, devlet kurumlar\u0131 birbirine d\u00fc\u015ft\u00fc. \u00a0\u00d6rneklemek gerekirse: bug\u00fcnk\u00fc Ba\u015fbakan Yard\u0131mc\u0131s\u0131, Savunma Bakan\u0131, Bulgaristan yak\u0131n tarihinin en kanl\u0131, en barbar ve demokratik cepheden en fazla kurban alm\u0131\u015f bir \u00f6rg\u00fct olan \u0130\u00e7 Makedon Devrim \u00d6rg\u00fct\u00fc VMRO Ba\u015fkan\u0131 Krasimir Karaka\u00e7anov\u2019un babas\u0131 1945 Halk Mahkemesi taraf\u0131ndan pek \u00e7ok insan can\u0131na k\u0131yd\u0131\u011f\u0131ndan dolay\u0131 \u201c<strong>fa\u015fist<\/strong>\u201d ilan edilerek \u00f6l\u00fcm cezas\u0131na \u00e7arpt\u0131r\u0131lm\u0131\u015ft\u0131r.<\/p>\n<p>Halk Mahkemesi karar\u0131yla idam edilen 246 ki\u015fiden biridir. Biz fa\u015fistlerin evlatlar\u0131ndan demokrat ya da liberal yeti\u015fece\u011fine inanm\u0131yoruz. Kabak kabakt\u0131r, karpuz karpuzdur. \u00a0Bulgaristan&#8217;\u0131n yak\u0131n tarihinde 2 ba\u015fbakan ve bir\u00e7ok bakan\u0131 \u00f6ld\u00fcrm\u00fc\u015f olan fa\u015fist zihniyetin kiral\u0131k katiller \u00f6rg\u00fct\u00fcn\u00fcn lideri \u015fimdi kalkm\u0131\u015f \u201c<strong>bar\u0131\u015fal\u0131m<\/strong>\u201d, ge\u00e7mi\u015fi unutal\u0131m, el ele tutunup beraberce y\u00fcr\u00fcyelim \u00e7a\u011fr\u0131s\u0131nda bulunuyor.<\/p>\n<p>17 \u015eubat 2018 g\u00fcn\u00fc en azg\u0131n fa\u015fist \u00f6rg\u00fct olan \u201c<strong>Lukov n\u00fcmayi\u015fine<\/strong>\u201d kat\u0131lanlara <strong><em>\u201chey ne yap\u0131yorsunuz, da\u011f\u0131l\u0131n!\u201d<\/em> <\/strong>demiyor. O, \u201c<strong>Gelecek Bizimdir<\/strong>!\u201d diye pankart ta\u015f\u0131yan fa\u015fist gen\u00e7lerin da\u011f\u0131t\u0131lmas\u0131n\u0131 istemedi. Bu olaylar\u0131n en k\u00f6t\u00fc taraf\u0131 ise, bu kavgan\u0131n ve fa\u015fist hortlaman\u0131n Sofya\u2019da d\u00f6nem toplant\u0131s\u0131 yapan Avrupa Konseyi\u2019nin g\u00f6z\u00fc \u00f6n\u00fcnde yap\u0131lmas\u0131d\u0131r. Ba\u015fkentimizin hortlayan Avrupa gericili\u011fine ba\u015fkent yapma \u00e7abalar\u0131n\u0131 alk\u0131\u015fl\u0131yorlar. Bu bu kahverengi veba s\u00fcr\u00fcs\u00fcne kat\u0131lamay\u0131z. \u0130kinci D\u00fcnya Sava\u015f\u0131 s\u0131ras\u0131nda Bulgar ordular\u0131n\u0131 Stalingrat Cephesine g\u00f6nderemeyen bu Hitler\u2019ciler, T\u00fcrklerden asker toplay\u0131p \u00f6l\u00fcme g\u00f6nderme hesaplar\u0131 yapm\u0131\u015ft\u0131r. 20 bin Yahudi ve \u00c7ingeneyi <strong><em>\u201cTreplika\u201d<\/em><\/strong> toplama kamp\u0131na g\u00f6nderen ve orada yak\u0131lmalar\u0131na seyirci olanlar bunlard\u0131r. Biz bu zihniyetle birlikte olamay\u0131z.<\/p><div id=\"bghab-2809035689\" class=\"bghab-icerik-icine-20-paragraf bghab-entity-placement\"><script async src=\"\/\/pagead2.googlesyndication.com\/pagead\/js\/adsbygoogle.js?client=ca-pub-6203283170189293\" crossorigin=\"anonymous\"><\/script><ins class=\"adsbygoogle\" style=\"display:block; text-align:center;\" data-ad-client=\"ca-pub-6203283170189293\" \ndata-ad-slot=\"7303146466\" \ndata-ad-layout=\"in-article\"\ndata-ad-format=\"fluid\" data-full-width-responsive=\"true\"><\/ins>\n<script> \n(adsbygoogle = window.adsbygoogle || []).push({}); \n<\/script>\n<\/div>\n<p><strong>Bug\u00fcn her \u015fey de\u011fi\u015fmi\u015f gibi g\u00f6r\u00fcnse de, ne yaz\u0131k ki de\u011fi\u015fmedi.<\/strong><\/p>\n<p>Bulgaristan toplumunda \u015f\u00f6yle bir sorun da tart\u0131\u015f\u0131l\u0131yor: \u201c<strong>D\u00fcnyay\u0131 y\u00f6neten nedir? Korku mu? Bilgelik mi?<\/strong>\u201d\u00a0 Yap\u0131lan anketlerden al\u0131nan sonu\u00e7lar: \u201c<strong>G\u00fcn\u00fcm\u00fczde d\u00fcnyay\u0131 para ve enformasyonun (bilgilendirme)y\u00f6netti\u011fi\u201d<\/strong> fazla puan al\u0131yor. Politikac\u0131lar insano\u011flunun kendini parayla al\u0131p sat\u0131lan bir meta (mal) olarak g\u00f6rd\u00fc\u011f\u00fcn\u00fc s\u00f6yl\u00fcyor.<\/p>\n<p>Bizde 1990 Anayasas\u0131 ko\u015fullar\u0131nda yeti\u015fen ve art\u0131k 20-30 ya\u015f\u0131nda olan ku\u015fa\u011f\u0131n irade kodlar\u0131n\u0131n ba\u015f\u0131nda gelen budur. Bu nedenle, ben kendimi Bulgaristan\u2019da ucuza satmaktansa gidip \u0130ngiltere\u2019de, \u0130rlanda\u2019da daha pahal\u0131ya satay\u0131m zihniyeti \u00fcst\u00fcnl\u00fck sa\u011flad\u0131\u011f\u0131ndan dolay\u0131 3 milyon vatanda\u015f\u0131m\u0131z \u00fclkeyi terk etti.<\/p>\n<p>Bu gidi\u015fin y\u00f6n de\u011fi\u015ftirmesi i\u00e7in, yani gidenlerin geri d\u00f6nmeleri i\u00e7in, vatanda\u015flar\u0131m\u0131z\u0131n i\u00e7lerindeki korkuyu yenmesi, \u00e7a\u011fresizlikle ba\u015fa \u00e7\u0131kabileceklerine inanmalar\u0131, f\u0131rsat bulup bilin\u00e7 de\u011fi\u015ftirmesi, bunu yapabilmek i\u00e7in de bir\u00e7ok \u015feye katlanmas\u0131 gerekiyor. Fakat yeni ku\u015fakta b\u00f6yle bir y\u00fcreklilik ve at\u0131l\u0131m haz\u0131rl\u0131\u011f\u0131 g\u00f6zlenmiyor.<\/p>\n<p>Gen\u00e7 ku\u015fak 1990\u2019l\u0131 y\u0131llarda s.o. Ge\u00e7i\u015f D\u00f6nemi kar\u0131\u015f\u0131kl\u0131\u011f\u0131 i\u00e7inde, okul g\u00f6remedi, diplomal\u0131 olsalar da kendilerinde gerekli birikim yok, i\u015fe gidenler hi\u00e7bir nitelik g\u00f6steremedikleri gibi, kendi \u00e7ocuklar\u0131n\u0131 da \u00f6zg\u00fcrl\u00fck\u00e7\u00fc ve\u00a0 yarat\u0131c\u0131 bir ruhla yeti\u015ftirme hevesiyle ya\u015fam\u0131yorlar. Bu nedenle okul programlar\u0131 ve okullardaki durumu yans\u0131tan TV programlar\u0131nda, gazetelerde \u00e7\u0131kan yaz\u0131larda, belediye meclisi toplant\u0131lar\u0131nda \u00e7ok s\u0131k olmak \u00fczere okul i\u00e7i \u015fiddetten, \u00f6n\u00fc al\u0131namayan bask\u0131lardan, \u00f6\u011fretmen ve hademe daya\u011f\u0131ndan, lise \u00f6\u011frencilerinin aralar\u0131nda \u00a0paral\u0131 meydan d\u00f6v\u00fc\u015f\u00fc \u00f6rg\u00fctledi\u011finden, 13\u2019\u00fcnde ana olmu\u015f \u00f6\u011frencilerden \u00a0s\u00f6z edildi\u011fini siz de g\u00f6r\u00fcyorsunuzdur.<\/p><div id=\"bghab-929576007\" class=\"bghab-icerik-icine-25-paragraf bghab-entity-placement\"><script async src=\"\/\/pagead2.googlesyndication.com\/pagead\/js\/adsbygoogle.js?client=ca-pub-6203283170189293\" crossorigin=\"anonymous\"><\/script><ins class=\"adsbygoogle\" style=\"display:block; text-align:center;\" data-ad-client=\"ca-pub-6203283170189293\" \ndata-ad-slot=\"7303146466\" \ndata-ad-layout=\"in-article\"\ndata-ad-format=\"fluid\" data-full-width-responsive=\"true\"><\/ins>\n<script> \n(adsbygoogle = window.adsbygoogle || []).push({}); \n<\/script>\n<\/div>\n<p>Gen\u00e7 ku\u015fakla ilgili toplumsal bilin\u00e7te bir stop edi\u015f, bir donmu\u015fluk ve buzlanma yani \u00e7aresizlik var. \u00d6\u011fretmenin m\u00fcd\u00fcr\u00fc su\u00e7lad\u0131\u011f\u0131 ve \u00e7\u00f6z\u00fcm i\u00e7in her defas\u0131nda polisin \u00e7a\u011fr\u0131ld\u0131\u011f\u0131 bir ortamda, bar\u0131\u015f ve huzur sa\u011flanamaz. Hayat durmam\u0131\u015f, fakat gen\u00e7lerin kafalar\u0131n\u0131n i\u00e7i durmu\u015f ve bu \u00e7ok tehlikeli bir <strong><em>\u201cstat\u00fc\u201d<\/em><\/strong> bunu kabul etmek zorunday\u0131z.<\/p>\n<p><strong>Az\u0131nl\u0131klar\u0131m\u0131z olaylar\u0131n tam g\u00f6be\u011findedir. <\/strong><\/p>\n<p>S\u00f6z\u00fcn \u00f6z\u00fc, Bulgaristan\u2019da hayat sevgisinin buharla\u015ft\u0131\u011f\u0131na tan\u0131k oluyoruz. \u015eubat ay\u0131nda vatana iki defa gidip geldim. Bendeki derin izlenim \u015fudur. Halk \u201c<strong>d\u00fcn ve gelecek<\/strong>\u201d kavgas\u0131 yap\u0131yor. \u0130ki cepheye ayr\u0131lm\u0131\u015flar. D\u00fcnle ilgili birbirlerini bo\u011fazlam\u0131\u015flar. \u201c<strong>Fa\u015fizm<\/strong>\u201d mi daha k\u00f6t\u00fcyd\u00fc, yoksa \u201c<strong>totaliter toplumda\u201d <\/strong>m\u0131 daha \u00e7ok \u00e7ektik sorusuna cevap ar\u0131yorlar. Kimse, Bulgarlar\u0131n aras\u0131nda iyi olan olsa bile,\u00a0 biz \u201c<strong>Bulgarlar\u0131n hepimiz k\u00f6t\u00fcy\u00fcz<\/strong>\u201d Pomaklara, T\u00fcrklere ve \u00c7ingenelere \u00e7ok \u00e7ektirdik, Allah bizi af etmez, demiyor. Bu arada, d\u00fcn \u00fcst\u00fcne anla\u015famayan insanlar, yar\u0131n konusunda da anla\u015famayacaklar, \u00e7\u00fcnk\u00fc bug\u00fcn asl\u0131nda yar\u0131n\u0131n kendisidir. Bug\u00fcn aram\u0131zda kavga ediyorsak, yar\u0131n da edece\u011fiz, demektir.<\/p>\n<p>Pomaklar 20. y\u00fczy\u0131lda bu kavgadan b\u0131km\u0131\u015f usanm\u0131\u015flar. Bir gruba Pomak karde\u015fle g\u00f6r\u00fc\u015ft\u00fcm. Bize \u201c<strong>Pomak<\/strong>\u201d, \u201c<strong>Bulgar Muhammed \u2019i<\/strong>\u201dya da \u201c<strong>H\u0131ristiyanla\u015ft\u0131r\u0131lm\u0131\u015f Bulgar<\/strong>\u201d demesinler. Biz \u201c<strong>Ahret\u00e7iyiz<\/strong>\u201d dediler. Bu d\u00fcnyadan iyi k\u00f6t\u00fc nasibimizi alm\u0131\u015f, ge\u00e7en y\u00fcz y\u0131l boyunca k\u0131yamet ya\u015fam\u0131\u015f ve mutlulu\u011fu \u00f6teki d\u00fcnyada, cennete arayanlar\u0131z, diyorlar. Bir halk toplulu\u011funu hayal k\u0131r\u0131kl\u0131\u011f\u0131na u\u011fratmak ne kadar b\u00fcy\u00fck bir g\u00fcnah!<\/p>\n<p><strong>Ucunda para olmayan i\u015f yapm\u0131yorlar?<\/strong><\/p><div id=\"bghab-2618166733\" class=\"bghab-icerik-icine-30-paragraf bghab-entity-placement\"><script async src=\"\/\/pagead2.googlesyndication.com\/pagead\/js\/adsbygoogle.js?client=ca-pub-6203283170189293\" crossorigin=\"anonymous\"><\/script><ins class=\"adsbygoogle\" style=\"display:block; text-align:center;\" data-ad-client=\"ca-pub-6203283170189293\" \ndata-ad-slot=\"7303146466\" \ndata-ad-layout=\"in-article\"\ndata-ad-format=\"fluid\" data-full-width-responsive=\"true\"><\/ins>\n<script> \n(adsbygoogle = window.adsbygoogle || []).push({}); \n<\/script>\n<\/div>\n<p>Bulgar \u201c<strong>batakl\u0131\u011f\u0131<\/strong>\u201d donmu\u015f olsa da, toplum gece g\u00fcnd\u00fcz kaynamaya devam ediyor. G\u00f6steri y\u00fcr\u00fcy\u00fc\u015fleri, mitingler, kavgalar, direni\u015fler, toplu g\u00f6steri ve istekler bitmiyor. Bulgar totaliter zihniyeti tepesindeki \u201c<strong>az\u0131nl\u0131klarla<\/strong>\u201d ilgili \u00e7eki\u015fme de k\u0131v\u0131lc\u0131m sa\u00e7maya devam ediyor.\u00a0 Ge\u00e7en hafta, Ahmet Do\u011fan taraf\u0131ndan kapana d\u00fc\u015f\u00fcr\u00fclen T\u00fcrk se\u00e7menlerin 13 Kas\u0131m 2016\u2019da verdi\u011fi 450 bin oylarla Cumhurba\u015fkan\u0131 se\u00e7ilen Rumen Radev Bulgaristan T\u00fcrkleri konusunda boyas\u0131n\u0131 a\u00e7\u0131\u011fa vurdu. \u015eubat\u0131n sonuna kadar, Bulgaristan Ba\u015fbakan\u0131 Boyko Borisov\u2019un ev sahipli\u011finde, Avrupa Konseyi y\u00f6netimi, Avrupa Birli\u011fi \u00fclkeleri h\u00fck\u00fcmet ba\u015fkanlar\u0131 ile\u00a0 T\u00fcrkiye Cumhuriyeti Cumhurba\u015fkan\u0131 Say\u0131n Recep Tayyip Erdo\u011fan aras\u0131nda Varna\u2019da yap\u0131lacak g\u00f6r\u00fc\u015fmede bir \u201c<strong>T\u00fcrkiye Bulgaristan<\/strong> <strong>\u0130\u00e7 \u0130\u015flerine Kar\u0131\u015fmama Bildirisi<\/strong>\u201d kabul edilmesini teklif etti. Fikrini a\u00e7\u0131klarken, 26 Mart 2017\u2019de ya\u015fanan\u0131n ya\u015fanmamas\u0131n\u0131, \u201c<strong>se\u00e7imlerde T\u00fcrkiye\u2019nin Bulgaristan\u2019\u0131n i\u00e7 i\u015flerine kar\u0131\u015fmamas\u0131n\u0131 istiyoruz<\/strong>\u201d vurgusunu yapt\u0131. Son se\u00e7imde Bulgar fa\u015fist partilerin T\u00fcrk se\u00e7mene sand\u0131k ba\u015f\u0131nda, s\u0131n\u0131rda ve yol boylar\u0131nda otob\u00fcslerden indirerek sald\u0131rd\u0131\u011f\u0131na i\u015faret etmedi bunu k\u0131namad\u0131. Se\u00e7im \u015fiddetinde ger\u00e7ekleri \u00e7arp\u0131tmas\u0131 \u00a0R. Radev\u2019in ikiy\u00fczl\u00fc hareket etti\u011fine bir i\u015faret oldu. \u00c7\u00fcnk\u00fc o 13 Kas\u0131m 2016\u2019da T\u00fcrkiye Cumhuriyeti\u2019nde ya\u015fayan Bulgaristan T\u00fcrkleri \u201c<strong>bana oy vermesinler<\/strong>\u201d dememi\u015fti. Onlar\u0131n oylar\u0131yla se\u00e7ildi\u011fine g\u00f6re Bulgaristan T\u00fcrklerinin vatanda\u015f haklar\u0131n\u0131 savunmak zorundad\u0131r. Se\u00e7im adaletinden yana konu\u015fmal\u0131d\u0131r. O bizden ald\u0131\u011f\u0131 450 bin oyla Cumhurba\u015fkan\u0131 oldu. Bu durumda Hak ve \u00d6zg\u00fcrl\u00fckler Partisi Genel Ba\u015fkan\u0131 Mustafa Karaday\u0131\u2019n\u0131n protesto bildirisi yay\u0131nlamas\u0131 gerekirdi, Say\u0131n Cumhurba\u015fkan\u0131 insan haklar\u0131 k\u0131rm\u0131z\u0131\u00e7izgisini, \u00e7ifte vatanda\u015flar\u0131n oy kullanma, se\u00e7me ve se\u00e7ilme haklar\u0131n\u0131 \u00e7i\u011fnediniz demesi gerekiyordu, fakat nerede\u2026 Bu konuda, \u00a0L\u00fctfi Mestan\u2019\u0131n da susmas\u0131 dikkati \u00e7ekti. Bursa\u2019ya gidip Turhan Gen\u00e7o\u011flu\u2019nun \u201c<strong>birle\u015fme toplant\u0131s\u0131nda<\/strong>\u201d ah bir birle\u015fsek, \u201c<strong>ah bir birle\u015fsek ve beni yeniden H\u00d6H Genel Ba\u015fkan\u0131 yapsalar, ben bilirim yapaca\u011f\u0131m\u0131!<\/strong>\u201d hesaplar\u0131 say\u0131klamaktansa, bir bas\u0131n toplant\u0131s\u0131 d\u00fczenlemesi iyi olurdu. \u201c<strong>Bu \u00fclkede Anayasa de\u011fi\u015fikli\u011fine ihtiya\u00e7 var, \u015fimdiki Anayasa totaliter zihniyetin \u00fcr\u00fcn\u00fcd\u00fcr, halk d\u00fc\u015fmanl\u0131\u011f\u0131n\u0131n uzant\u0131s\u0131d\u0131r,\u00a0 hak ve \u00f6zg\u00fcrl\u00fcklerimizi, demokrasi ve adalet istiyoruz<\/strong>\u201d diyece\u011fine, da\u011f bay\u0131r av koval\u0131yor, hayal kuruyor. Biz son haftalarda fa\u015fizm ve totalitarizm tart\u0131\u015fmas\u0131nda, Bulgaristan az\u0131nl\u0131klar\u0131n\u0131n \u00e7ekilerini, totalitarizm y\u0131llar\u0131nda g\u00f6rd\u00fc\u011f\u00fcm\u00fcz zulm\u00fc\u201d k\u0131nayan bir yaz\u0131 yazmas\u0131n\u0131 da bekledik, ama nerede, art\u0131k ucunda para olmayan i\u015f yapmaz oldular.<\/p>\n<p><strong>Sivil toplum dokusu olmayan yerde demokrasi olamaz.<\/strong><\/p>\n<p>Bulgaristan Cumhurba\u015fkan\u0131 Radev, yeni bir T\u00fcrkiye-Bulgaristan Deklarasyonu hayal ederken, T\u00fcrkiye\u2019de soyda\u015flar\u0131m\u0131z aras\u0131nda geli\u015fen sivil toplum hareketlenmesinin yolunu kesmeyi, bilin\u00e7lenmemizi T\u00fcrkiye\u2019de bo\u011fmay\u0131, se\u00e7imlere kat\u0131lma, se\u00e7me ve se\u00e7ilme gibi en temel demokratik insan haklar\u0131m\u0131z\u0131 yok etmeyi hedefliyor.<\/p>\n<p>Bulgaristan\u2019da kamu diplomasisinin yolunu t\u0131kamak istiyor. Bilindi\u011fi \u00fczere, Bulgaristan T\u00fcrklerinin 1985\u2019te \u0130stanbul Taksim Meydan\u0131nda isim de\u011fi\u015ftirmeye, anadilimizi yasaklama, camilerimizi kapatmaya kar\u015f\u0131 ve geleneklerimizle ya\u015famam\u0131z i\u00e7in, hak ve \u00f6zg\u00fcrl\u00fcklerimizi savunan mitingi, kamu diplomasimizin doruk noktas\u0131 olmu\u015ftu.\u00a0 Bu b\u00fcy\u00fck \u015fahlanma 1989 May\u0131s Ayaklanmam\u0131za g\u00f6t\u00fcren emin yollardan biri olmu\u015ftur. Bug\u00fcn T\u00fcrkiye\u2019de ya\u015fayan 1 milyondan fazla Bulgaristanl\u0131 soyda\u015f var, onlar\u0131n hak ve \u00f6zg\u00fcrl\u00fcklerini baltalamak, vatan sevgisini bo\u011fmak, Avrupa vatanda\u015f\u0131 olma heveslerini engellemek, vatanlar\u0131ndan kovulan bu insanlar\u0131n k\u00f6kleriyle, soylar\u0131yla Bulgaristan T\u00fcrkl\u00fck ruhuyla olan ba\u011flar\u0131n\u0131 baltalamak, T\u00fcrkl\u00fc\u011f\u00fcn hem Bulgaristan\u2019da hem de soyda\u015flar\u0131m\u0131z aras\u0131nda ayn\u0131 kimlik nitelikleriyle \u015fahlanmas\u0131na olanak tan\u0131mamak bug\u00fcnk\u00fc \u015foven siyasetin temellerindeki ger\u00e7ektir.<\/p>\n<p>Bulgaristanl\u0131 soyda\u015flar\u0131n sivil toplum \u00f6rg\u00fctleri aras\u0131nda etnik kimlik sorunlar\u0131n\u0131n, hak ve \u00f6zg\u00fcrl\u00fcklerin tamamen tan\u0131nmas\u0131, k\u00fclt\u00fcrel \u00f6zerklik haklar\u0131m\u0131z\u0131n tan\u0131nmas\u0131 ve e\u011fitimin anadilde g\u00f6r\u00fclmesi isteklerinin tamamlanmas\u0131, dil, din ve k\u00fclt\u00fcr yasaklar\u0131n\u0131n kald\u0131r\u0131lmas\u0131 ve bu isteklerin hepsinin 1919 Neully Antla\u015fmas\u0131nda az\u0131nl\u0131\u011f\u0131m\u0131za tan\u0131nd\u0131\u011f\u0131 kapsaml\u0131 \u015fekliyle, 1919 y\u0131l\u0131ndan sonra \u00c7ift\u00e7i Partili Ba\u015fbakan Ba\u015fbakan Aleksand\u0131r Stanboliyski taraf\u0131ndan uyguland\u0131\u011f\u0131 bi\u00e7imde, 1950-1957 d\u00f6nemindeki \u201c<strong>k\u00fclt\u00fcrel otonomi<\/strong>\u201d d\u00f6neminde oldu\u011fu gibi yeniden tan\u0131nmas\u0131 ve yasalara i\u015flenerek me\u015frula\u015ft\u0131rmas\u0131 en \u00f6nemli g\u00fcndem maddesi olmal\u0131d\u0131r. Bunun i\u00e7in Bulgaristan\u2019da yeniden bir Anayasa de\u011fi\u015fikli\u011fine gerek var. Kitleler bu isteklerle hareketlenmi\u015f durumdad\u0131r. Bunun i\u00e7in teni B\u00fcy\u00fck Millet Meclisi \u00e7a\u011fr\u0131lmas\u0131 g\u00fcndem olmu\u015f, k\u00f6kl\u00fcbir demokrasi, adalet ve \u00f6zg\u00fcrl\u00fckler, az\u0131nl\u0131k haklar\u0131 ve devlet bi\u00e7imi tart\u0131\u015fmas\u0131 tutu\u015fturmak gerekti\u011fini herkes g\u00f6rebiliyor. Yuvarlak masa sanki kendili\u011finden \u00a0toplamaya ba\u015flam\u0131\u015ft\u0131r. Fa\u015fistlere ve kom\u00fcnistlere bu yuvarlak masada yer olmamal\u0131d\u0131r.<\/p><div id=\"bghab-4109472764\" class=\"bghab-icerik-icine-35-paragraf bghab-entity-placement\"><script async src=\"\/\/pagead2.googlesyndication.com\/pagead\/js\/adsbygoogle.js?client=ca-pub-6203283170189293\" crossorigin=\"anonymous\"><\/script><ins class=\"adsbygoogle\" style=\"display:block; text-align:center;\" data-ad-client=\"ca-pub-6203283170189293\" \ndata-ad-slot=\"7303146466\" \ndata-ad-layout=\"in-article\"\ndata-ad-format=\"fluid\" data-full-width-responsive=\"true\"><\/ins>\n<script> \n(adsbygoogle = window.adsbygoogle || []).push({}); \n<\/script>\n<\/div>\n<p>Totaliter rejim \u00e7\u00f6mezlerinin haklar\u0131n\u0131 me\u015frula\u015ft\u0131ran \u015fimdiki h\u00fck\u00fcmetin az\u0131nl\u0131k haklar\u0131n\u0131 da mutlaka tan\u0131mas\u0131 ve yasalla\u015ft\u0131rmas\u0131 zorunludur. Bulgaristan\u2019da az\u0131nl\u0131k haklar\u0131, k\u00fclt\u00fcrel \u00f6zg\u00fcrl\u00fck ve anadilde e\u011fitim hakk\u0131 tan\u0131nmadan adalet ve demokrasi yolunda ileri ad\u0131m at\u0131lamaz, \u00e7\u00fcnk\u00fc insan haklar\u0131n\u0131n \u00e7i\u011fnendi\u011fi bir toplumda demokrasi olamaz.<\/p>\n<p>Biz Bulgaristan M\u00fcsl\u00fcmanlar\u0131 ve T\u00fcrkler, i\u015fte b\u00f6yle bir ortamda ve a\u00e7\u0131k ama\u00e7lar u\u011frunda, \u201c<strong>Ahmet Do\u011fans\u0131z ve L\u00fctfi Mestans\u0131z<\/strong>\u201d bir halk toplulu\u011fu olarak ba\u011f\u0131ms\u0131z bir se\u00e7im listesi dolay\u0131nda birle\u015febiliriz. Bu birle\u015fme bir siyasi ar\u0131nma olacakt\u0131r. Ajanlarda, totalitarizmden \u00e7\u00f6mezlerinden, ba\u011f\u0131ml\u0131 d\u00fc\u015f\u00fcnenlerden ancak b\u00f6yle kurtulabiliriz. \u015eimdiki stat\u00fckoda, bizi idare etmeye hevesli olduklar\u0131 i\u00e7in 5 bin leva maa\u015f alanlardan kurtulmam\u0131z\u0131n en k\u0131sa yolu budur. \u00d6nerdi\u011fimiz d\u0131\u015f \u00fclkelerdeki vatanda\u015flar\u0131m\u0131z\u0131n posta yoluyla oy kullanmas\u0131 da \u00e7\u00f6z\u00fcm yollar\u0131ndan biridir. Biz, siyasi sitem de\u011fi\u015fikli\u011fi ile ilgili, yeni bir halk oylamas\u0131 yap\u0131lmas\u0131na da kar\u015f\u0131y\u0131z. \u00c7\u00fcnk\u00fc Bulgaristan\u2019da se\u00e7im \u00f6zg\u00fcrl\u00fc\u011f\u00fc olmad\u0131\u011f\u0131, \u201cBelene\u201d AES ve 6 Kas\u0131m 2016\u2019da yap\u0131lan siyasi sistem de\u011fi\u015fikli\u011fi referandumundan sonra g\u00fcn gibi ortaya \u00e7\u0131km\u0131\u015ft\u0131r. \u0130ktidar istemedi\u011fi durumu yasalla\u015ft\u0131rma yollar\u0131n\u0131 kesmi\u015ftir. Parlamento bir yasama organ\u0131 olmaktan \u00e7\u0131km\u0131\u015f bir siyasi ma\u015fa durumundad\u0131r ve ma\u015fa gibi kullan\u0131l\u0131yor.<\/p>\n<p>Bizim do\u011fal ve \u00f6z haklar\u0131m\u0131z\u0131 elde etmemizi istemeyenler ise <em><strong>\u201cDeklarasyondan\u201d<\/strong> <\/em>s\u00f6z ediyorlar. Biz XIX. ve XX. y\u00fczy\u0131llarda \u00e7ok zor g\u00f6rd\u00fck. 1879\u2019da T\u0131rnova Anayasas\u0131\u2019na davet edilmedik. Sonra Rus yetkili y\u00f6neticisi Korsakov Kuzey Bulgaristan eyaletlerinden 6 \u0130l M\u00fcft\u00fcm\u00fcz\u00fc evlerinden toplatt\u0131 ve bizim kimlik, hak ve \u00f6zg\u00fcrl\u00fcklerimizi savunmayan birinci Anayasay\u0131 zorla imzalatt\u0131. 1909\u2019da Bulgar \u00c7arl\u0131\u011f\u0131 ilan edildi\u011finde, 1913\u2019te imzalanan \u0130stanbul Protokol\u00fcyle Din ve d\u00fcnyevi haklar\u0131m\u0131z savunuldu. Fakat Bulgar taraf\u0131 bu Protokol\u00fc gere\u011fi gibi uygulamad\u0131. Kurulan Ba\u015f M\u00fcft\u00fcl\u00fck makam\u0131n\u0131 Atat\u00fcrk T\u00fcrkiye\u2019si ruhunun Bulgaristan M\u00fcsl\u00fcmanlar\u0131 g\u00f6nl\u00fcne dolmas\u0131n\u0131 engellemeye alet etti. 1923 ve 1934 Askeri Darbeleriyle T\u00fcrk okullar\u0131na, derneklerine, Birinci Ulusal Kurultay\u0131n\u0131 toplayan Bulgaristan M\u00fcsl\u00fcmanl\u0131\u011f\u0131na darbe \u00fcst\u00fcne darbeler indirildi. \u00c7ok kurbanlar al\u0131nd\u0131. 1964\u2019ten sonra s\u0131k\u0131\u015ft\u0131r\u0131lmaya ba\u015flanan ve 1973\u2019ten ba\u015flayarak bask\u0131 ve ter\u00f6r balyozu alt\u0131nda ezilen Bulgaristan T\u00fcrkleri\u2019ne 1972\u2019de, 1984-1989\u2019da uygulanan zul\u00fcm asla unutulamaz.Bununla ilgili olarak \u015fu hususu da i\u015faret etmek istiyorum.<\/p>\n<p><em><strong>1984-1989 \u015fehitlerimizi anmak, iki demet \u00e7i\u00e7ek koyup d\u00f6rt s\u00f6z s\u00f6yledikten sonra meyhaneye toplan\u0131p \u015fehitler ruhuna rak\u0131 i\u00e7mek de\u011fildir. Anma t\u00f6renlerinde rak\u0131 i\u00e7mek H\u0131ristiyan adatlerinden biridir. Biz mevlit okutur, duva ederiz. Buna dikkat edilmelidir. Bu s\u00f6zlerim \u00f6zellikle H\u00d6H ve DOST yerli y\u00f6netimleri i\u00e7in ge\u00e7erlidir\u2026<\/strong><\/em><\/p>\n<p>Bizim hak ve \u00f6zg\u00fcrl\u00fcklerimizin tamam\u0131n\u0131 elde etmeden kanacak defterimiz yoktur. \u015eu unutulmas\u0131n! Milli devletler, yasakl\u0131 rejimler devri kapan\u0131yor. Eminim 2020 y\u0131l\u0131na kadar Bulgaristan\u2019da demokrasiye ger\u00e7ek de\u00e7i\u015f d\u00f6nemi ba\u015flayacak, \u00f6zg\u00fcrl\u00fcklerimiz tan\u0131nacakt\u0131r. \u00a021. y\u00fczy\u0131l az\u0131nl\u0131k haklar\u0131n\u0131n tamamen ve b\u00fct\u00fcnsel tan\u0131nmas\u0131 y\u00fczy\u0131l\u0131 olacakt\u0131r.<\/p><div id=\"bghab-2041212651\" class=\"bghab-icerik-icine-40-paragraf bghab-entity-placement\"><script async src=\"\/\/pagead2.googlesyndication.com\/pagead\/js\/adsbygoogle.js?client=ca-pub-6203283170189293\" crossorigin=\"anonymous\"><\/script><ins class=\"adsbygoogle\" style=\"display:block; text-align:center;\" data-ad-client=\"ca-pub-6203283170189293\" \ndata-ad-slot=\"7303146466\" \ndata-ad-layout=\"in-article\"\ndata-ad-format=\"fluid\" data-full-width-responsive=\"true\"><\/ins>\n<script> \n(adsbygoogle = window.adsbygoogle || []).push({}); \n<\/script>\n<\/div>\n<p>\u015e\u00f6yle bir geli\u015fme de var ki, b\u00fcy\u00fck kentler doldu ta\u015f\u0131yor, milyonluk \u015fehirler k\u00f6ylere ak\u0131yor. \u0130stanbul, Bursa ve \u0130zmir\u2019deki karde\u015flerimizin ta\u015faca\u011f\u0131 yer Bulgaristan vatan\u0131m\u0131zd\u0131r. Bulgaristan kendilerini bekliyor olacakt\u0131r. Hi\u00e7bir do\u011fal geli\u015fim yasas\u0131 onun ya da bunun karar\u0131na ya da iste\u011fine g\u00f6re yava\u015flat\u0131lamaz ya da h\u0131zland\u0131r\u0131lamaz.<\/p>\n<p>Bu ak\u0131\u015f bu defa geri d\u00f6n\u00fc\u015f olacak. Git gelin, geri gelme zaman\u0131 gelmi\u015ftir.<\/p>\n<p>Bulgaristan\u2019dan siyasi izlenimlerimi anlatt\u0131m.<\/p>\n<p>Okudu\u011funuz i\u00e7in te\u015fekk\u00fcr ederim.<\/p>\n<p>L\u00fctfen payla\u015f\u0131n\u0131z.<\/p><div id=\"bghab-1968838634\" class=\"bghab-icerik-icine-45-paragraf bghab-entity-placement\"><script async src=\"\/\/pagead2.googlesyndication.com\/pagead\/js\/adsbygoogle.js?client=ca-pub-6203283170189293\" crossorigin=\"anonymous\"><\/script><ins class=\"adsbygoogle\" style=\"display:block; text-align:center;\" data-ad-client=\"ca-pub-6203283170189293\" \ndata-ad-slot=\"7303146466\" \ndata-ad-layout=\"in-article\"\ndata-ad-format=\"fluid\" data-full-width-responsive=\"true\"><\/ins>\n<script> \n(adsbygoogle = window.adsbygoogle || []).push({}); \n<\/script>\n<\/div>\n<div id=\"bghab-1005513006\" class=\"bghab-yazi-altinda bghab-entity-placement\"><div class=\"bghab-adlabel\">Reklamlar<\/div><script async src=\"https:\/\/pagead2.googlesyndication.com\/pagead\/js\/adsbygoogle.js\"><\/script>\r\n<!-- bghaber-yaz\u0131-sonu -->\r\n<ins class=\"adsbygoogle\"\r\n     style=\"display:block\"\r\n     data-ad-client=\"ca-pub-6203283170189293\"\r\n     data-ad-slot=\"4222328180\"\r\n     data-ad-format=\"auto\"\r\n     data-full-width-responsive=\"true\"><\/ins>\r\n<script>\r\n     (adsbygoogle = window.adsbygoogle || []).push({});\r\n<\/script><\/div><br style=\"clear: both; display: block; float: none;\"\/>","protected":false},"excerpt":{"rendered":"<p>Tarih: 18 \u015eubat 2018 Yazan: Dr. Nedim B\u0130R\u0130NC\u0130 Konu:\u00a0\u00a0 Bulgaristan\u2019da ana \u00e7eli\u015fki az\u0131nl\u0131k haklar\u0131 olmaya devam ediyor. 2017 y\u0131l\u0131nda Bulgaristan\u2019da ulusal kapsaml\u0131 ve ge\u00e7erli 6<\/p>\n","protected":false},"author":13,"featured_media":8403,"comment_status":"closed","ping_status":"closed","sticky":false,"template":"","format":"standard","meta":{"advanced_seo_description":"","jetpack_seo_html_title":"","jetpack_seo_noindex":false,"_jetpack_memberships_contains_paid_content":false,"footnotes":""},"categories":[6],"tags":[],"class_list":["post-27383","post","type-post","status-publish","format-standard","has-post-thumbnail","hentry","category-yorum"],"jetpack_featured_media_url":"https:\/\/i0.wp.com\/www.bghaber.org\/bghaber\/wp-content\/uploads\/2013\/11\/nedim-birinci.jpg?fit=432%2C552&ssl=1","jetpack_sharing_enabled":true,"jetpack_likes_enabled":true,"jetpack-related-posts":[],"jetpack_shortlink":"https:\/\/wp.me\/pc2PfJ-77F","_links":{"self":[{"href":"https:\/\/www.bghaber.org\/bghaber\/wp-json\/wp\/v2\/posts\/27383","targetHints":{"allow":["GET"]}}],"collection":[{"href":"https:\/\/www.bghaber.org\/bghaber\/wp-json\/wp\/v2\/posts"}],"about":[{"href":"https:\/\/www.bghaber.org\/bghaber\/wp-json\/wp\/v2\/types\/post"}],"author":[{"embeddable":true,"href":"https:\/\/www.bghaber.org\/bghaber\/wp-json\/wp\/v2\/users\/13"}],"replies":[{"embeddable":true,"href":"https:\/\/www.bghaber.org\/bghaber\/wp-json\/wp\/v2\/comments?post=27383"}],"version-history":[{"count":0,"href":"https:\/\/www.bghaber.org\/bghaber\/wp-json\/wp\/v2\/posts\/27383\/revisions"}],"wp:featuredmedia":[{"embeddable":true,"href":"https:\/\/www.bghaber.org\/bghaber\/wp-json\/wp\/v2\/media\/8403"}],"wp:attachment":[{"href":"https:\/\/www.bghaber.org\/bghaber\/wp-json\/wp\/v2\/media?parent=27383"}],"wp:term":[{"taxonomy":"category","embeddable":true,"href":"https:\/\/www.bghaber.org\/bghaber\/wp-json\/wp\/v2\/categories?post=27383"},{"taxonomy":"post_tag","embeddable":true,"href":"https:\/\/www.bghaber.org\/bghaber\/wp-json\/wp\/v2\/tags?post=27383"}],"curies":[{"name":"wp","href":"https:\/\/api.w.org\/{rel}","templated":true}]}}