{"id":27379,"date":"2018-02-18T18:44:36","date_gmt":"2018-02-18T15:44:36","guid":{"rendered":"http:\/\/www.bghaber.org\/bghaber\/?p=27379"},"modified":"2019-07-06T20:59:10","modified_gmt":"2019-07-06T17:59:10","slug":"soyunu-bilmek-isteyenlere-rehber","status":"publish","type":"post","link":"https:\/\/www.bghaber.org\/bghaber\/soyunu-bilmek-isteyenlere-rehber\/","title":{"rendered":"Soyunu bilmek isteyenlere rehber"},"content":{"rendered":"<p>E-devlet \u00fczerinden alt-\u00fcst soy sorgulama sisteminin a\u00e7\u0131lmas\u0131 T\u00fcrkiye i\u00e7in \u00f6nemli bir d\u00f6n\u00fcm noktas\u0131d\u0131r. Bu bilgilere ula\u015ft\u0131ktan sonra ailenin k\u00f6klerini daha eskiye indirmek ar\u015fivlerde profesyonel ve uzun soluklu bir ara\u015ft\u0131rma ister<br \/>\nSon y\u0131llarda insanlar kendilerinin nereden geldiklerini, soylar\u0131n\u0131n nereye dayand\u0131\u011f\u0131n\u0131 daha fazla merak etmeye ba\u015flad\u0131lar.<\/p>\n<p>T\u00fcrkiye&#8217;de soy tarihi ara\u015ft\u0131rmalar\u0131 Avrupa&#8217;da oldu\u011fu gibi geli\u015fmi\u015f de\u011fildir.<\/p>\n<p>Soyunu ara\u015ft\u0131rmak isteyen ki\u015fi ilk \u00f6nce n\u00fcfus ve vatanda\u015fl\u0131k hizmetleri genel m\u00fcd\u00fcrl\u00fc\u011f\u00fcn\u00fcn alt-\u00fcst soy sorgulama sistemine m\u00fcracaat ederek dedeleriyle ilgili ilk bilgilere ula\u015fabilir. Baz\u0131 n\u00fcfus m\u00fcd\u00fcrl\u00fcklerindeki kay\u0131tlar 1800&#8217;lere kadar inmektedir. Ancak bu her n\u00fcfus m\u00fcd\u00fcrl\u00fc\u011f\u00fc i\u00e7in ge\u00e7erli de\u011fildir. Bu y\u00fczden benim soyum eskilere gitmiyor diye vesveseye kap\u0131lmamak gerekir.<\/p>\n<p>Aile b\u00fcy\u00fcklerinden ailenin ge\u00e7mi\u015fiyle ilgili bilgilerin toplanmas\u0131 da b\u00fcy\u00fck \u00f6nem arzetmektedir.<\/p>\n<p>\u00c7\u00fcnk\u00fc ailenin ge\u00e7mi\u015fini bilenler azalmaktad\u0131r ve bu bilgiler kay\u0131t alt\u0131na da al\u0131nmam\u0131\u015ft\u0131r.<\/p><div id=\"bghab-3040219169\" class=\"bghab-icerik-icine bghab-entity-placement\"><script async src=\"\/\/pagead2.googlesyndication.com\/pagead\/js\/adsbygoogle.js?client=ca-pub-6203283170189293\" crossorigin=\"anonymous\"><\/script><ins class=\"adsbygoogle\" style=\"display:block; text-align:center;\" data-ad-client=\"ca-pub-6203283170189293\" \ndata-ad-slot=\"7303146466\" \ndata-ad-layout=\"in-article\"\ndata-ad-format=\"fluid\" data-full-width-responsive=\"true\"><\/ins>\n<script> \n(adsbygoogle = window.adsbygoogle || []).push({}); \n<\/script>\n<\/div>\n<p>Aileden gerekli malumat \u00f6\u011frenildikten ve alt-\u00fcst soy sorgulamadan bilgiler al\u0131nd\u0131ktan sonra ar\u015fivlere m\u00fcracaat ederek daha gerilere gidilebilir. Ancak bu profesyonel bir ara\u015ft\u0131rma gerekir. Eski yaz\u0131 ve ar\u015fivlerin sistemini bilmeyenler bu ara\u015ft\u0131rmay\u0131 yapamaz.<\/p>\n<p><img decoding=\"async\" class=\"aligncenter\" src=\"https:\/\/iasbh.tmgrup.com.tr\/4e19ce\/0\/0\/0\/0\/1328\/679?u=https:\/\/isbh.tmgrup.com.tr\/sbh\/2018\/02\/18\/soyunu-bilmek-isteyenlere-rehber-1518901747254.jpeg&amp;mw=600\" \/><\/p>\n<p><strong>N\u00dcFUS DEFTERLER\u0130<\/strong><\/p>\n<p>Soy tarihi ara\u015ft\u0131rmalar\u0131 i\u00e7in ilk olarak n\u00fcfus defterlerine bakmak gerekir. II. Mahmud&#8217;un emriyle 1831&#8217;de tutulmaya ba\u015flayan n\u00fcfus defterlerinin ilk say\u0131mlar\u0131 Osmanl\u0131 Ar\u015fivi&#8217;ndedir. 1880&#8217;den sonraki defterler ve arada tutulan vukuat kay\u0131tlar\u0131 ise N\u00fcfus Genel M\u00fcd\u00fcrl\u00fc\u011f\u00fc Ar\u015fivi&#8217;ndedir. Bu defterleri destekleyecek di\u011fer kay\u0131tlar ise Osmanl\u0131 Ar\u015fivi&#8217;nde bulunan ve 19. y\u00fczy\u0131l\u0131n ortalar\u0131na ait olan Temettuat defterleridir.<\/p>\n<p>Ailemizin 1800&#8217;lerde ya\u015fad\u0131\u011f\u0131 yer belli ise n\u00fcfus defterlerinden hareket etmeliyiz. Son y\u0131llarda Osmanl\u0131 d\u00f6neminde yap\u0131lm\u0131\u015f n\u00fcfus say\u0131mlar\u0131 \u00f6zellikle belediyelerin ve valiliklerin destekleriyle yay\u0131nlanmaya ba\u015fland\u0131.<\/p>\n<p>Afyonkarahisar, Aksaray, Amasya, Bal\u0131kesir, Bayburt, Bursa, \u00c7orum, D\u00fczce, Kayseri, K\u0131r\u0131kkale, K\u0131r\u015fehir, Mardin, Rize, Samsun, Trabzon, Van, G\u00f6rele, Tirebolu, Yusufeli, \u00dcnye, Har\u015fit, \u015eebinkarahisar, Yakac\u0131k-Ak\u015fehir-i Abad-Su\u015fehri, Giresun, Besni, G\u00f6lk\u00f6y, Payas, Siverek, Pazar, Arde\u015fen, S\u00fcrmene, Zara, Ke\u015fap, K\u00f6rfez, Kavak, P\u00f6t\u00fcrge, Arhavi- Hopa, \u0130spir, Sincanl\u0131, \u00c7amard\u0131, Ma\u00e7ka, Talas, Bey\u015fehir, Yalva\u00e7, Of, \u00c7ardak, \u00c7\u0131ld\u0131r, Bayat, Bozdo\u011fan- Nazilli, K\u00f6yce\u011fiz, Bucak-K\u0131z\u0131lkaya, T\u00fcrkeli, Beykoz, Kartal ve Safranbolu&#8217;nun n\u00fcfus say\u0131mlar\u0131 yay\u0131nland\u0131 veya tez olarak haz\u0131rland\u0131.<\/p><div id=\"bghab-184789987\" class=\"bghab-icerik-icine-10-paragraf bghab-entity-placement\"><script async src=\"\/\/pagead2.googlesyndication.com\/pagead\/js\/adsbygoogle.js?client=ca-pub-6203283170189293\" crossorigin=\"anonymous\"><\/script><ins class=\"adsbygoogle\" style=\"display:block; text-align:center;\" data-ad-client=\"ca-pub-6203283170189293\" \ndata-ad-slot=\"7303146466\" \ndata-ad-layout=\"in-article\"\ndata-ad-format=\"fluid\" data-full-width-responsive=\"true\"><\/ins>\n<script> \n(adsbygoogle = window.adsbygoogle || []).push({}); \n<\/script>\n<\/div>\n<p>Bir\u00e7ok il ve il\u00e7enin n\u00fcfus defterleri de haz\u0131rlan\u0131yor.<\/p>\n<p><strong>TAHR\u0130R DEFTERLER\u0130<\/strong><\/p>\n<p>N\u00fcfus defterlerinde bilgi bulunduktan sonra geriye do\u011fru kay\u0131t takip etmek ailenin belirgin bir vasf\u0131 yoksa olduk\u00e7a zordur. 17. ve 18. y\u00fczy\u0131llar i\u00e7in \u015fah\u0131s vergisini ihtiva eden Avar\u0131z defterlerinin incelenmesi gerekir.<\/p>\n<p>15-17. y\u00fczy\u0131llar i\u00e7in ise tahrir defterlerine bakmak gerekir. Tahrir defterleri bir b\u00f6lgede ya\u015fayan hane reisi erkeklerinden, bek\u00e2r erkeklere, dul kad\u0131nlardan, vergiden muaf olanlar ile ya\u015fl\u0131 olup vergi veremeyecek durumda olanlara kadar o b\u00f6lgede ya\u015fayanlar\u0131 tek tek verir.<\/p>\n<p>M\u00fcsl\u00fcman ve M\u00fcsl\u00fcman olmayanlar ayr\u0131 ayr\u0131 kaydedilmi\u015ftir. Baz\u0131 b\u00f6lgelerde etnik k\u00f6ken de verilmi\u015ftir.<\/p><div id=\"bghab-1700495529\" class=\"bghab-icerik-icine-15-paragraf bghab-entity-placement\"><script async src=\"\/\/pagead2.googlesyndication.com\/pagead\/js\/adsbygoogle.js?client=ca-pub-6203283170189293\" crossorigin=\"anonymous\"><\/script><ins class=\"adsbygoogle\" style=\"display:block; text-align:center;\" data-ad-client=\"ca-pub-6203283170189293\" \ndata-ad-slot=\"7303146466\" \ndata-ad-layout=\"in-article\"\ndata-ad-format=\"fluid\" data-full-width-responsive=\"true\"><\/ins>\n<script> \n(adsbygoogle = window.adsbygoogle || []).push({}); \n<\/script>\n<\/div>\n<p>Bir b\u00f6lgede yaylak k\u0131\u015flak hayat\u0131 ya\u015fayan T\u00fcrkmen (Y\u00f6r\u00fck) a\u015firetleri de tek tek defterlere kaydedilmi\u015ftir.<\/p>\n<p>Tahrir defterleri \u0130stanbul&#8217;da Ba\u015fbakanl\u0131k Osmanl\u0131 Ar\u015fivi&#8217;nde ve Ankara&#8217;da Tapu-Kadastro Genel M\u00fcd\u00fcrl\u00fc\u011f\u00fc Ar\u015fivi&#8217;nde bulunmaktad\u0131r.<\/p>\n<p>Ancak bu defterlerde aile lakaplar\u0131 yaz\u0131lmad\u0131\u011f\u0131, \u015fah\u0131slar sadece baba isimleriyle kaydedildi\u011fi i\u00e7in ba\u011flant\u0131y\u0131 kurmak olduk\u00e7a zordur.<\/p>\n<p><img decoding=\"async\" class=\"aligncenter\" src=\"https:\/\/iasbh.tmgrup.com.tr\/e4d480\/0\/0\/0\/0\/1012\/357?u=https:\/\/isbh.tmgrup.com.tr\/sbh\/2018\/02\/18\/soyunu-bilmek-isteyenlere-rehber-1518901768330.jpeg&amp;mw=650\" \/><\/p>\n<p>&nbsp;<\/p>\n<p><strong>G\u00f6\u00e7men ailelerin soyu nas\u0131l ara\u015ft\u0131r\u0131l\u0131r?<\/strong><\/p><div id=\"bghab-4050494786\" class=\"bghab-icerik-icine-20-paragraf bghab-entity-placement\"><script async src=\"\/\/pagead2.googlesyndication.com\/pagead\/js\/adsbygoogle.js?client=ca-pub-6203283170189293\" crossorigin=\"anonymous\"><\/script><ins class=\"adsbygoogle\" style=\"display:block; text-align:center;\" data-ad-client=\"ca-pub-6203283170189293\" \ndata-ad-slot=\"7303146466\" \ndata-ad-layout=\"in-article\"\ndata-ad-format=\"fluid\" data-full-width-responsive=\"true\"><\/ins>\n<script> \n(adsbygoogle = window.adsbygoogle || []).push({}); \n<\/script>\n<\/div>\n<p>Osmanl\u0131&#8217;n\u0131n k\u00fc\u00e7\u00fclmesiyle birlikte Balkanlar&#8217;dan Kafkaslar&#8217;dan, K\u0131r\u0131m&#8217;dan, Arap \u00fclkelerinden, Adalar&#8217;dan bir\u00e7ok ki\u015fi T\u00fcrkiye&#8217;ye g\u00f6\u00e7etti. \u00d6zellikle, 1878, 1912 ve 1923&#8217;ten sonra \u00e7ok yo\u011fun g\u00f6\u00e7ler oldu.<\/p>\n<p>Bu y\u00fczden n\u00fcfus genel m\u00fcd\u00fcrl\u00fc\u011f\u00fcn\u00fcn ar\u015fivinde bulunan kay\u0131tlar muhacirlerin geldi\u011fi yere kaydolmas\u0131yla ba\u015flamaktad\u0131r. Bu kay\u0131tlarda gelen ki\u015finin do\u011fdu\u011fu yer oldu\u011fu i\u00e7in muhacir k\u00f6kenli olanlar\u0131m\u0131z dedelerinin nereden geldi\u011fini \u00f6\u011frenebilmektedir.<\/p>\n<p>Bu konuda ilk olarak Bilal \u015eim\u015fir, Nedim \u0130pek, Ahmet Hala\u00e7o\u011flu, Muammer Demirel, Faruk Kocac\u0131k, Ferhat Berber, Abdullah Saydam, S\u00fcleyman Erkan, Hayati Bice, Mehmet Demirta\u015f, Derya Serin Pa\u015fao\u011flu, Hakan K\u0131r\u0131ml\u0131, Sedat Kanat ve Tufan G\u00fcnd\u00fcz gibi ara\u015ft\u0131rmac\u0131lar\u0131n eserlerini incelemek gerekir. Daha sonra Osmanl\u0131 ve cumhuriyet ar\u015fivlerindeki kay\u0131tlarla ba\u011flant\u0131 kurulabilirse daha geriye gidebilir. \u00d6rne\u011fin m\u00fcbadele ile gelenler Cumhuriyet Ar\u015fivi&#8217;ndeki tasfiye talepnamelerine bakarlarsa ailelerinin Yunanistan&#8217;dan hangi k\u00f6yden geldi\u011fini \u00f6\u011frenebilirler. K\u00f6y\u00fc \u00f6\u011frendikten sonra da Osmanl\u0131 ar\u015fivindeki n\u00fcfus defterlerinden ailenin 1830&#8217;lardaki durumunu tespit edebilirler.<\/p>\n<p><strong>N\u00fcfus ve Vatanda\u015fl\u0131k Hizmetleri Genel M\u00fcd\u00fcrl\u00fc\u011f\u00fc&#8217;n\u00fcn b\u00fcy\u00fck hizmeti<\/strong><\/p>\n<p>Y\u0131llard\u0131r hem ders verirken, hem televizyonda, hem de konferanslarda en s\u0131k kar\u015f\u0131la\u015ft\u0131\u011f\u0131m soru &#8220;dedelerimi nas\u0131l bulurum&#8221;du. Bu i\u015fin ilk ad\u0131m\u0131 herkesin kendi kay\u0131tl\u0131 bulundu\u011fu yerlerdeki n\u00fcfus m\u00fcd\u00fcrl\u00fcklerinden \u00fcst soylar\u0131n\u0131 istemeleriydi. Ancak baz\u0131 istisnalar d\u0131\u015f\u0131nda genelde n\u00fcfus m\u00fcd\u00fcrl\u00fckleri bu bilgiyi vermiyorlard\u0131. Bu y\u00fczden de insanlar kulaktan dolma dedikodularla hareket ediyor ve bilgilenemiyorlard\u0131.<\/p><div id=\"bghab-1078346646\" class=\"bghab-icerik-icine-25-paragraf bghab-entity-placement\"><script async src=\"\/\/pagead2.googlesyndication.com\/pagead\/js\/adsbygoogle.js?client=ca-pub-6203283170189293\" crossorigin=\"anonymous\"><\/script><ins class=\"adsbygoogle\" style=\"display:block; text-align:center;\" data-ad-client=\"ca-pub-6203283170189293\" \ndata-ad-slot=\"7303146466\" \ndata-ad-layout=\"in-article\"\ndata-ad-format=\"fluid\" data-full-width-responsive=\"true\"><\/ins>\n<script> \n(adsbygoogle = window.adsbygoogle || []).push({}); \n<\/script>\n<\/div>\n<p>Ancak \u0130\u00e7i\u015fleri Bakanl\u0131\u011f\u0131 \u00e7ok do\u011fru bir karar vererek alt-\u00fcst soy sorgulama hizmetini ba\u015flatt\u0131. A\u015f\u0131r\u0131 talep y\u00fcz\u00fcnden sistem kilitlendi. Ancak bakanl\u0131k meydana gelen teknik s\u0131k\u0131nt\u0131lar\u0131 k\u0131sa s\u00fcrede halledilip, sorgulamay\u0131 tekrar i\u015fler hale getirdi. Ard\u0131ndan da birka\u00e7 g\u00fcn i\u00e7erisinde 11 milyondan fazla ki\u015fi ailesiyle ilgili bilgi ald\u0131. Bu y\u00fczden \u0130\u00e7i\u015fleri Bakan\u0131m\u0131z S\u00fcleyman Soylu&#8217;ya, \u0130\u00e7i\u015fleri Bakanl\u0131\u011f\u0131 M\u00fcste\u015far\u0131 Muhterem \u0130nce&#8217;ye ve N\u00fcfus ve Vatanda\u015fl\u0131k Hizmetleri Genel M\u00fcd\u00fcr\u00fc Sinan G\u00fcner&#8217;e bir tarih\u00e7i olarak te\u015fekk\u00fcr ediyorum. Bu bilgilendirme \u0130\u00e7i\u015fleri Bakanl\u0131\u011f\u0131&#8217;n\u0131n \u00e7ok \u00f6nemli bir hizmetidir. Yalan, yanl\u0131\u015f ve maksatl\u0131 olarak insanlar\u0131m\u0131z\u0131n atalar\u0131 konusunda kafas\u0131n\u0131 kar\u0131\u015ft\u0131ranlar\u0131n verdi\u011fi kas\u0131tl\u0131 bilgilerin \u00f6n\u00fcne bu suretle ge\u00e7ilecektir.<\/p>\n<p>Bundan sonra yap\u0131lacak i\u015f sistemdeki bilgilerin eski defterler kullan\u0131larak geni\u015fletilmesi (lakaplar\u0131n sisteme y\u00fcklenmesi) ve aksakl\u0131k g\u00f6r\u00fclenlerin (yer isimleri, \u00f6l\u00fcm tarihleri) d\u00fczeltilmesidir.<\/p>\n<p>Bu \u00e7ok \u00f6nemli sistemi T\u00fcrk milletinin kullan\u0131m\u0131na sunan N\u00fcfus ve Vatanda\u015fl\u0131k Hizmetleri Genel M\u00fcd\u00fcrl\u00fc\u011f\u00fcm\u00fcz\u00fcn bu i\u015fi de yapaca\u011f\u0131na inan\u0131yoruz.<\/p>\n<p>&nbsp;<\/p>\n<p>Erhan Afyoncu, Sabah Gazetesi<\/p><div id=\"bghab-1439376093\" class=\"bghab-icerik-icine-30-paragraf bghab-entity-placement\"><script async src=\"\/\/pagead2.googlesyndication.com\/pagead\/js\/adsbygoogle.js?client=ca-pub-6203283170189293\" crossorigin=\"anonymous\"><\/script><ins class=\"adsbygoogle\" style=\"display:block; text-align:center;\" data-ad-client=\"ca-pub-6203283170189293\" \ndata-ad-slot=\"7303146466\" \ndata-ad-layout=\"in-article\"\ndata-ad-format=\"fluid\" data-full-width-responsive=\"true\"><\/ins>\n<script> \n(adsbygoogle = window.adsbygoogle || []).push({}); \n<\/script>\n<\/div>\n<div id=\"bghab-1108301712\" class=\"bghab-yazi-altinda bghab-entity-placement\"><div class=\"bghab-adlabel\">Reklamlar<\/div><script async src=\"https:\/\/pagead2.googlesyndication.com\/pagead\/js\/adsbygoogle.js\"><\/script>\r\n<!-- bghaber-yaz\u0131-sonu -->\r\n<ins class=\"adsbygoogle\"\r\n     style=\"display:block\"\r\n     data-ad-client=\"ca-pub-6203283170189293\"\r\n     data-ad-slot=\"4222328180\"\r\n     data-ad-format=\"auto\"\r\n     data-full-width-responsive=\"true\"><\/ins>\r\n<script>\r\n     (adsbygoogle = window.adsbygoogle || []).push({});\r\n<\/script><\/div><br style=\"clear: both; display: block; float: none;\"\/>","protected":false},"excerpt":{"rendered":"<p>E-devlet \u00fczerinden alt-\u00fcst soy sorgulama sisteminin a\u00e7\u0131lmas\u0131 T\u00fcrkiye i\u00e7in \u00f6nemli bir d\u00f6n\u00fcm noktas\u0131d\u0131r. Bu bilgilere ula\u015ft\u0131ktan sonra ailenin k\u00f6klerini daha eskiye indirmek ar\u015fivlerde profesyonel ve<\/p>\n","protected":false},"author":29,"featured_media":27380,"comment_status":"closed","ping_status":"closed","sticky":false,"template":"","format":"standard","meta":{"advanced_seo_description":"","jetpack_seo_html_title":"","jetpack_seo_noindex":false,"_jetpack_memberships_contains_paid_content":false,"footnotes":""},"categories":[6],"tags":[],"class_list":["post-27379","post","type-post","status-publish","format-standard","has-post-thumbnail","hentry","category-yorum"],"jetpack_featured_media_url":"https:\/\/i0.wp.com\/www.bghaber.org\/bghaber\/wp-content\/uploads\/2018\/02\/erhan-afyonucu.png?fit=147%2C124&ssl=1","jetpack_sharing_enabled":true,"jetpack_likes_enabled":true,"jetpack-related-posts":[],"jetpack_shortlink":"https:\/\/wp.me\/pc2PfJ-77B","_links":{"self":[{"href":"https:\/\/www.bghaber.org\/bghaber\/wp-json\/wp\/v2\/posts\/27379","targetHints":{"allow":["GET"]}}],"collection":[{"href":"https:\/\/www.bghaber.org\/bghaber\/wp-json\/wp\/v2\/posts"}],"about":[{"href":"https:\/\/www.bghaber.org\/bghaber\/wp-json\/wp\/v2\/types\/post"}],"author":[{"embeddable":true,"href":"https:\/\/www.bghaber.org\/bghaber\/wp-json\/wp\/v2\/users\/29"}],"replies":[{"embeddable":true,"href":"https:\/\/www.bghaber.org\/bghaber\/wp-json\/wp\/v2\/comments?post=27379"}],"version-history":[{"count":0,"href":"https:\/\/www.bghaber.org\/bghaber\/wp-json\/wp\/v2\/posts\/27379\/revisions"}],"wp:featuredmedia":[{"embeddable":true,"href":"https:\/\/www.bghaber.org\/bghaber\/wp-json\/wp\/v2\/media\/27380"}],"wp:attachment":[{"href":"https:\/\/www.bghaber.org\/bghaber\/wp-json\/wp\/v2\/media?parent=27379"}],"wp:term":[{"taxonomy":"category","embeddable":true,"href":"https:\/\/www.bghaber.org\/bghaber\/wp-json\/wp\/v2\/categories?post=27379"},{"taxonomy":"post_tag","embeddable":true,"href":"https:\/\/www.bghaber.org\/bghaber\/wp-json\/wp\/v2\/tags?post=27379"}],"curies":[{"name":"wp","href":"https:\/\/api.w.org\/{rel}","templated":true}]}}