{"id":27322,"date":"2018-02-16T16:00:21","date_gmt":"2018-02-16T13:00:21","guid":{"rendered":"http:\/\/www.bghaber.org\/bghaber\/?p=27322"},"modified":"2019-07-06T21:03:13","modified_gmt":"2019-07-06T18:03:13","slug":"tombul-caminde-restorasyon-calismalari-bitmek-bilmiyor","status":"publish","type":"post","link":"https:\/\/www.bghaber.org\/bghaber\/tombul-caminde-restorasyon-calismalari-bitmek-bilmiyor\/","title":{"rendered":"Tombul Cami&#8217;nde restorasyon \u00e7al\u0131\u015fmalar\u0131 bitmek bilmiyor"},"content":{"rendered":"<p>\u015eumnu(\u015eumen)&#8217;de bulunan hal aras\u0131nda Tombul Camii diye bilinen cami 1744 y\u0131l\u0131nda \u015eerif Halil Pa\u015fa taraf\u0131ndan yapt\u0131r\u0131lm\u0131\u015ft\u0131r. Bu nedenle caminin ad\u0131na yapt\u0131ran ki\u015finin ad\u0131(\u015eerif Halil Pa\u015fa) verilmi\u015ftir.<\/p>\n<p>Tombul Cami, Bulgaristan&#8217;un 100 Turistlik Yer listesine girmi\u015ftir. Son y\u0131llarda restorasyon \u00e7al\u0131\u015fmalar\u0131 nedeniyle turistlere kapal\u0131 oldu\u011fu i\u00e7in gelen turist say\u0131s\u0131 azalm\u0131\u015ft\u0131r. BNR&#8217;nin T\u00fcrk\u00e7e sayfas\u0131nda Tombul Cami&#8217;nin restorasyon durumu \u015eumnu B\u00f6lge M\u00fcft\u00fcs\u00fc Mesut Mehmet&#8217; sorulmu\u015f.<\/p>\n<p>B\u00f6lge M\u00fcft\u00fcs\u00fc, &#8220;<em>Bu caminin restorasyon \u00e7al\u0131\u015fmalar\u0131 2004 y\u0131l\u0131nda h\u00fck\u00fcmette olan H\u00d6H&#8217;\u00fcn destekleriyle ba\u015flam\u0131\u015ft\u0131r. 2005 y\u0131l\u0131nda Umman Sultan\u0131&#8217;n\u0131n ba\u011f\u0131\u015f yaparak 2008 y\u0131l\u0131na kadar \u00e7al\u0131\u015fmalar devam etti.<\/em>&#8221; diye bildirmi\u015f.<\/p>\n<p>BNR Spikeri &#8220;<em>Restorasyon \u00e7al\u0131\u015fmalar\u0131 birka\u00e7 sene ask\u0131ya al\u0131n\u0131yor bu uzun aradan sonra restorasyonun ikinci etab\u0131na gelindi.Bu s\u00fcreci ve yap\u0131lanlar\u0131 anlat\u0131r m\u0131s\u0131n\u0131z?<\/em>&#8221; sorusunu soruyor.<\/p>\n<p>B\u00f6lge M\u00fcft\u00fcs\u00fc, &#8220;<em>2008 y\u0131l\u0131ndan sonra bize ba\u011fl\u0131 olmayan sebeplerden dolay\u0131 2016 y\u0131l\u0131na kadar \u00e7al\u0131\u015fma olmam\u0131\u015ft\u0131. Allah&#8217;a \u015f\u00fck\u00fcrler olsun 2016 y\u0131l\u0131nda tekrar \u00e7al\u0131\u015fmalar\u0131m\u0131za ba\u015flayabildik. Sonra 2016&#8217;dan tabi baz\u0131 olaylardan dolay\u0131 yine ara verilmi\u015fti. Fakat 2017 senesinde daha h\u0131zl\u0131 bir \u015fekilde devam etti. 2017 y\u0131l\u0131nda caminin d\u0131\u015f cephesi onar\u0131ld\u0131. D\u0131\u015far\u0131daki iskelesi indirildi. \u00c7ok az bir yeri kalm\u0131\u015ft\u0131 minarenin etraf\u0131. Fakat hava \u015fartlar\u0131 m\u00fcsade etmedi\u011fi i\u00e7in minareyi bitiremedik. Ama Allah nasip ederse 2018 y\u0131l\u0131nda da tamamen d\u0131\u015f cepheden iskeleyi indirmi\u015f olaca\u011f\u0131z. Tabi ayn\u0131 zamanda bu 2016-2017 y\u0131llar\u0131 i\u00e7erisinde i\u00e7eride de bir tak\u0131m \u00e7al\u0131\u015fmalar yap\u0131ld\u0131. \u015euan da kubbe tamamen yap\u0131lm\u0131\u015f \u015fekilde ve yine caminin belirli baz\u0131 k\u0131s\u0131mlar\u0131nda da \u00e7al\u0131\u015fmalar yap\u0131ld\u0131. Yani i\u00e7eri de de bir yere kadar iskeleyi indirmi\u015f olduk.&#8221; <\/em>\u015feklinde cevap veriyor.<\/p><div id=\"bghab-69848928\" class=\"bghab-icerik-icine bghab-entity-placement\"><script async src=\"\/\/pagead2.googlesyndication.com\/pagead\/js\/adsbygoogle.js?client=ca-pub-6203283170189293\" crossorigin=\"anonymous\"><\/script><ins class=\"adsbygoogle\" style=\"display:block; text-align:center;\" data-ad-client=\"ca-pub-6203283170189293\" \ndata-ad-slot=\"7303146466\" \ndata-ad-layout=\"in-article\"\ndata-ad-format=\"fluid\" data-full-width-responsive=\"true\"><\/ins>\n<script> \n(adsbygoogle = window.adsbygoogle || []).push({}); \n<\/script>\n<\/div>\n<p>BNR spikeri M\u00fcft\u00fc&#8217;ye restorasyonun tamamen ne zaman bitece\u011fini sordu.<\/p>\n<p>M\u00fcft\u00fc, caminin restorasyon \u00e7al\u0131\u015fmalar\u0131n\u0131n k\u0131s\u0131m k\u0131s\u0131m olaca\u011f\u0131n\u0131 s\u00f6yledi. Birinci k\u0131s\u0131mda caminin i\u00e7inin ve d\u0131\u015f\u0131n\u0131n restorasyonu, ikinci k\u0131s\u0131mda medrese ve k\u00fct\u00fcphane ard\u0131ndan son olarak da M\u00fcft\u00fcl\u00fc\u011f\u00fcn oldu\u011fu yerin restorasyonunun\u00a0yap\u0131laca\u011f\u0131n\u0131 bildirdi.<\/p>\n<p>Caminin restorasyonu 2018 y\u0131l\u0131nda da devam edilece\u011fi g\u00f6r\u00fcl\u00fcyor. Bizim temennimiz en k\u0131sa s\u00fcrede \u00e7al\u0131\u015fmalar\u0131n bitirilip caminin ve k\u00fclliyesinin ziyaret\u00e7ilere a\u00e7\u0131lmas\u0131 y\u00f6n\u00fcndedir.<\/p>\n<p>&nbsp;<\/p>\n<p>bghaber<\/p><div id=\"bghab-1028092335\" class=\"bghab-icerik-icine-10-paragraf bghab-entity-placement\"><script async src=\"\/\/pagead2.googlesyndication.com\/pagead\/js\/adsbygoogle.js?client=ca-pub-6203283170189293\" crossorigin=\"anonymous\"><\/script><ins class=\"adsbygoogle\" style=\"display:block; text-align:center;\" data-ad-client=\"ca-pub-6203283170189293\" \ndata-ad-slot=\"7303146466\" \ndata-ad-layout=\"in-article\"\ndata-ad-format=\"fluid\" data-full-width-responsive=\"true\"><\/ins>\n<script> \n(adsbygoogle = window.adsbygoogle || []).push({}); \n<\/script>\n<\/div>\n<div id=\"bghab-290625768\" class=\"bghab-yazi-altinda bghab-entity-placement\"><div class=\"bghab-adlabel\">Reklamlar<\/div><script async src=\"https:\/\/pagead2.googlesyndication.com\/pagead\/js\/adsbygoogle.js\"><\/script>\r\n<!-- bghaber-yaz\u0131-sonu -->\r\n<ins class=\"adsbygoogle\"\r\n     style=\"display:block\"\r\n     data-ad-client=\"ca-pub-6203283170189293\"\r\n     data-ad-slot=\"4222328180\"\r\n     data-ad-format=\"auto\"\r\n     data-full-width-responsive=\"true\"><\/ins>\r\n<script>\r\n     (adsbygoogle = window.adsbygoogle || []).push({});\r\n<\/script><\/div><br style=\"clear: both; display: block; float: none;\"\/>","protected":false},"excerpt":{"rendered":"<p>\u015eumnu(\u015eumen)&#8217;de bulunan hal aras\u0131nda Tombul Camii diye bilinen cami 1744 y\u0131l\u0131nda \u015eerif Halil Pa\u015fa taraf\u0131ndan yapt\u0131r\u0131lm\u0131\u015ft\u0131r. Bu nedenle caminin ad\u0131na yapt\u0131ran ki\u015finin ad\u0131(\u015eerif Halil Pa\u015fa)<\/p>\n","protected":false},"author":29,"featured_media":27323,"comment_status":"closed","ping_status":"closed","sticky":false,"template":"","format":"standard","meta":{"advanced_seo_description":"","jetpack_seo_html_title":"","jetpack_seo_noindex":false,"_jetpack_memberships_contains_paid_content":false,"footnotes":""},"categories":[1,10],"tags":[],"class_list":["post-27322","post","type-post","status-publish","format-standard","has-post-thumbnail","hentry","category-haberler","category-kultur-sanat"],"jetpack_featured_media_url":"https:\/\/i0.wp.com\/www.bghaber.org\/bghaber\/wp-content\/uploads\/2018\/02\/tombul-cami-sumnu-sumen.jpg?fit=850%2C478&ssl=1","jetpack_sharing_enabled":true,"jetpack_likes_enabled":true,"jetpack-related-posts":[],"jetpack_shortlink":"https:\/\/wp.me\/pc2PfJ-76G","_links":{"self":[{"href":"https:\/\/www.bghaber.org\/bghaber\/wp-json\/wp\/v2\/posts\/27322","targetHints":{"allow":["GET"]}}],"collection":[{"href":"https:\/\/www.bghaber.org\/bghaber\/wp-json\/wp\/v2\/posts"}],"about":[{"href":"https:\/\/www.bghaber.org\/bghaber\/wp-json\/wp\/v2\/types\/post"}],"author":[{"embeddable":true,"href":"https:\/\/www.bghaber.org\/bghaber\/wp-json\/wp\/v2\/users\/29"}],"replies":[{"embeddable":true,"href":"https:\/\/www.bghaber.org\/bghaber\/wp-json\/wp\/v2\/comments?post=27322"}],"version-history":[{"count":0,"href":"https:\/\/www.bghaber.org\/bghaber\/wp-json\/wp\/v2\/posts\/27322\/revisions"}],"wp:featuredmedia":[{"embeddable":true,"href":"https:\/\/www.bghaber.org\/bghaber\/wp-json\/wp\/v2\/media\/27323"}],"wp:attachment":[{"href":"https:\/\/www.bghaber.org\/bghaber\/wp-json\/wp\/v2\/media?parent=27322"}],"wp:term":[{"taxonomy":"category","embeddable":true,"href":"https:\/\/www.bghaber.org\/bghaber\/wp-json\/wp\/v2\/categories?post=27322"},{"taxonomy":"post_tag","embeddable":true,"href":"https:\/\/www.bghaber.org\/bghaber\/wp-json\/wp\/v2\/tags?post=27322"}],"curies":[{"name":"wp","href":"https:\/\/api.w.org\/{rel}","templated":true}]}}