{"id":27319,"date":"2018-02-16T15:30:53","date_gmt":"2018-02-16T12:30:53","guid":{"rendered":"http:\/\/www.bghaber.org\/bghaber\/?p=27319"},"modified":"2019-07-06T21:03:13","modified_gmt":"2019-07-06T18:03:13","slug":"apartmanlarda-isi-yalitimi-cok-pahalilasti","status":"publish","type":"post","link":"https:\/\/www.bghaber.org\/bghaber\/apartmanlarda-isi-yalitimi-cok-pahalilasti\/","title":{"rendered":"Apartmanlarda \u0131s\u0131 yal\u0131t\u0131m\u0131 \u00e7ok pahal\u0131la\u015ft\u0131"},"content":{"rendered":"<p>Ulusal Toplu Konutlarda Enerji Verimlili\u011fini Art\u0131rma Program\u0131 kapsam\u0131nda yap\u0131lan apartman binalar\u0131nda \u0131s\u0131 yal\u0131t\u0131m\u0131 uygulamalar\u0131n\u0131n maliyetinin \u00f6nemli \u00f6l\u00e7\u00fcde artmas\u0131 ve bunun konutlar\u0131n yenilenmesinde kaosa yol a\u00e7mas\u0131 bekleniyor. Buna dair uyar\u0131da bulunan i\u015f d\u00fcnyas\u0131, sebebin bir y\u00f6netmelik de\u011fi\u015fikli\u011fi tasla\u011f\u0131nda yatt\u0131\u011f\u0131n\u0131 s\u00f6yledi. Tasla\u011fa g\u00f6re y\u00fcksek binalar yaln\u0131zca y\u00fczde 100 yan\u0131c\u0131 olmayan malzemelerle izole edilecek.<\/p>\n<p>Y\u00f6netmelik tasla\u011f\u0131na g\u00f6re t\u00fcm malzemelerin y\u00fczde 100 yan\u0131c\u0131 olmamas\u0131 gerekir. \u00d6rne\u011fin, d\u00fcbel gibi en k\u00fc\u00e7\u00fck malzemelerin bile yan\u0131c\u0131 olmamas\u0131 gerekir.<\/p>\n<p>Bu malzemeler y\u00fczde 100 yan\u0131c\u0131 olmamakla birlikte y\u00fczde 100 daha pahal\u0131d\u0131r. Yasa koyucunun koymay\u0131 d\u00fc\u015f\u00fcnd\u00fc\u011f\u00fc s\u0131n\u0131r 28 metredir veya 10 katl\u0131 bir binad\u0131r. Ancak i\u015fletme verilerine g\u00f6re, t\u00fcm bunlar piyasada b\u00fcy\u00fck karga\u015faya neden olacak. Mevcut fiyatlara g\u00f6re 2-3 kat daha pahal\u0131 malzemelerden bahsediyoruz. Emek \u00fccretinde de fark vard\u0131r \u2013 in\u015faat\u00e7\u0131lar, cam veya ta\u015f y\u00fcn\u00fc ile \u00e7al\u0131\u015fmak i\u00e7in yakla\u015f\u0131k y\u00fczde 20 daha y\u00fcksek \u00fccret al\u0131yorlar.<\/p>\n<p>Reel sekt\u00f6rde faaliyet g\u00f6steren yat\u0131r\u0131mc\u0131 ve in\u015faat\u00e7\u0131 firma sahibi Dimit\u0131r Na\u00e7ev,\u201d Bununla birlikte in\u015faat\u00e7\u0131lar\u0131n en ciddi endi\u015fesi eski binalar\u0131n yap\u0131s\u0131n\u0131n a\u011f\u0131r bir malzeme olan ta\u015f y\u00fcn\u00fc ile \u0131s\u0131 yal\u0131t\u0131m\u0131 uygulamas\u0131na dayanmamas\u0131d\u0131r. Ta\u015f y\u00fcn\u00fc a\u011f\u0131r malzeme ve onunla \u00e7al\u0131\u015fmak da daha zor. \u00dcst katlarda y\u00fcn a\u011f\u0131r basacak. Y\u00fcn iyi bir malzemedir, ama sadece evlerde \u0131s\u0131 yal\u0131t\u0131m\u0131nda kullanmak i\u00e7in uygundur\u201d diye izah etti.<\/p>\n<p>Basit yal\u0131t\u0131m malzemesi nispeten d\u00fc\u015f\u00fck bir s\u0131cakl\u0131kta kolayca yanar. Y\u00fcn ise yakla\u015f\u0131k 1000 derece s\u0131cakl\u0131\u011fa dayan\u0131r.<\/p><div id=\"bghab-2582235144\" class=\"bghab-icerik-icine bghab-entity-placement\"><script async src=\"\/\/pagead2.googlesyndication.com\/pagead\/js\/adsbygoogle.js?client=ca-pub-6203283170189293\" crossorigin=\"anonymous\"><\/script><ins class=\"adsbygoogle\" style=\"display:block; text-align:center;\" data-ad-client=\"ca-pub-6203283170189293\" \ndata-ad-slot=\"7303146466\" \ndata-ad-layout=\"in-article\"\ndata-ad-format=\"fluid\" data-full-width-responsive=\"true\"><\/ins>\n<script> \n(adsbygoogle = window.adsbygoogle || []).push({}); \n<\/script>\n<\/div>\n<p>B\u00f6lgesel Kalk\u0131nma ve Bay\u0131nd\u0131rl\u0131k Bakanl\u0131\u011f\u0131, yeni \u015fartlar\u0131n kesinlikle karma\u015faya neden olmayaca\u011f\u0131n\u0131 belirtti.<\/p>\n<p>NOVA TV\u2019ye deme\u00e7 veren B\u00f6lgesel Kalk\u0131nma ve Bay\u0131nd\u0131rl\u0131k Bakan\u0131 Nikolay Nankov, \u201cTa\u015f y\u00fcn\u00fc kesinlikle daha pahal\u0131, ancak bunlar g\u00fcvenlik gereklilikleri bizim taraf\u0131m\u0131zdan veya sizin taraf\u0131n\u0131zdan icat edilmedi. Programla ilgili olarak \u2013 baz\u0131 sorunlar vard\u0131, fakat onlar derhal belediye idareleri taraf\u0131ndan \u00e7\u00f6z\u00fclmektedir. Bulgaristan vatanda\u015flar\u0131, apartman binalar\u0131nda devlet ve AB paras\u0131yla \u0131s\u0131 yal\u0131t\u0131m\u0131 uygulamas\u0131 yap\u0131ld\u0131\u011f\u0131 i\u00e7in rahat olmal\u0131d\u0131rlar\u201d diye kaydetti.<\/p>\n<p>Bulgaristan \u0130n\u015faat Yal\u0131t\u0131mc\u0131lar\u0131 Derne\u011fi \u0130cra M\u00fcd\u00fcr\u00fc Yordan Nikolov, \u201cY\u00fcklenici kurum veya B\u00f6lgesel Kalk\u0131nma ve Bay\u0131nd\u0131rl\u0131k Bakanl\u0131\u011f\u0131, y\u00f6netmelik tasla\u011f\u0131nda y\u00fcksek binalar i\u00e7in daha y\u00fcksek bir fiyat \u00f6ng\u00f6rmektedir\u201d diye yorum yapt\u0131.<\/p>\n<p><b>Ancak i\u015f d\u00fcnyas\u0131 farkl\u0131 g\u00f6r\u00fc\u015fte<\/b><\/p>\n<p>\u0130n\u015faat\u00e7\u0131lar, de\u011fi\u015fikliklerin y\u00fcr\u00fcrl\u00fc\u011fe girmesi durumunda piyasada yeterince malzeme bulunmad\u0131\u011f\u0131n\u0131 s\u00f6yl\u00fcyorlar. Cam ve ta\u015f y\u00fcn\u00fc malzeme \u00fcreten firmalar\u0131n az say\u0131da oldu\u011funu, ithalata ise kota uyguland\u0131\u011f\u0131na dikkat \u00e7ekiyorlar.<\/p><div id=\"bghab-2481349245\" class=\"bghab-icerik-icine-10-paragraf bghab-entity-placement\"><script async src=\"\/\/pagead2.googlesyndication.com\/pagead\/js\/adsbygoogle.js?client=ca-pub-6203283170189293\" crossorigin=\"anonymous\"><\/script><ins class=\"adsbygoogle\" style=\"display:block; text-align:center;\" data-ad-client=\"ca-pub-6203283170189293\" \ndata-ad-slot=\"7303146466\" \ndata-ad-layout=\"in-article\"\ndata-ad-format=\"fluid\" data-full-width-responsive=\"true\"><\/ins>\n<script> \n(adsbygoogle = window.adsbygoogle || []).push({}); \n<\/script>\n<\/div>\n<p>&nbsp;<\/p>\n<p>K\u0131rcaali Haber<\/p>\n<div id=\"bghab-4253533785\" class=\"bghab-yazi-altinda bghab-entity-placement\"><div class=\"bghab-adlabel\">Reklamlar<\/div><script async src=\"https:\/\/pagead2.googlesyndication.com\/pagead\/js\/adsbygoogle.js\"><\/script>\r\n<!-- bghaber-yaz\u0131-sonu -->\r\n<ins class=\"adsbygoogle\"\r\n     style=\"display:block\"\r\n     data-ad-client=\"ca-pub-6203283170189293\"\r\n     data-ad-slot=\"4222328180\"\r\n     data-ad-format=\"auto\"\r\n     data-full-width-responsive=\"true\"><\/ins>\r\n<script>\r\n     (adsbygoogle = window.adsbygoogle || []).push({});\r\n<\/script><\/div><br style=\"clear: both; display: block; float: none;\"\/>","protected":false},"excerpt":{"rendered":"<p>Ulusal Toplu Konutlarda Enerji Verimlili\u011fini Art\u0131rma Program\u0131 kapsam\u0131nda yap\u0131lan apartman binalar\u0131nda \u0131s\u0131 yal\u0131t\u0131m\u0131 uygulamalar\u0131n\u0131n maliyetinin \u00f6nemli \u00f6l\u00e7\u00fcde artmas\u0131 ve bunun konutlar\u0131n yenilenmesinde kaosa yol a\u00e7mas\u0131<\/p>\n","protected":false},"author":29,"featured_media":27320,"comment_status":"closed","ping_status":"closed","sticky":false,"template":"","format":"standard","meta":{"advanced_seo_description":"","jetpack_seo_html_title":"","jetpack_seo_noindex":false,"_jetpack_memberships_contains_paid_content":false,"footnotes":""},"categories":[9],"tags":[],"class_list":["post-27319","post","type-post","status-publish","format-standard","has-post-thumbnail","hentry","category-ekonomi"],"jetpack_featured_media_url":"https:\/\/i0.wp.com\/www.bghaber.org\/bghaber\/wp-content\/uploads\/2018\/02\/bina-dis-yalitim-insaat.jpg?fit=600%2C450&ssl=1","jetpack_sharing_enabled":true,"jetpack_likes_enabled":true,"jetpack-related-posts":[],"jetpack_shortlink":"https:\/\/wp.me\/pc2PfJ-76D","_links":{"self":[{"href":"https:\/\/www.bghaber.org\/bghaber\/wp-json\/wp\/v2\/posts\/27319","targetHints":{"allow":["GET"]}}],"collection":[{"href":"https:\/\/www.bghaber.org\/bghaber\/wp-json\/wp\/v2\/posts"}],"about":[{"href":"https:\/\/www.bghaber.org\/bghaber\/wp-json\/wp\/v2\/types\/post"}],"author":[{"embeddable":true,"href":"https:\/\/www.bghaber.org\/bghaber\/wp-json\/wp\/v2\/users\/29"}],"replies":[{"embeddable":true,"href":"https:\/\/www.bghaber.org\/bghaber\/wp-json\/wp\/v2\/comments?post=27319"}],"version-history":[{"count":0,"href":"https:\/\/www.bghaber.org\/bghaber\/wp-json\/wp\/v2\/posts\/27319\/revisions"}],"wp:featuredmedia":[{"embeddable":true,"href":"https:\/\/www.bghaber.org\/bghaber\/wp-json\/wp\/v2\/media\/27320"}],"wp:attachment":[{"href":"https:\/\/www.bghaber.org\/bghaber\/wp-json\/wp\/v2\/media?parent=27319"}],"wp:term":[{"taxonomy":"category","embeddable":true,"href":"https:\/\/www.bghaber.org\/bghaber\/wp-json\/wp\/v2\/categories?post=27319"},{"taxonomy":"post_tag","embeddable":true,"href":"https:\/\/www.bghaber.org\/bghaber\/wp-json\/wp\/v2\/tags?post=27319"}],"curies":[{"name":"wp","href":"https:\/\/api.w.org\/{rel}","templated":true}]}}