{"id":27316,"date":"2018-02-16T15:00:59","date_gmt":"2018-02-16T12:00:59","guid":{"rendered":"http:\/\/www.bghaber.org\/bghaber\/?p=27316"},"modified":"2019-07-06T21:03:13","modified_gmt":"2019-07-06T18:03:13","slug":"bulgaristan-turkiye-sinirindan-daha-iyi-korunan-sinir-yok","status":"publish","type":"post","link":"https:\/\/www.bghaber.org\/bghaber\/bulgaristan-turkiye-sinirindan-daha-iyi-korunan-sinir-yok\/","title":{"rendered":"Bulgaristan-T\u00fcrkiye s\u0131n\u0131r\u0131ndan daha iyi korunan s\u0131n\u0131r yok"},"content":{"rendered":"<p>Almanya\u2019n\u0131n M\u00fcnih kentinde d\u00fczenlenen \u201cAvrupa \u0130\u00e7in Yeni Fikirler &#8220;konulu konferans\u0131n\u0131n a\u00e7\u0131l\u0131\u015f\u0131nda konu\u015fan Ba\u015fbakan Boyko Borisov, \u201cBulgaristan-T\u00fcrkiye s\u0131n\u0131r\u0131ndan daha iyi korunan s\u0131n\u0131r yok\u201d diye kaydetti.<\/p>\n<p>Bulgar h\u00fck\u00fcmetinin en son maliye politikas\u0131n\u0131n sonu\u00e7lar\u0131n\u0131 aktaran Ba\u015fbakan, \u201cBulgaristan \u00e7ok sad\u0131k ve disiplinli bir \u00fclkedir ve Maastricht kriterlerine kesinlikle uymaktad\u0131r\u201d diye belirtti. Borisov,\u201d Bu kriterleri y\u0131llarca kar\u015f\u0131lad\u0131ktan sonra bizi hem Euro B\u00f6lgesi, hem de Schengen&#8217;de kabul etmenin zaman\u0131 oldu\u011funa inan\u0131yorum. M\u00fckemmel \u00e7al\u0131\u015fanlar, \u00e7al\u0131\u015fmalar\u0131ndan m\u00fckemmel sonu\u00e7lar da almal\u0131d\u0131rlar\u201d dedi.<\/p>\n<p>Ba\u015fbakan, AB Konseyi Bulgaristan D\u00f6nem Ba\u015fkanl\u0131\u011f\u0131n\u0131n Bat\u0131 Balkanlar konusuyla birlikte AB&#8217;nin b\u00fcy\u00fck kom\u015fular\u0131 ile olan ili\u015fkilerini de masaya yat\u0131rma f\u0131rsat\u0131 verdi\u011fini vurgulad\u0131. Borisov,\u201d Altyap\u0131 a\u00e7\u0131s\u0131ndan 4, 8, 9 ve 10 nolu ula\u015f\u0131m koridorlar\u0131n\u0131n yan\u0131 s\u0131ra dijital altyap\u0131 in\u015fas\u0131 da ba\u015flat\u0131lmal\u0131d\u0131r. Ne kadar hafife alsan\u0131z da birka\u00e7 sava\u015f Balkanlar&#8217;da patlak verdi. \u00c7\u00f6z\u00fcm, NATO&#8217;ya ve AB&#8217;ye h\u0131zl\u0131 bir kat\u0131l\u0131mdad\u0131r\u201d diye konu\u015ftu. Bulgaristan Ba\u015fbakan\u0131, Avrupa&#8217;y\u0131 d\u0131\u015f siyaset meselelerinde b\u00f6l\u00fcnmemeye ve birlikte \u00e7al\u0131\u015fmaya \u00e7a\u011f\u0131rd\u0131.<\/p>\n<p>Ba\u015fbakan, AB ile T\u00fcrkiye aras\u0131ndaki iyi ili\u015fkilerin \u00f6nemini vurgulad\u0131 ve NATO&#8217;nun g\u00fcney kanad\u0131n\u0131n \u015fu anda T\u00fcrkiye taraf\u0131ndan korunmakta oldu\u011funu ve Avrupa&#8217;n\u0131n ona g\u00fcvendi\u011fini a\u00e7\u0131klad\u0131. Borisov,\u201d Bu nedenle AB&#8217;nin T\u00fcrkiye ile ili\u015fkilerini normalle\u015ftirmeye karar vermesinden memnunuz. Sadece g\u00f6\u00e7menlerden dolay\u0131 de\u011fil, NATO i\u00e7inde i\u015fbirli\u011fi ve destekten dolay\u0131 memnunuz\u201d dedi.<\/p>\n<p>&nbsp;<\/p><div id=\"bghab-3936966861\" class=\"bghab-icerik-icine bghab-entity-placement\"><script async src=\"\/\/pagead2.googlesyndication.com\/pagead\/js\/adsbygoogle.js?client=ca-pub-6203283170189293\" crossorigin=\"anonymous\"><\/script><ins class=\"adsbygoogle\" style=\"display:block; text-align:center;\" data-ad-client=\"ca-pub-6203283170189293\" \ndata-ad-slot=\"7303146466\" \ndata-ad-layout=\"in-article\"\ndata-ad-format=\"fluid\" data-full-width-responsive=\"true\"><\/ins>\n<script> \n(adsbygoogle = window.adsbygoogle || []).push({}); \n<\/script>\n<\/div>\n<p>K\u0131rcaali Haber<\/p>\n<div id=\"bghab-1356207727\" class=\"bghab-yazi-altinda bghab-entity-placement\"><div class=\"bghab-adlabel\">Reklamlar<\/div><script async src=\"https:\/\/pagead2.googlesyndication.com\/pagead\/js\/adsbygoogle.js\"><\/script>\r\n<!-- bghaber-yaz\u0131-sonu -->\r\n<ins class=\"adsbygoogle\"\r\n     style=\"display:block\"\r\n     data-ad-client=\"ca-pub-6203283170189293\"\r\n     data-ad-slot=\"4222328180\"\r\n     data-ad-format=\"auto\"\r\n     data-full-width-responsive=\"true\"><\/ins>\r\n<script>\r\n     (adsbygoogle = window.adsbygoogle || []).push({});\r\n<\/script><\/div><br style=\"clear: both; display: block; float: none;\"\/>","protected":false},"excerpt":{"rendered":"<p>Almanya\u2019n\u0131n M\u00fcnih kentinde d\u00fczenlenen \u201cAvrupa \u0130\u00e7in Yeni Fikirler &#8220;konulu konferans\u0131n\u0131n a\u00e7\u0131l\u0131\u015f\u0131nda konu\u015fan Ba\u015fbakan Boyko Borisov, \u201cBulgaristan-T\u00fcrkiye s\u0131n\u0131r\u0131ndan daha iyi korunan s\u0131n\u0131r yok\u201d diye kaydetti. Bulgar<\/p>\n","protected":false},"author":29,"featured_media":27317,"comment_status":"closed","ping_status":"closed","sticky":false,"template":"","format":"standard","meta":{"advanced_seo_description":"","jetpack_seo_html_title":"","jetpack_seo_noindex":false,"_jetpack_memberships_contains_paid_content":false,"footnotes":""},"categories":[1,4],"tags":[],"class_list":["post-27316","post","type-post","status-publish","format-standard","has-post-thumbnail","hentry","category-haberler","category-siyaset"],"jetpack_featured_media_url":"https:\/\/i0.wp.com\/www.bghaber.org\/bghaber\/wp-content\/uploads\/2018\/02\/boyko-borisov-munihte.jpg?fit=1024%2C650&ssl=1","jetpack_sharing_enabled":true,"jetpack_likes_enabled":true,"jetpack-related-posts":[],"jetpack_shortlink":"https:\/\/wp.me\/pc2PfJ-76A","_links":{"self":[{"href":"https:\/\/www.bghaber.org\/bghaber\/wp-json\/wp\/v2\/posts\/27316","targetHints":{"allow":["GET"]}}],"collection":[{"href":"https:\/\/www.bghaber.org\/bghaber\/wp-json\/wp\/v2\/posts"}],"about":[{"href":"https:\/\/www.bghaber.org\/bghaber\/wp-json\/wp\/v2\/types\/post"}],"author":[{"embeddable":true,"href":"https:\/\/www.bghaber.org\/bghaber\/wp-json\/wp\/v2\/users\/29"}],"replies":[{"embeddable":true,"href":"https:\/\/www.bghaber.org\/bghaber\/wp-json\/wp\/v2\/comments?post=27316"}],"version-history":[{"count":0,"href":"https:\/\/www.bghaber.org\/bghaber\/wp-json\/wp\/v2\/posts\/27316\/revisions"}],"wp:featuredmedia":[{"embeddable":true,"href":"https:\/\/www.bghaber.org\/bghaber\/wp-json\/wp\/v2\/media\/27317"}],"wp:attachment":[{"href":"https:\/\/www.bghaber.org\/bghaber\/wp-json\/wp\/v2\/media?parent=27316"}],"wp:term":[{"taxonomy":"category","embeddable":true,"href":"https:\/\/www.bghaber.org\/bghaber\/wp-json\/wp\/v2\/categories?post=27316"},{"taxonomy":"post_tag","embeddable":true,"href":"https:\/\/www.bghaber.org\/bghaber\/wp-json\/wp\/v2\/tags?post=27316"}],"curies":[{"name":"wp","href":"https:\/\/api.w.org\/{rel}","templated":true}]}}