{"id":27313,"date":"2018-02-16T14:30:51","date_gmt":"2018-02-16T11:30:51","guid":{"rendered":"http:\/\/www.bghaber.org\/bghaber\/?p=27313"},"modified":"2019-07-06T21:03:13","modified_gmt":"2019-07-06T18:03:13","slug":"catod-2018-troia-yili-tanitimlari-icin-sofyaya-cikarma-yapti","status":"publish","type":"post","link":"https:\/\/www.bghaber.org\/bghaber\/catod-2018-troia-yili-tanitimlari-icin-sofyaya-cikarma-yapti\/","title":{"rendered":"\u00c7ATOD 2018 Troia Y\u0131l\u0131 tan\u0131t\u0131mlar\u0131 i\u00e7in Sofya&#8217;ya \u00e7\u0131karma yapt\u0131"},"content":{"rendered":"<p>Bulgaristan\u2019\u0131n Sofya \u015fehrinde ger\u00e7ekle\u015ftirilen Balkanlar\u2019\u0131n \u00f6nemli turizm fuarlar\u0131ndan biri olan \u201c35. Holiday &amp; Spa Expo Fuar\u0131\u201d ba\u015flad\u0131. Fuarda T\u00fcrkiye destinasyonlar\u0131 i\u00e7erisinde en fazla ilgiyi \u00c7anakkale b\u00f6l\u00fcm\u00fc \u00e7ekti.<\/p>\n<p>350\u2019nin \u00fczerinde kat\u0131l\u0131mc\u0131 ve 20 binden fazla ki\u015finin ziyaret etti\u011fi Sofya Turizm Fuar\u0131\u2019nda her y\u0131l d\u00fczenli olarak kat\u0131l\u0131mc\u0131 ve ziyaret\u00e7i say\u0131s\u0131n\u0131n artt\u0131\u011f\u0131n\u0131 belirten \u00c7anakkale Turistik Otelciler, \u0130\u015fletmeciler ve Yat\u0131r\u0131mc\u0131lar Derne\u011fi (\u00c7ATOD) Ba\u015fkan\u0131 Arma\u011fan Ayde\u011fer,<\/p>\n<p>\u00c7anakkale\u2019ye \u00f6zel stand<\/p>\n<p>\u201cGe\u00e7ti\u011fimiz y\u0131llarda oldu\u011fu gibi bu y\u0131lda fuara geni\u015f bir ekiple kat\u0131l\u0131m sa\u011fl\u0131yoruz. 14 \u015eubat tarihinde a\u00e7\u0131lan fuar\u0131n ilk g\u00fcn\u00fc yaln\u0131z turizm profesyonellerine \u00f6zeldi. Bu kapsamda \u00c7anakkalemiz i\u00e7in olduk\u00e7a verimli bir g\u00fcn ge\u00e7irdik. \u00c7anakkale olarak K\u00fclt\u00fcr ve Turizm Bakanl\u0131\u011f\u0131m\u0131z\u0131n stand\u0131nda 2018 Troia Y\u0131l\u0131 temal\u0131 g\u00f6rseller ile destekli desk\u2019imiz ve \u00c7anakkale Valili\u011fimiz koordinasyonu ile 24 metrekarelik \u00c7anakkale \u00f6zel stand\u0131m\u0131z yer ald\u0131.<\/p>\n<p>\u201cBu y\u0131l g\u00f6zle g\u00f6r\u00fcl\u00fcr bir art\u0131\u015f s\u00f6z konusu\u2026\u201d<\/p><div id=\"bghab-3131263164\" class=\"bghab-icerik-icine bghab-entity-placement\"><script async src=\"\/\/pagead2.googlesyndication.com\/pagead\/js\/adsbygoogle.js?client=ca-pub-6203283170189293\" crossorigin=\"anonymous\"><\/script><ins class=\"adsbygoogle\" style=\"display:block; text-align:center;\" data-ad-client=\"ca-pub-6203283170189293\" \ndata-ad-slot=\"7303146466\" \ndata-ad-layout=\"in-article\"\ndata-ad-format=\"fluid\" data-full-width-responsive=\"true\"><\/ins>\n<script> \n(adsbygoogle = window.adsbygoogle || []).push({}); \n<\/script>\n<\/div>\n<p>\u00c7anakkalemizin her b\u00f6lgesini tan\u0131tt\u0131\u011f\u0131m\u0131z stantlar\u0131m\u0131zda 2018 Troia Y\u0131l\u0131 bu y\u0131l t\u00fcm di\u011fer uluslararas\u0131 turizm fuarlar\u0131nda oldu\u011fu gibi ana tema olarak \u00f6n plana \u00e7\u0131kt\u0131. Bug\u00fcn tur operat\u00f6rler ile yapt\u0131\u011f\u0131m\u0131z \u00e7ok say\u0131daki g\u00f6r\u00fc\u015fmede Bulgaristan\u2019dan \u00fclkemize gelecek turist say\u0131s\u0131nda g\u00f6zle g\u00f6r\u00fcl\u00fcr bir art\u0131\u015f mevcut. \u00d6zellikle \u0130stanbul ve Ege b\u00f6lgesindeki rezervasyonlarda bu art\u0131\u015f 2018 i\u00e7in hissedilir d\u00fczeyde.<\/p>\n<p>\u201cArt\u0131\u015ftan \u00c7anakkale de pay alacak\u201d<\/p>\n<p>\u0130n\u015fallah Bulgaristan pazar\u0131nda 2018 y\u0131l\u0131nda \u00c7anakkalemiz\u2019de bir art\u0131\u015f ya\u015fayacak. \u00d6zellikle uzun s\u00fcreli konaklama anlam\u0131nda kullan\u0131lan sejur paket turlarda da \u00c7anakkale\u2019mizin tercih edilmesi i\u00e7in yo\u011fun bir ileti\u015fim y\u00fcr\u00fct\u00fcyoruz. \u00c7ATOD olarak, \u00c7anakkalemizin t\u00fcm kurumlar\u0131 ve turizm akt\u00f6rleriyle koordinasyon i\u00e7inde var g\u00fcc\u00fcm\u00fczle memleketimizin d\u00fcnyan\u0131n tercih edilen \u00f6nemli bir turizm destinasyonu olmas\u0131 i\u00e7in canla ba\u015fla m\u00fccadele ediyoruz. \u00d6zel bir \u00c7anakkale stand\u0131n\u0131n olu\u015fmas\u0131ndaki \u00e7ok de\u011ferli katk\u0131lar\u0131 nedeniyle \u00c7anakkale Valili\u011fimize minnettar\u0131z \u201cdedi.<\/p>\n<p>16 \u015eubat tarihine kadar devam edecek Sofya Turizm Fuar\u0131\u2019na \u00c7ATOD Ba\u015fkan\u0131 Arma\u011fan Ayde\u011fer\u2019in yan\u0131 s\u0131ra, \u00c7ATOD Ba\u015fkan Yard\u0131mc\u0131s\u0131 Ya\u015far Ersoy, Genel Sekreter Salih Y\u00fcksel, Y\u00f6netim Kurulu \u00dcyeleri Ramazan Candan, Mustafa Toko\u011flu, \u00c7ATOD \u00dcyeleri \u00dcnsal Ba\u015far, Yusuf Kayaalp, Can Candan, Ezgi Ceyhan, \u00c7anakkale \u0130l \u00d6zel \u0130daresi ad\u0131na Nadir Kaptan, G\u00f6k\u00e7eada ad\u0131na Ertu\u011frul Eser, Eceabat Belediyesi Meclis \u00dcyesi Timur Ko\u015fal ve \u00c7ATOD Dernek Sekreteri Burcu Zincir de kat\u0131l\u0131m sa\u011flad\u0131.<\/p>\n<p>&nbsp;<\/p><div id=\"bghab-1335983614\" class=\"bghab-icerik-icine-10-paragraf bghab-entity-placement\"><script async src=\"\/\/pagead2.googlesyndication.com\/pagead\/js\/adsbygoogle.js?client=ca-pub-6203283170189293\" crossorigin=\"anonymous\"><\/script><ins class=\"adsbygoogle\" style=\"display:block; text-align:center;\" data-ad-client=\"ca-pub-6203283170189293\" \ndata-ad-slot=\"7303146466\" \ndata-ad-layout=\"in-article\"\ndata-ad-format=\"fluid\" data-full-width-responsive=\"true\"><\/ins>\n<script> \n(adsbygoogle = window.adsbygoogle || []).push({}); \n<\/script>\n<\/div>\n<p>Turizm Ajans\u0131<\/p>\n<div id=\"bghab-557488841\" class=\"bghab-yazi-altinda bghab-entity-placement\"><div class=\"bghab-adlabel\">Reklamlar<\/div><script async src=\"https:\/\/pagead2.googlesyndication.com\/pagead\/js\/adsbygoogle.js\"><\/script>\r\n<!-- bghaber-yaz\u0131-sonu -->\r\n<ins class=\"adsbygoogle\"\r\n     style=\"display:block\"\r\n     data-ad-client=\"ca-pub-6203283170189293\"\r\n     data-ad-slot=\"4222328180\"\r\n     data-ad-format=\"auto\"\r\n     data-full-width-responsive=\"true\"><\/ins>\r\n<script>\r\n     (adsbygoogle = window.adsbygoogle || []).push({});\r\n<\/script><\/div><br style=\"clear: both; display: block; float: none;\"\/>","protected":false},"excerpt":{"rendered":"<p>Bulgaristan\u2019\u0131n Sofya \u015fehrinde ger\u00e7ekle\u015ftirilen Balkanlar\u2019\u0131n \u00f6nemli turizm fuarlar\u0131ndan biri olan \u201c35. Holiday &amp; Spa Expo Fuar\u0131\u201d ba\u015flad\u0131. Fuarda T\u00fcrkiye destinasyonlar\u0131 i\u00e7erisinde en fazla ilgiyi \u00c7anakkale<\/p>\n","protected":false},"author":29,"featured_media":27314,"comment_status":"closed","ping_status":"closed","sticky":false,"template":"","format":"standard","meta":{"advanced_seo_description":"","jetpack_seo_html_title":"","jetpack_seo_noindex":false,"_jetpack_memberships_contains_paid_content":false,"footnotes":""},"categories":[1,10],"tags":[],"class_list":["post-27313","post","type-post","status-publish","format-standard","has-post-thumbnail","hentry","category-haberler","category-kultur-sanat"],"jetpack_featured_media_url":"https:\/\/i0.wp.com\/www.bghaber.org\/bghaber\/wp-content\/uploads\/2018\/02\/catod-2018-troia-yili-sofyada.jpg?fit=638%2C360&ssl=1","jetpack_sharing_enabled":true,"jetpack_likes_enabled":true,"jetpack-related-posts":[],"jetpack_shortlink":"https:\/\/wp.me\/pc2PfJ-76x","_links":{"self":[{"href":"https:\/\/www.bghaber.org\/bghaber\/wp-json\/wp\/v2\/posts\/27313","targetHints":{"allow":["GET"]}}],"collection":[{"href":"https:\/\/www.bghaber.org\/bghaber\/wp-json\/wp\/v2\/posts"}],"about":[{"href":"https:\/\/www.bghaber.org\/bghaber\/wp-json\/wp\/v2\/types\/post"}],"author":[{"embeddable":true,"href":"https:\/\/www.bghaber.org\/bghaber\/wp-json\/wp\/v2\/users\/29"}],"replies":[{"embeddable":true,"href":"https:\/\/www.bghaber.org\/bghaber\/wp-json\/wp\/v2\/comments?post=27313"}],"version-history":[{"count":0,"href":"https:\/\/www.bghaber.org\/bghaber\/wp-json\/wp\/v2\/posts\/27313\/revisions"}],"wp:featuredmedia":[{"embeddable":true,"href":"https:\/\/www.bghaber.org\/bghaber\/wp-json\/wp\/v2\/media\/27314"}],"wp:attachment":[{"href":"https:\/\/www.bghaber.org\/bghaber\/wp-json\/wp\/v2\/media?parent=27313"}],"wp:term":[{"taxonomy":"category","embeddable":true,"href":"https:\/\/www.bghaber.org\/bghaber\/wp-json\/wp\/v2\/categories?post=27313"},{"taxonomy":"post_tag","embeddable":true,"href":"https:\/\/www.bghaber.org\/bghaber\/wp-json\/wp\/v2\/tags?post=27313"}],"curies":[{"name":"wp","href":"https:\/\/api.w.org\/{rel}","templated":true}]}}