{"id":27310,"date":"2018-02-16T13:57:53","date_gmt":"2018-02-16T10:57:53","guid":{"rendered":"http:\/\/www.bghaber.org\/bghaber\/?p=27310"},"modified":"2019-07-06T21:03:13","modified_gmt":"2019-07-06T18:03:13","slug":"omer-celik-sofyada-gymniche-katilacak","status":"publish","type":"post","link":"https:\/\/www.bghaber.org\/bghaber\/omer-celik-sofyada-gymniche-katilacak\/","title":{"rendered":"\u00d6mer \u00c7elik, Sofya\u2019da Gymnich\u2019e kat\u0131lacak"},"content":{"rendered":"<p>Avrupa Birli\u011fi Bakan\u0131 ve Ba\u015fm\u00fczakereci \u00d6mer \u00c7elik, AB Gayriresmi D\u0131\u015fi\u015fleri Bakanlar\u0131 Toplant\u0131s\u0131na (Gymnich) kat\u0131lmak \u00fczere Sofya\u2019y\u0131 ziyaret edecek.Avrupa Birli\u011fi (AB) Bakan\u0131 ve Ba\u015fm\u00fczakereci \u00d6mer \u00c7elik, AB Gayr\u0131resmi D\u0131\u015fi\u015fleri Bakanlar\u0131 Toplant\u0131s\u0131\u2019na (Gymnich) kat\u0131lmak \u00fczere 15-16 \u015eubat 2018 tarihlerinde AB D\u00f6nem Ba\u015fkan\u0131 Bulgaristan\u2019\u0131n ba\u015fkenti Sofya\u2019y\u0131 ziyaret edecek.<\/p>\n<p>vrupa Birli\u011fi Bakan\u0131 ve Ba\u015fm\u00fczakereci \u00d6mer \u00c7elik, AB Gayriresmi D\u0131\u015fi\u015fleri Bakanlar\u0131 Toplant\u0131s\u0131na (Gymnich) kat\u0131lmak \u00fczere Sofya\u2019y\u0131 ziyaret edecek.<\/p>\n<p>Avrupa Birli\u011fi (AB) Bakan\u0131 ve Ba\u015fm\u00fczakereci \u00d6mer \u00c7elik, AB Gayr\u0131resmi D\u0131\u015fi\u015fleri Bakanlar\u0131 Toplant\u0131s\u0131\u2019na (Gymnich) kat\u0131lmak \u00fczere 15-16 \u015eubat 2018 tarihlerinde AB D\u00f6nem Ba\u015fkan\u0131 Bulgaristan\u2019\u0131n ba\u015fkenti Sofya\u2019y\u0131 ziyaret edecek. Bakan \u00c7elik, toplant\u0131n\u0131n \u201cg\u00fcvenlik ve savunma alan\u0131nda i\u015fbirli\u011fi\u201d ba\u015fl\u0131kl\u0131 oturumuna kat\u0131larak bir konu\u015fma yapacak. \u00c7elik, AB \u00fcyesi \u00fclkelerin D\u0131\u015fi\u015fleri Bakanlar\u0131 ile g\u00fcvenlik ve savunma konular\u0131n\u0131 da de\u011ferlendirecek.<\/p>\n<p>&nbsp;<\/p>\n<p>Mynet<\/p><div id=\"bghab-1551398628\" class=\"bghab-icerik-icine bghab-entity-placement\"><script async src=\"\/\/pagead2.googlesyndication.com\/pagead\/js\/adsbygoogle.js?client=ca-pub-6203283170189293\" crossorigin=\"anonymous\"><\/script><ins class=\"adsbygoogle\" style=\"display:block; text-align:center;\" data-ad-client=\"ca-pub-6203283170189293\" \ndata-ad-slot=\"7303146466\" \ndata-ad-layout=\"in-article\"\ndata-ad-format=\"fluid\" data-full-width-responsive=\"true\"><\/ins>\n<script> \n(adsbygoogle = window.adsbygoogle || []).push({}); \n<\/script>\n<\/div>\n<div id=\"bghab-2300912239\" class=\"bghab-yazi-altinda bghab-entity-placement\"><div class=\"bghab-adlabel\">Reklamlar<\/div><script async src=\"https:\/\/pagead2.googlesyndication.com\/pagead\/js\/adsbygoogle.js\"><\/script>\r\n<!-- bghaber-yaz\u0131-sonu -->\r\n<ins class=\"adsbygoogle\"\r\n     style=\"display:block\"\r\n     data-ad-client=\"ca-pub-6203283170189293\"\r\n     data-ad-slot=\"4222328180\"\r\n     data-ad-format=\"auto\"\r\n     data-full-width-responsive=\"true\"><\/ins>\r\n<script>\r\n     (adsbygoogle = window.adsbygoogle || []).push({});\r\n<\/script><\/div><br style=\"clear: both; display: block; float: none;\"\/>","protected":false},"excerpt":{"rendered":"<p>Avrupa Birli\u011fi Bakan\u0131 ve Ba\u015fm\u00fczakereci \u00d6mer \u00c7elik, AB Gayriresmi D\u0131\u015fi\u015fleri Bakanlar\u0131 Toplant\u0131s\u0131na (Gymnich) kat\u0131lmak \u00fczere Sofya\u2019y\u0131 ziyaret edecek.Avrupa Birli\u011fi (AB) Bakan\u0131 ve Ba\u015fm\u00fczakereci \u00d6mer \u00c7elik,<\/p>\n","protected":false},"author":29,"featured_media":27311,"comment_status":"closed","ping_status":"closed","sticky":false,"template":"","format":"standard","meta":{"advanced_seo_description":"","jetpack_seo_html_title":"","jetpack_seo_noindex":false,"_jetpack_memberships_contains_paid_content":false,"footnotes":""},"categories":[1,4],"tags":[],"class_list":["post-27310","post","type-post","status-publish","format-standard","has-post-thumbnail","hentry","category-haberler","category-siyaset"],"jetpack_featured_media_url":"https:\/\/i0.wp.com\/www.bghaber.org\/bghaber\/wp-content\/uploads\/2018\/02\/omer-celik.jpeg?fit=606%2C340&ssl=1","jetpack_sharing_enabled":true,"jetpack_likes_enabled":true,"jetpack-related-posts":[],"jetpack_shortlink":"https:\/\/wp.me\/pc2PfJ-76u","_links":{"self":[{"href":"https:\/\/www.bghaber.org\/bghaber\/wp-json\/wp\/v2\/posts\/27310","targetHints":{"allow":["GET"]}}],"collection":[{"href":"https:\/\/www.bghaber.org\/bghaber\/wp-json\/wp\/v2\/posts"}],"about":[{"href":"https:\/\/www.bghaber.org\/bghaber\/wp-json\/wp\/v2\/types\/post"}],"author":[{"embeddable":true,"href":"https:\/\/www.bghaber.org\/bghaber\/wp-json\/wp\/v2\/users\/29"}],"replies":[{"embeddable":true,"href":"https:\/\/www.bghaber.org\/bghaber\/wp-json\/wp\/v2\/comments?post=27310"}],"version-history":[{"count":0,"href":"https:\/\/www.bghaber.org\/bghaber\/wp-json\/wp\/v2\/posts\/27310\/revisions"}],"wp:featuredmedia":[{"embeddable":true,"href":"https:\/\/www.bghaber.org\/bghaber\/wp-json\/wp\/v2\/media\/27311"}],"wp:attachment":[{"href":"https:\/\/www.bghaber.org\/bghaber\/wp-json\/wp\/v2\/media?parent=27310"}],"wp:term":[{"taxonomy":"category","embeddable":true,"href":"https:\/\/www.bghaber.org\/bghaber\/wp-json\/wp\/v2\/categories?post=27310"},{"taxonomy":"post_tag","embeddable":true,"href":"https:\/\/www.bghaber.org\/bghaber\/wp-json\/wp\/v2\/tags?post=27310"}],"curies":[{"name":"wp","href":"https:\/\/api.w.org\/{rel}","templated":true}]}}