{"id":27307,"date":"2018-02-16T11:53:30","date_gmt":"2018-02-16T08:53:30","guid":{"rendered":"http:\/\/www.bghaber.org\/bghaber\/?p=27307"},"modified":"2019-07-06T21:03:14","modified_gmt":"2019-07-06T18:03:14","slug":"arac-tescil-ucretine-alti-kat-zam","status":"publish","type":"post","link":"https:\/\/www.bghaber.org\/bghaber\/arac-tescil-ucretine-alti-kat-zam\/","title":{"rendered":"Ara\u00e7 tescil \u00fccretine alt\u0131 kat zam"},"content":{"rendered":"<p>\u0130\u00e7i\u015fleri Bakanl\u0131\u011f\u0131n\u0131n 4 say\u0131l\u0131 \u00fccret tarifesi tasla\u011f\u0131, bir otomobilin ilk tescil \u00fccretinin 6 levadan 35 levaya y\u00fckseltilerek, neredeyse alt\u0131 kat art\u0131r\u0131lmas\u0131n\u0131 \u00f6ng\u00f6r\u00fcyor.<\/p>\n<p>Belgede Bakanl\u0131\u011f\u0131n idari hizmetler i\u00e7in tahsil etti\u011fi \u00fccretler belirtilmekte ve tart\u0131\u015f\u0131lmak \u00fczere kamuoyuna sunulmaktad\u0131r.<\/p>\n<p>Tescil i\u015fleminizi iptal etti\u011finizde de ayn\u0131 tarife uygulanacak, \u015fimdi ise bu hizmetin maliyeti 80 levad\u0131r.<\/p>\n<p>Halihaz\u0131rda \u201calt\u0131n kart&#8221; olarak bilinen ceza almam\u0131\u015f ara\u00e7 s\u00fcr\u00fcc\u00fcs\u00fc kart\u0131 al\u0131nmas\u0131 i\u00e7in 4 leva \u00f6denmesi planlanmaktad\u0131r.<\/p>\n<p>Bir r\u00f6mork veya yar\u0131 r\u00f6morkun ilk tescil i\u015flemi, \u015fimdiki 2 leva yerine 30 levaya mal olacak. Moped motosiklet, motosiklet ve \u00fc\u00e7 tekerlekli bisikletli ara\u00e7lar\u0131n sahibi 2 leva de\u011fil, ilk tescil i\u00e7in 28 leva \u00f6deyeceklerdir.<\/p><div id=\"bghab-2686936140\" class=\"bghab-icerik-icine bghab-entity-placement\"><script async src=\"\/\/pagead2.googlesyndication.com\/pagead\/js\/adsbygoogle.js?client=ca-pub-6203283170189293\" crossorigin=\"anonymous\"><\/script><ins class=\"adsbygoogle\" style=\"display:block; text-align:center;\" data-ad-client=\"ca-pub-6203283170189293\" \ndata-ad-slot=\"7303146466\" \ndata-ad-layout=\"in-article\"\ndata-ad-format=\"fluid\" data-full-width-responsive=\"true\"><\/ins>\n<script> \n(adsbygoogle = window.adsbygoogle || []).push({}); \n<\/script>\n<\/div>\n<p>Plakalar\u0131 de\u011fi\u015ftirmeden arac\u0131n tescil kayd\u0131n\u0131 de\u011fi\u015ftirmek i\u00e7in 20 leva \u00fccret tahsil edilecektir. Otomobillerin tescil plakalar\u0131n\u0131 de\u011fi\u015ftirmeden ge\u00e7ici olarak kullanma izni vermek i\u00e7in 10 leval\u0131k bir \u00fccret tahsil edilecektir.<\/p>\n<p>&nbsp;<\/p>\n<p>K\u0131rcaali Haber<\/p>\n<div id=\"bghab-2648013620\" class=\"bghab-yazi-altinda bghab-entity-placement\"><div class=\"bghab-adlabel\">Reklamlar<\/div><script async src=\"https:\/\/pagead2.googlesyndication.com\/pagead\/js\/adsbygoogle.js\"><\/script>\r\n<!-- bghaber-yaz\u0131-sonu -->\r\n<ins class=\"adsbygoogle\"\r\n     style=\"display:block\"\r\n     data-ad-client=\"ca-pub-6203283170189293\"\r\n     data-ad-slot=\"4222328180\"\r\n     data-ad-format=\"auto\"\r\n     data-full-width-responsive=\"true\"><\/ins>\r\n<script>\r\n     (adsbygoogle = window.adsbygoogle || []).push({});\r\n<\/script><\/div><br style=\"clear: both; display: block; float: none;\"\/>","protected":false},"excerpt":{"rendered":"<p>\u0130\u00e7i\u015fleri Bakanl\u0131\u011f\u0131n\u0131n 4 say\u0131l\u0131 \u00fccret tarifesi tasla\u011f\u0131, bir otomobilin ilk tescil \u00fccretinin 6 levadan 35 levaya y\u00fckseltilerek, neredeyse alt\u0131 kat art\u0131r\u0131lmas\u0131n\u0131 \u00f6ng\u00f6r\u00fcyor. Belgede Bakanl\u0131\u011f\u0131n idari<\/p>\n","protected":false},"author":29,"featured_media":27308,"comment_status":"closed","ping_status":"closed","sticky":false,"template":"","format":"standard","meta":{"advanced_seo_description":"","jetpack_seo_html_title":"","jetpack_seo_noindex":false,"_jetpack_memberships_contains_paid_content":false,"footnotes":""},"categories":[5],"tags":[],"class_list":["post-27307","post","type-post","status-publish","format-standard","has-post-thumbnail","hentry","category-yasam"],"jetpack_featured_media_url":"https:\/\/i0.wp.com\/www.bghaber.org\/bghaber\/wp-content\/uploads\/2018\/02\/araba-otomobil-satilik-ikinci-el.jpg?fit=1024%2C576&ssl=1","jetpack_sharing_enabled":true,"jetpack_likes_enabled":true,"jetpack-related-posts":[],"jetpack_shortlink":"https:\/\/wp.me\/pc2PfJ-76r","_links":{"self":[{"href":"https:\/\/www.bghaber.org\/bghaber\/wp-json\/wp\/v2\/posts\/27307","targetHints":{"allow":["GET"]}}],"collection":[{"href":"https:\/\/www.bghaber.org\/bghaber\/wp-json\/wp\/v2\/posts"}],"about":[{"href":"https:\/\/www.bghaber.org\/bghaber\/wp-json\/wp\/v2\/types\/post"}],"author":[{"embeddable":true,"href":"https:\/\/www.bghaber.org\/bghaber\/wp-json\/wp\/v2\/users\/29"}],"replies":[{"embeddable":true,"href":"https:\/\/www.bghaber.org\/bghaber\/wp-json\/wp\/v2\/comments?post=27307"}],"version-history":[{"count":0,"href":"https:\/\/www.bghaber.org\/bghaber\/wp-json\/wp\/v2\/posts\/27307\/revisions"}],"wp:featuredmedia":[{"embeddable":true,"href":"https:\/\/www.bghaber.org\/bghaber\/wp-json\/wp\/v2\/media\/27308"}],"wp:attachment":[{"href":"https:\/\/www.bghaber.org\/bghaber\/wp-json\/wp\/v2\/media?parent=27307"}],"wp:term":[{"taxonomy":"category","embeddable":true,"href":"https:\/\/www.bghaber.org\/bghaber\/wp-json\/wp\/v2\/categories?post=27307"},{"taxonomy":"post_tag","embeddable":true,"href":"https:\/\/www.bghaber.org\/bghaber\/wp-json\/wp\/v2\/tags?post=27307"}],"curies":[{"name":"wp","href":"https:\/\/api.w.org\/{rel}","templated":true}]}}