{"id":27302,"date":"2018-02-16T10:35:04","date_gmt":"2018-02-16T07:35:04","guid":{"rendered":"http:\/\/www.bghaber.org\/bghaber\/?p=27302"},"modified":"2019-07-06T21:03:14","modified_gmt":"2019-07-06T18:03:14","slug":"bazi-ilaclarin-ihracatini-kisitlayacak-kanun-tasarisi-kabul-edildi","status":"publish","type":"post","link":"https:\/\/www.bghaber.org\/bghaber\/bazi-ilaclarin-ihracatini-kisitlayacak-kanun-tasarisi-kabul-edildi\/","title":{"rendered":"Baz\u0131 ila\u00e7lar\u0131n ihracat\u0131n\u0131 k\u0131s\u0131tlayacak kanun tasar\u0131s\u0131 kabul edildi"},"content":{"rendered":"<p>Meclis Genel Kurulunda g\u00f6r\u00fc\u015fmelerinin ard\u0131ndan ilk okumada yap\u0131lan oylama sonucunda Be\u015feri Tbbi \u00dcr\u00fcnler Kanunu\u2019nda de\u011fi\u015fiklikler yap\u0131lmas\u0131na ili\u015fkin kanun tasar\u0131s\u0131 96 oyla kabul edildi. \u0130la\u00e7lar\u0131n ticareti ve ihracat\u0131 \u00fczerinde daha s\u0131k\u0131 kontrol imkan\u0131 tan\u0131yan kanun tasar\u0131s\u0131 Meclis Ba\u015fkanl\u0131\u011f\u0131na Sa\u011fl\u0131k Bakan\u0131 Kiril Ananiev taraf\u0131ndan sunuldu. Meclis daha sonra, birinci ve ikinci okuma aras\u0131ndaki s\u00fcrenin en fazla olmak \u00fczere d\u00f6rt hafta olmas\u0131 karar\u0131 ald\u0131, \u00e7\u00fcnk\u00fc sol parti milletvekillerinin ifadelerine g\u00f6re tasar\u0131 \u00fczerinde ciddi d\u00fczeltmeler yap\u0131lmas\u0131 gerekiyor.<\/p>\n<p>Be\u015feri Tbbi \u00dcr\u00fcnler Kanunu\u2019nda de\u011fi\u015fikliklere g\u00f6re T\u0131bbi \u00dcr\u00fcnler \u0130cra Ajans\u0131 Uzman Kurulu kurulacak. \u00dclkedeki a\u00e7\u0131\u011f\u0131n \u00f6n\u00fcne ge\u00e7mek i\u00e7in ihracat\u0131 k\u0131s\u0131tlanabilecek t\u0131bbi \u00fcr\u00fcnlerin listesi haz\u0131rlanacakt\u0131r.<\/p>\n<p>D\u00fczenlenmemi\u015f ila\u00e7 ticaretinin yan\u0131 s\u0131ra k\u0131s\u0131tlama listesine dahil ila\u00e7larla ticaret yap\u0131lmas\u0131 i\u00e7in daha y\u00fcksek miktarda ceza uygulanmas\u0131 planlanmaktad\u0131r. Perakendeciler i\u00e7in para cezas\u0131 birinci ihlalde 10 bin ile 20 bin leva aras\u0131nda de\u011fi\u015fen miktarda, ikinci bir ihlalde ise 25 bin ile 35 bin leva aras\u0131nda de\u011fi\u015fen miktarda olacak. Toptanc\u0131lar s\u00f6z konusu oldu\u011funda idari para cezas\u0131 10 bin ile 25 bin leva aras\u0131nda olacak ve ihlalin tekrarlanmas\u0131 durumunda T\u0131bbi \u00dcr\u00fcnler \u0130cra Ajans\u0131 Ba\u015fkan\u0131\u2019n\u0131n emriyle toptan sat\u0131\u015f izni iptal edilecek. K\u0131s\u0131tlamaya ra\u011fmen ilac\u0131n ihracat\u0131 i\u00e7in uygulanacak para cezas\u0131n\u0131n 50 bin ile 100 bin leva aras\u0131nda olmas\u0131 \u00f6ng\u00f6r\u00fcl\u00fcyor.<\/p>\n<p>Daha iyi kontrol amac\u0131yla, t\u0131bbi \u00fcr\u00fcnlerin hareketini izlemek i\u00e7in bir bilgi sistemi kurulacakt\u0131r. \u0130la\u00e7 \u00fcretici firmalar\u0131 ve t\u00fcccarlar\u0131 i\u00e7in baz\u0131 idari kolayl\u0131klar da olacakt\u0131r. \u00d6rne\u011fin, \u00fcretim veya sat\u0131\u015f izni alma s\u00fcresinin 90 g\u00fcnden 60 g\u00fcne d\u00fc\u015f\u00fcr\u00fclmesi.<br \/>\nD\u00fcn \u00d6zel Savc\u0131l\u0131k Y\u00f6neticisi \u0130van Ge\u015fev, savc\u0131l\u0131\u011f\u0131n paralel ila\u00e7 ihracat\u0131yla ilgili soru\u015fturmas\u0131n\u0131n devam etti\u011fini a\u00e7\u0131klad\u0131. Aral\u0131k ay\u0131nda yedi ki\u015fi hakk\u0131nda yasad\u0131\u015f\u0131 ila\u00e7 ihracat\u0131 yapma gerek\u00e7esiyle soru\u015fturma ba\u015flad\u0131.<\/p>\n<p>Ge\u015fev, \u201cHen\u00fcz yeni su\u00e7 duyurusunda bulunulmad\u0131, ancak dava ele al\u0131nd\u0131\u201d dedi.<\/p><div id=\"bghab-2605110408\" class=\"bghab-icerik-icine bghab-entity-placement\"><script async src=\"\/\/pagead2.googlesyndication.com\/pagead\/js\/adsbygoogle.js?client=ca-pub-6203283170189293\" crossorigin=\"anonymous\"><\/script><ins class=\"adsbygoogle\" style=\"display:block; text-align:center;\" data-ad-client=\"ca-pub-6203283170189293\" \ndata-ad-slot=\"7303146466\" \ndata-ad-layout=\"in-article\"\ndata-ad-format=\"fluid\" data-full-width-responsive=\"true\"><\/ins>\n<script> \n(adsbygoogle = window.adsbygoogle || []).push({}); \n<\/script>\n<\/div>\n<p>&nbsp;<\/p>\n<p>K\u0131rcaali Haber<\/p>\n<div id=\"bghab-761693537\" class=\"bghab-yazi-altinda bghab-entity-placement\"><div class=\"bghab-adlabel\">Reklamlar<\/div><script async src=\"https:\/\/pagead2.googlesyndication.com\/pagead\/js\/adsbygoogle.js\"><\/script>\r\n<!-- bghaber-yaz\u0131-sonu -->\r\n<ins class=\"adsbygoogle\"\r\n     style=\"display:block\"\r\n     data-ad-client=\"ca-pub-6203283170189293\"\r\n     data-ad-slot=\"4222328180\"\r\n     data-ad-format=\"auto\"\r\n     data-full-width-responsive=\"true\"><\/ins>\r\n<script>\r\n     (adsbygoogle = window.adsbygoogle || []).push({});\r\n<\/script><\/div><br style=\"clear: both; display: block; float: none;\"\/>","protected":false},"excerpt":{"rendered":"<p>Meclis Genel Kurulunda g\u00f6r\u00fc\u015fmelerinin ard\u0131ndan ilk okumada yap\u0131lan oylama sonucunda Be\u015feri Tbbi \u00dcr\u00fcnler Kanunu\u2019nda de\u011fi\u015fiklikler yap\u0131lmas\u0131na ili\u015fkin kanun tasar\u0131s\u0131 96 oyla kabul edildi. \u0130la\u00e7lar\u0131n ticareti<\/p>\n","protected":false},"author":29,"featured_media":26415,"comment_status":"closed","ping_status":"closed","sticky":false,"template":"","format":"standard","meta":{"advanced_seo_description":"","jetpack_seo_html_title":"","jetpack_seo_noindex":false,"_jetpack_memberships_contains_paid_content":false,"footnotes":""},"categories":[1,4],"tags":[],"class_list":["post-27302","post","type-post","status-publish","format-standard","has-post-thumbnail","hentry","category-haberler","category-siyaset"],"jetpack_featured_media_url":"https:\/\/i0.wp.com\/www.bghaber.org\/bghaber\/wp-content\/uploads\/2018\/01\/bulgaristan-meclisi-oylama.jpg?fit=600%2C400&ssl=1","jetpack_sharing_enabled":true,"jetpack_likes_enabled":true,"jetpack-related-posts":[],"jetpack_shortlink":"https:\/\/wp.me\/pc2PfJ-76m","_links":{"self":[{"href":"https:\/\/www.bghaber.org\/bghaber\/wp-json\/wp\/v2\/posts\/27302","targetHints":{"allow":["GET"]}}],"collection":[{"href":"https:\/\/www.bghaber.org\/bghaber\/wp-json\/wp\/v2\/posts"}],"about":[{"href":"https:\/\/www.bghaber.org\/bghaber\/wp-json\/wp\/v2\/types\/post"}],"author":[{"embeddable":true,"href":"https:\/\/www.bghaber.org\/bghaber\/wp-json\/wp\/v2\/users\/29"}],"replies":[{"embeddable":true,"href":"https:\/\/www.bghaber.org\/bghaber\/wp-json\/wp\/v2\/comments?post=27302"}],"version-history":[{"count":0,"href":"https:\/\/www.bghaber.org\/bghaber\/wp-json\/wp\/v2\/posts\/27302\/revisions"}],"wp:featuredmedia":[{"embeddable":true,"href":"https:\/\/www.bghaber.org\/bghaber\/wp-json\/wp\/v2\/media\/26415"}],"wp:attachment":[{"href":"https:\/\/www.bghaber.org\/bghaber\/wp-json\/wp\/v2\/media?parent=27302"}],"wp:term":[{"taxonomy":"category","embeddable":true,"href":"https:\/\/www.bghaber.org\/bghaber\/wp-json\/wp\/v2\/categories?post=27302"},{"taxonomy":"post_tag","embeddable":true,"href":"https:\/\/www.bghaber.org\/bghaber\/wp-json\/wp\/v2\/tags?post=27302"}],"curies":[{"name":"wp","href":"https:\/\/api.w.org\/{rel}","templated":true}]}}