{"id":27300,"date":"2018-02-16T10:15:47","date_gmt":"2018-02-16T07:15:47","guid":{"rendered":"http:\/\/www.bghaber.org\/bghaber\/?p=27300"},"modified":"2019-07-06T21:03:14","modified_gmt":"2019-07-06T18:03:14","slug":"komunist-rejim-magdurlari-meclis-baskan-yardimcisinin-istifasini-istedi","status":"publish","type":"post","link":"https:\/\/www.bghaber.org\/bghaber\/komunist-rejim-magdurlari-meclis-baskan-yardimcisinin-istifasini-istedi\/","title":{"rendered":"Kom\u00fcnist rejim ma\u011fdurlar\u0131, meclis ba\u015fkan yard\u0131mc\u0131s\u0131n\u0131n istifas\u0131n\u0131 istedi"},"content":{"rendered":"<p>\u0130ktidardaki Bulgaristan\u2019\u0131n Avrupal\u0131 Gelece\u011fi \u0130\u00e7in Vatanda\u015flar (GERB) partisinin ard\u0131ndan \u00fclkede kom\u00fcnist rejim ma\u011fdurlar\u0131n\u0131n \u00fcye oldu\u011fu dernekler de Meclis Ba\u015fkan Yard\u0131mc\u0131s\u0131 Valeri Jablyanov\u2019un \u201cHalk Mahkemesi, gerekli ve ka\u00e7\u0131n\u0131lmaz bir adalettir\u201d ifadelerini k\u0131nayarak, Meclis Ba\u015fkan Yard\u0131mc\u0131l\u0131\u011f\u0131 g\u00f6revinden istifa etmesini ve kamuoyu \u00f6n\u00fcnde \u00f6z\u00fcr dilemesini istedi.<\/p>\n<p>Bundan \u00f6nce GERB partisi Jablyanov\u2019un i\u015f g\u00fcn\u00fcn\u00fcn sonuna kadar g\u00f6revinden istifa etmesini, aksi takdirde yar\u0131n sabah bunun i\u00e7in imza toplamaya ba\u015flayaca\u011f\u0131na dair uyard\u0131.<\/p>\n<p>Mecliste GERB partisi taraf\u0131ndan bas\u0131n mensuplar\u0131na verilen brifing s\u0131ras\u0131nda konu\u015fan Haf\u0131za Kom\u00fcnist Rejim Ma\u011fdurlar\u0131 Birli\u011fi Ba\u015fkan\u0131 Lilyana Drumeva, \u201cHalk Mahkemesi\u2019nin adil yarg\u0131lama oldu\u011funu iddia etmek, masum kurbanlar\u0131n hat\u0131ras\u0131 ve akrabalar\u0131yla, Bulgar tarihiyle alay etmektir. B\u00f6yle bir hata affedilemez. Bulgaristan Sosyalist Partisi (BSP) bir kez daha su\u00e7 niteli\u011fi ta\u015f\u0131d\u0131\u011f\u0131n\u0131 g\u00f6sterdi. Valeri Jablyanov\u2019un kamuoyu \u00f6n\u00fcnde \u00f6z\u00fcr dilemesini ve g\u00f6revinden istifa etmesini \u0131srarla talep ediyoruz\u201d dedi.<\/p>\n<p>Drumeva, BSP\u2019nin en yeni Bulgaristan tarihinde meydana gelen olaylara kar\u015f\u0131 tutumunu ve yorumlamalar\u0131ndan dolay\u0131 Haf\u0131za Kom\u00fcnist Rejim Ma\u011fdurlar\u0131 Birli\u011fi\u2019nin \u00f6fkesini dile getirdi.<\/p>\n<p>Drumeva, \u201cBu t\u00fcr tepkilerin temelinde BSP y\u00f6netimi yat\u0131yor. Valeri Jablyanov taraf\u0131ndan yaz\u0131ld\u0131\u011f\u0131 kan\u0131tlanan ve Halk Mahkemesi\u2019nin adil bir yarg\u0131lama olarak nitelendirildi\u011fi a\u00e7\u0131klama da b\u00f6yledir. K\u00fcstahl\u0131\u011f\u0131n tavan yapt\u0131\u011f\u0131, b\u00f6yle ahlaka sahip bir ki\u015fi \u00fclkedeki en y\u00fcksek yasama organ\u0131nda b\u00f6yle bir konuma sahip olma hakk\u0131na sahip de\u011fildir\u201d diye konu\u015ftu.<\/p><div id=\"bghab-2375340549\" class=\"bghab-icerik-icine bghab-entity-placement\"><script async src=\"\/\/pagead2.googlesyndication.com\/pagead\/js\/adsbygoogle.js?client=ca-pub-6203283170189293\" crossorigin=\"anonymous\"><\/script><ins class=\"adsbygoogle\" style=\"display:block; text-align:center;\" data-ad-client=\"ca-pub-6203283170189293\" \ndata-ad-slot=\"7303146466\" \ndata-ad-layout=\"in-article\"\ndata-ad-format=\"fluid\" data-full-width-responsive=\"true\"><\/ins>\n<script> \n(adsbygoogle = window.adsbygoogle || []).push({}); \n<\/script>\n<\/div>\n<p>&nbsp;<\/p>\n<p>K\u0131rcaali Haber<\/p>\n<div id=\"bghab-3946963431\" class=\"bghab-yazi-altinda bghab-entity-placement\"><div class=\"bghab-adlabel\">Reklamlar<\/div><script async src=\"https:\/\/pagead2.googlesyndication.com\/pagead\/js\/adsbygoogle.js\"><\/script>\r\n<!-- bghaber-yaz\u0131-sonu -->\r\n<ins class=\"adsbygoogle\"\r\n     style=\"display:block\"\r\n     data-ad-client=\"ca-pub-6203283170189293\"\r\n     data-ad-slot=\"4222328180\"\r\n     data-ad-format=\"auto\"\r\n     data-full-width-responsive=\"true\"><\/ins>\r\n<script>\r\n     (adsbygoogle = window.adsbygoogle || []).push({});\r\n<\/script><\/div><br style=\"clear: both; display: block; float: none;\"\/>","protected":false},"excerpt":{"rendered":"<p>\u0130ktidardaki Bulgaristan\u2019\u0131n Avrupal\u0131 Gelece\u011fi \u0130\u00e7in Vatanda\u015flar (GERB) partisinin ard\u0131ndan \u00fclkede kom\u00fcnist rejim ma\u011fdurlar\u0131n\u0131n \u00fcye oldu\u011fu dernekler de Meclis Ba\u015fkan Yard\u0131mc\u0131s\u0131 Valeri Jablyanov\u2019un \u201cHalk Mahkemesi, gerekli<\/p>\n","protected":false},"author":29,"featured_media":3273,"comment_status":"closed","ping_status":"closed","sticky":false,"template":"","format":"standard","meta":{"advanced_seo_description":"","jetpack_seo_html_title":"","jetpack_seo_noindex":false,"_jetpack_memberships_contains_paid_content":false,"footnotes":""},"categories":[1,4],"tags":[],"class_list":["post-27300","post","type-post","status-publish","format-standard","has-post-thumbnail","hentry","category-haberler","category-siyaset"],"jetpack_featured_media_url":"https:\/\/i0.wp.com\/www.bghaber.org\/bghaber\/wp-content\/uploads\/2013\/07\/bsp-Valeri-Jablyanov.jpg?fit=482%2C336&ssl=1","jetpack_sharing_enabled":true,"jetpack_likes_enabled":true,"jetpack-related-posts":[],"jetpack_shortlink":"https:\/\/wp.me\/pc2PfJ-76k","_links":{"self":[{"href":"https:\/\/www.bghaber.org\/bghaber\/wp-json\/wp\/v2\/posts\/27300","targetHints":{"allow":["GET"]}}],"collection":[{"href":"https:\/\/www.bghaber.org\/bghaber\/wp-json\/wp\/v2\/posts"}],"about":[{"href":"https:\/\/www.bghaber.org\/bghaber\/wp-json\/wp\/v2\/types\/post"}],"author":[{"embeddable":true,"href":"https:\/\/www.bghaber.org\/bghaber\/wp-json\/wp\/v2\/users\/29"}],"replies":[{"embeddable":true,"href":"https:\/\/www.bghaber.org\/bghaber\/wp-json\/wp\/v2\/comments?post=27300"}],"version-history":[{"count":0,"href":"https:\/\/www.bghaber.org\/bghaber\/wp-json\/wp\/v2\/posts\/27300\/revisions"}],"wp:featuredmedia":[{"embeddable":true,"href":"https:\/\/www.bghaber.org\/bghaber\/wp-json\/wp\/v2\/media\/3273"}],"wp:attachment":[{"href":"https:\/\/www.bghaber.org\/bghaber\/wp-json\/wp\/v2\/media?parent=27300"}],"wp:term":[{"taxonomy":"category","embeddable":true,"href":"https:\/\/www.bghaber.org\/bghaber\/wp-json\/wp\/v2\/categories?post=27300"},{"taxonomy":"post_tag","embeddable":true,"href":"https:\/\/www.bghaber.org\/bghaber\/wp-json\/wp\/v2\/tags?post=27300"}],"curies":[{"name":"wp","href":"https:\/\/api.w.org\/{rel}","templated":true}]}}