{"id":27298,"date":"2018-02-16T09:47:35","date_gmt":"2018-02-16T06:47:35","guid":{"rendered":"http:\/\/www.bghaber.org\/bghaber\/?p=27298"},"modified":"2019-07-06T21:03:14","modified_gmt":"2019-07-06T18:03:14","slug":"2017-yili-sonu-itibariyle-hanehalki-fert-geliri-yuzde-93-artti","status":"publish","type":"post","link":"https:\/\/www.bghaber.org\/bghaber\/2017-yili-sonu-itibariyle-hanehalki-fert-geliri-yuzde-93-artti\/","title":{"rendered":"2017 y\u0131l\u0131 sonu itibariyle hanehalk\u0131 fert geliri y\u00fczde 9,3 artt\u0131"},"content":{"rendered":"<p>Ulusal \u0130statistik Enstit\u00fcs\u00fcn\u00fcn (NSI) son verilerine g\u00f6re 2017 y\u0131l\u0131n\u0131n d\u00f6rd\u00fcnc\u00fc \u00e7eyre\u011finde hanehalk\u0131 ferdi ba\u015f\u0131na d\u00fc\u015fen ortalama gelir toplam 1449 levaya ula\u015ft\u0131. Bu demektir ki, ortalama gelir bir \u00f6nceki y\u0131l\u0131n ayn\u0131 d\u00f6nemine g\u00f6re y\u00fczde 9,3 art\u0131\u015f g\u00f6sterdi.<\/p>\n<p>Bunun temel katk\u0131s\u0131, serbest meslek gelirinin yakla\u015f\u0131k y\u00fczde 30 artarak, ki\u015fi ba\u015f\u0131na 102 levaya \u00e7\u0131kmas\u0131d\u0131r. Ayn\u0131 zamanda i\u015f\u00e7i \u00fccreti de, 2016&#8217;da ayn\u0131 d\u00f6neme g\u00f6re y\u00fczde 9,2 artarak, 781 levaya y\u00fckseldi.<\/p>\n<p>N\u00fcfusun gelirinin yar\u0131s\u0131ndan \u00e7o\u011fu i\u015f\u00e7i \u00fccretlerinden elde edilir ve i\u015f\u00e7i \u00fccretinin gelir i\u00e7indeki pay\u0131 y\u00fczde 53,9 oran\u0131ndad\u0131r. \u0130kinci etken, toplam \u00fccretlerin d\u00f6rtte birinden biraz fazlas\u0131na katk\u0131da bulunan emekli ayl\u0131\u011f\u0131d\u0131r.<\/p>\n<p>Gelirlerin yan\u0131 s\u0131ra hane halk\u0131 ferdinin giderleri de y\u0131ll\u0131k bazda y\u00fczde 13,2 oran\u0131nda artarak, 1368 levaya ula\u015ft\u0131. Art\u0131\u015f a\u011f\u0131rl\u0131kl\u0131 olarak g\u0131da ve konut masraflar\u0131ndan kaynaklanmaktad\u0131r. Ayr\u0131ca vergiler ve sosyal g\u00fcvenlik primlerinin de art\u0131\u015fa katk\u0131s\u0131 vard\u0131r.<\/p>\n<p>T\u00fcketimde en y\u00fcksek oranda art\u0131\u015f ekmek, et \u00fcr\u00fcnleri, yo\u011furt, sebze, meyve ve yumurta t\u00fcketiminde kaydedildi. Bunun yerine peynir ve patates t\u00fcketimi azalmaktad\u0131r.<\/p><div id=\"bghab-2102590052\" class=\"bghab-icerik-icine bghab-entity-placement\"><script async src=\"\/\/pagead2.googlesyndication.com\/pagead\/js\/adsbygoogle.js?client=ca-pub-6203283170189293\" crossorigin=\"anonymous\"><\/script><ins class=\"adsbygoogle\" style=\"display:block; text-align:center;\" data-ad-client=\"ca-pub-6203283170189293\" \ndata-ad-slot=\"7303146466\" \ndata-ad-layout=\"in-article\"\ndata-ad-format=\"fluid\" data-full-width-responsive=\"true\"><\/ins>\n<script> \n(adsbygoogle = window.adsbygoogle || []).push({}); \n<\/script>\n<\/div>\n<p>&nbsp;<\/p>\n<p>K\u0131rcaali Haber<\/p>\n<div id=\"bghab-1857628351\" class=\"bghab-yazi-altinda bghab-entity-placement\"><div class=\"bghab-adlabel\">Reklamlar<\/div><script async src=\"https:\/\/pagead2.googlesyndication.com\/pagead\/js\/adsbygoogle.js\"><\/script>\r\n<!-- bghaber-yaz\u0131-sonu -->\r\n<ins class=\"adsbygoogle\"\r\n     style=\"display:block\"\r\n     data-ad-client=\"ca-pub-6203283170189293\"\r\n     data-ad-slot=\"4222328180\"\r\n     data-ad-format=\"auto\"\r\n     data-full-width-responsive=\"true\"><\/ins>\r\n<script>\r\n     (adsbygoogle = window.adsbygoogle || []).push({});\r\n<\/script><\/div><br style=\"clear: both; display: block; float: none;\"\/>","protected":false},"excerpt":{"rendered":"<p>Ulusal \u0130statistik Enstit\u00fcs\u00fcn\u00fcn (NSI) son verilerine g\u00f6re 2017 y\u0131l\u0131n\u0131n d\u00f6rd\u00fcnc\u00fc \u00e7eyre\u011finde hanehalk\u0131 ferdi ba\u015f\u0131na d\u00fc\u015fen ortalama gelir toplam 1449 levaya ula\u015ft\u0131. Bu demektir ki, ortalama<\/p>\n","protected":false},"author":29,"featured_media":5163,"comment_status":"closed","ping_status":"closed","sticky":false,"template":"","format":"standard","meta":{"advanced_seo_description":"","jetpack_seo_html_title":"","jetpack_seo_noindex":false,"_jetpack_memberships_contains_paid_content":false,"footnotes":""},"categories":[9],"tags":[],"class_list":["post-27298","post","type-post","status-publish","format-standard","has-post-thumbnail","hentry","category-ekonomi"],"jetpack_featured_media_url":"https:\/\/i0.wp.com\/www.bghaber.org\/bghaber\/wp-content\/uploads\/2013\/08\/bulgar-leva.jpg?fit=610%2C343&ssl=1","jetpack_sharing_enabled":true,"jetpack_likes_enabled":true,"jetpack-related-posts":[],"jetpack_shortlink":"https:\/\/wp.me\/pc2PfJ-76i","_links":{"self":[{"href":"https:\/\/www.bghaber.org\/bghaber\/wp-json\/wp\/v2\/posts\/27298","targetHints":{"allow":["GET"]}}],"collection":[{"href":"https:\/\/www.bghaber.org\/bghaber\/wp-json\/wp\/v2\/posts"}],"about":[{"href":"https:\/\/www.bghaber.org\/bghaber\/wp-json\/wp\/v2\/types\/post"}],"author":[{"embeddable":true,"href":"https:\/\/www.bghaber.org\/bghaber\/wp-json\/wp\/v2\/users\/29"}],"replies":[{"embeddable":true,"href":"https:\/\/www.bghaber.org\/bghaber\/wp-json\/wp\/v2\/comments?post=27298"}],"version-history":[{"count":0,"href":"https:\/\/www.bghaber.org\/bghaber\/wp-json\/wp\/v2\/posts\/27298\/revisions"}],"wp:featuredmedia":[{"embeddable":true,"href":"https:\/\/www.bghaber.org\/bghaber\/wp-json\/wp\/v2\/media\/5163"}],"wp:attachment":[{"href":"https:\/\/www.bghaber.org\/bghaber\/wp-json\/wp\/v2\/media?parent=27298"}],"wp:term":[{"taxonomy":"category","embeddable":true,"href":"https:\/\/www.bghaber.org\/bghaber\/wp-json\/wp\/v2\/categories?post=27298"},{"taxonomy":"post_tag","embeddable":true,"href":"https:\/\/www.bghaber.org\/bghaber\/wp-json\/wp\/v2\/tags?post=27298"}],"curies":[{"name":"wp","href":"https:\/\/api.w.org\/{rel}","templated":true}]}}