{"id":27284,"date":"2018-02-15T23:22:47","date_gmt":"2018-02-15T20:22:47","guid":{"rendered":"http:\/\/www.bghaber.org\/bghaber\/?p=27284"},"modified":"2018-02-16T09:44:13","modified_gmt":"2018-02-16T06:44:13","slug":"kultur-turizm-bakani-kurtulmus-bulgaristanda","status":"publish","type":"post","link":"https:\/\/www.bghaber.org\/bghaber\/kultur-turizm-bakani-kurtulmus-bulgaristanda\/","title":{"rendered":"K\u00fclt\u00fcr ve Turizm Bakan\u0131 Kurtulmu\u015f Bulgaristan&#8217;da"},"content":{"rendered":"<p class=\"sp-tag-p sp-default -g-bl-text bl-default\"><b class=\"sp-tag-b\">K\u00fclt\u00fcr ve Turizm Bakan\u0131 Numan Kurtulmu\u015f<\/b>, Bulgaristan Turizm Bakan\u0131\u00a0<b class=\"sp-tag-b\">Nikolina Angelkova<\/b>\u00a0ve K\u00fclt\u00fcr Bakan\u0131\u00a0<b class=\"sp-tag-b\">Boil Banov\u00a0<\/b>ile g\u00f6r\u00fc\u015ft\u00fc.<\/p>\n<p class=\"sp-tag-p sp-default -g-bl-text bl-default\">Kurtulmu\u015f, Avrupa Birli\u011fi (AB) Turizm Bakanlar\u0131 Zirvesi&#8217;ne kat\u0131lmak \u00fczere geldi\u011fi Sofya&#8217;da Bulgaristanl\u0131 mevkida\u015flar\u0131 ile bulu\u015ftu.<\/p>\n<p class=\"sp-tag-p sp-default -g-bl-text bl-default\">Ziyaretinin ba\u015f\u0131nda Bakan Kurtulmu\u015f, T\u00fcrkiye\u2019nin Sofya B\u00fcy\u00fckel\u00e7isi Hasan Ulusoy\u2019un konutunda soyda\u015f ve kanaat \u00f6nderleri ile bir araya geldi.<\/p>\n<p class=\"sp-tag-p sp-default -g-bl-text bl-default\">Kurtulmu\u015f, daha sonra beraberindeki heyet ile Bulgaristan Turizm Bakan\u0131 Nikolina Angelkova ile g\u00f6r\u00fc\u015ft\u00fc.<\/p>\n<p class=\"sp-tag-p sp-default -g-bl-text bl-default\">G\u00f6r\u00fc\u015fmede, her iki bakan\u0131n da Bat\u0131 Karadeniz&#8217;e k\u0131y\u0131s\u0131 bulunan baz\u0131 destinasyonlarda Cruise gemi turlar\u0131 ile T\u00fcrkiye ve Bulgaristan\u2019\u0131n \u00f6nc\u00fcl\u00fc\u011f\u00fcnde Balkan \u00fclkelerini kapsayan tur paketlerinin olu\u015fturulabilece\u011fini ifade etti\u011fi \u00f6\u011frenildi.<\/p><div id=\"bghab-3990819661\" class=\"bghab-icerik-icine bghab-entity-placement\"><script async src=\"\/\/pagead2.googlesyndication.com\/pagead\/js\/adsbygoogle.js?client=ca-pub-6203283170189293\" crossorigin=\"anonymous\"><\/script><ins class=\"adsbygoogle\" style=\"display:block; text-align:center;\" data-ad-client=\"ca-pub-6203283170189293\" \ndata-ad-slot=\"7303146466\" \ndata-ad-layout=\"in-article\"\ndata-ad-format=\"fluid\" data-full-width-responsive=\"true\"><\/ins>\n<script> \n(adsbygoogle = window.adsbygoogle || []).push({}); \n<\/script>\n<\/div>\n<p class=\"sp-tag-p sp-default -g-bl-text bl-default\">Bu hedeflere ula\u015fmak amac\u0131yla iki bakanl\u0131\u011f\u0131n yetkililerinin yer ald\u0131\u011f\u0131 bir \u00e7al\u0131\u015fma grubu olu\u015fturulmas\u0131 ve bu \u00e7al\u0131\u015fmalar\u0131n ivedilikle sonu\u00e7land\u0131r\u0131lmas\u0131 kararla\u015ft\u0131r\u0131ld\u0131.<\/p>\n<p class=\"sp-tag-p sp-default -g-bl-text bl-default\">G\u00f6r\u00fc\u015fmede iki \u00fclkenin k\u00fclt\u00fcr varl\u0131klar\u0131n\u0131n korunmas\u0131n\u0131n turizm i\u00e7in de \u00f6nemine i\u015faret edildi.<\/p>\n<p class=\"sp-tag-p sp-default -g-bl-text bl-default\">Bulgaristan turizm sekt\u00f6r\u00fcn\u00fcn T\u00fcrk yat\u0131r\u0131mc\u0131lara a\u00e7\u0131lmas\u0131 ve turizm alan\u0131nda T\u00fcrkiye&#8217;nin tecr\u00fcbesini payla\u015fmas\u0131n\u0131n da ele al\u0131nd\u0131\u011f\u0131 g\u00f6r\u00fc\u015fmede, Bakan Kurtulmu\u015f, \u0130stanbul\u2019da T\u00fcrkiye devletinin giri\u015fim ve \u00f6nemli yat\u0131r\u0131mlar\u0131 ile Demir Kilise gibi \u00f6nemli bir k\u00fclt\u00fcrel varl\u0131\u011f\u0131n restorasyonunun yap\u0131lmas\u0131n\u0131n ard\u0131ndan, Bulgaristan&#8217;daki Osmanl\u0131 d\u00f6nemine ait eserlerin de restorasyonlar\u0131n\u0131n yap\u0131lmas\u0131 gerekti\u011fini belirtti.<\/p>\n<p class=\"sp-tag-p sp-default -g-bl-text bl-default\">Kurtulmu\u015f, ziyaretinin devam\u0131nda Bulgaristan Ulusal Tarih M\u00fczesi\u2019ni de gezerek, incelemelerde bulundu.<\/p>\n<p class=\"sp-tag-p sp-default -g-bl-text bl-default\">Bakan Kurtulmu\u015f, daha sonra Bulgaristan K\u00fclt\u00fcr Bakan\u0131 Boil Banov ile bir araya geldi.<\/p><div id=\"bghab-3189534250\" class=\"bghab-icerik-icine-10-paragraf bghab-entity-placement\"><script async src=\"\/\/pagead2.googlesyndication.com\/pagead\/js\/adsbygoogle.js?client=ca-pub-6203283170189293\" crossorigin=\"anonymous\"><\/script><ins class=\"adsbygoogle\" style=\"display:block; text-align:center;\" data-ad-client=\"ca-pub-6203283170189293\" \ndata-ad-slot=\"7303146466\" \ndata-ad-layout=\"in-article\"\ndata-ad-format=\"fluid\" data-full-width-responsive=\"true\"><\/ins>\n<script> \n(adsbygoogle = window.adsbygoogle || []).push({}); \n<\/script>\n<\/div>\n<p class=\"sp-tag-p sp-default -g-bl-text bl-default\">Burada bir konu\u015fma yapan Kurtulmu\u015f, T\u00fcrkiye ile Bulgaristan aras\u0131nda hem k\u00fclt\u00fcr hem de turizm alan\u0131nda yap\u0131labilecek verimli bir i\u015f birli\u011fi \u00fczerinde durdu.<\/p>\n<section class=\"-g-article-ad -anim\">\n<div class=\"-g-article-ad-wrapper sp-tag-p -handled\" data-ad-system=\"doubleclick\" data-slot=\"\/23880647\/newsstand\/editions\/CAow2fKfCQ\/CAQqDwgAKgcICjDZ8p8JMJ3SbzCb074D\/article\" data-google-sold=\"true\"><\/div>\n<\/section>\n<p class=\"sp-tag-p sp-default -g-bl-text bl-default\">Kurtulmu\u015f, \u201cAsl\u0131nda k\u00fclt\u00fcr ve turizm, birbirinden ayr\u0131 gibi g\u00f6r\u00fcnse de, birbirini etkileyen iki aland\u0131r. Ge\u00e7mi\u015ften \u00e7ok derin ili\u015fkileri olan iki \u00fclke olarak k\u00fclt\u00fcr ve turizm ili\u015fkilerimizi geli\u015ftirmek \u00fczere \u00e7aba g\u00f6steriyoruz. Bulgarlar ve T\u00fcrkler, asl\u0131nda, Balkanlar\u2019da uzun as\u0131rlar boyunca birlikte ya\u015fama k\u00fclt\u00fcr\u00fcne sahip olan iki topum.\u201d dedi.<\/p>\n<p class=\"sp-tag-p sp-default -g-bl-text bl-default\">G\u00f6r\u00fc\u015fmede ayr\u0131ca, Bulgaristan ve T\u00fcrkiye aras\u0131ndaki k\u00fclt\u00fcrel ili\u015fkileri geli\u015ftirmek \u00fczere ortak k\u00fclt\u00fcrel miras\u0131n yeniden canland\u0131r\u0131lmas\u0131 i\u00e7in i\u015f birli\u011fi yap\u0131lmas\u0131 da ele al\u0131nd\u0131. K\u00fclt\u00fcr varl\u0131klar\u0131n\u0131n korunmas\u0131 i\u00e7in daha fazla \u00e7aba g\u00f6sterilmesi gerekti\u011fi vurguland\u0131.<\/p>\n<p class=\"sp-tag-p sp-default -g-bl-text bl-default\">K\u00fclt\u00fcr ve Turizm Bakan\u0131 Kurtulmu\u015f, daha sonra Bulgaristan M\u00fcsl\u00fcmanlar\u0131 Ba\u015fm\u00fcft\u00fcs\u00fc Dr. Mustafa Ali\u015f Haci\u2019yi makam\u0131nda ziyaret ederek, \u00fclkedeki M\u00fcsl\u00fcmanlar hakk\u0131nda bilgi ald\u0131.<\/p>\n<p class=\"sp-tag-p sp-default -g-bl-text bl-default\">Sofya\u2019da tek kalan, Osmanl\u0131 d\u00f6neminde Mimar Sinan ekol\u00fcnde kurulmu\u015f bulunan Banya Ba\u015fi Camisi&#8217;ni ziyaret eden Kurtulmu\u015f, Bulgaristan Parlamentosu K\u00fclt\u00fcr Komisyonu Ba\u015fkan\u0131 Vejdi Ra\u015fidov ile de g\u00f6r\u00fc\u015ft\u00fc.<\/p><div id=\"bghab-1378824594\" class=\"bghab-icerik-icine-15-paragraf bghab-entity-placement\"><script async src=\"\/\/pagead2.googlesyndication.com\/pagead\/js\/adsbygoogle.js?client=ca-pub-6203283170189293\" crossorigin=\"anonymous\"><\/script><ins class=\"adsbygoogle\" style=\"display:block; text-align:center;\" data-ad-client=\"ca-pub-6203283170189293\" \ndata-ad-slot=\"7303146466\" \ndata-ad-layout=\"in-article\"\ndata-ad-format=\"fluid\" data-full-width-responsive=\"true\"><\/ins>\n<script> \n(adsbygoogle = window.adsbygoogle || []).push({}); \n<\/script>\n<\/div>\n<p>&nbsp;<\/p>\n<p class=\"sp-tag-p sp-default -g-bl-text bl-default\">Muhabir:\u00a0\u0130hvan Radoykov, AA<\/p>\n<p>&nbsp;<\/p>\n<div id=\"bghab-4260995374\" class=\"bghab-yazi-altinda bghab-entity-placement\"><div class=\"bghab-adlabel\">Reklamlar<\/div><script async src=\"https:\/\/pagead2.googlesyndication.com\/pagead\/js\/adsbygoogle.js\"><\/script>\r\n<!-- bghaber-yaz\u0131-sonu -->\r\n<ins class=\"adsbygoogle\"\r\n     style=\"display:block\"\r\n     data-ad-client=\"ca-pub-6203283170189293\"\r\n     data-ad-slot=\"4222328180\"\r\n     data-ad-format=\"auto\"\r\n     data-full-width-responsive=\"true\"><\/ins>\r\n<script>\r\n     (adsbygoogle = window.adsbygoogle || []).push({});\r\n<\/script><\/div><br style=\"clear: both; display: block; float: none;\"\/>","protected":false},"excerpt":{"rendered":"<p>K\u00fclt\u00fcr ve Turizm Bakan\u0131 Numan Kurtulmu\u015f, Bulgaristan Turizm Bakan\u0131\u00a0Nikolina Angelkova\u00a0ve K\u00fclt\u00fcr Bakan\u0131\u00a0Boil Banov\u00a0ile g\u00f6r\u00fc\u015ft\u00fc. Kurtulmu\u015f, Avrupa Birli\u011fi (AB) Turizm Bakanlar\u0131 Zirvesi&#8217;ne kat\u0131lmak \u00fczere geldi\u011fi Sofya&#8217;da<\/p>\n","protected":false},"author":13,"featured_media":27285,"comment_status":"closed","ping_status":"closed","sticky":false,"template":"","format":"standard","meta":{"advanced_seo_description":"","jetpack_seo_html_title":"","jetpack_seo_noindex":false,"_jetpack_memberships_contains_paid_content":false,"footnotes":""},"categories":[1,4],"tags":[],"class_list":["post-27284","post","type-post","status-publish","format-standard","has-post-thumbnail","hentry","category-haberler","category-siyaset"],"jetpack_featured_media_url":"https:\/\/i0.wp.com\/www.bghaber.org\/bghaber\/wp-content\/uploads\/2018\/02\/kulturk-bakan-tr.jpg?fit=720%2C405&ssl=1","jetpack_sharing_enabled":true,"jetpack_likes_enabled":true,"jetpack-related-posts":[],"jetpack_shortlink":"https:\/\/wp.me\/pc2PfJ-764","_links":{"self":[{"href":"https:\/\/www.bghaber.org\/bghaber\/wp-json\/wp\/v2\/posts\/27284","targetHints":{"allow":["GET"]}}],"collection":[{"href":"https:\/\/www.bghaber.org\/bghaber\/wp-json\/wp\/v2\/posts"}],"about":[{"href":"https:\/\/www.bghaber.org\/bghaber\/wp-json\/wp\/v2\/types\/post"}],"author":[{"embeddable":true,"href":"https:\/\/www.bghaber.org\/bghaber\/wp-json\/wp\/v2\/users\/13"}],"replies":[{"embeddable":true,"href":"https:\/\/www.bghaber.org\/bghaber\/wp-json\/wp\/v2\/comments?post=27284"}],"version-history":[{"count":0,"href":"https:\/\/www.bghaber.org\/bghaber\/wp-json\/wp\/v2\/posts\/27284\/revisions"}],"wp:featuredmedia":[{"embeddable":true,"href":"https:\/\/www.bghaber.org\/bghaber\/wp-json\/wp\/v2\/media\/27285"}],"wp:attachment":[{"href":"https:\/\/www.bghaber.org\/bghaber\/wp-json\/wp\/v2\/media?parent=27284"}],"wp:term":[{"taxonomy":"category","embeddable":true,"href":"https:\/\/www.bghaber.org\/bghaber\/wp-json\/wp\/v2\/categories?post=27284"},{"taxonomy":"post_tag","embeddable":true,"href":"https:\/\/www.bghaber.org\/bghaber\/wp-json\/wp\/v2\/tags?post=27284"}],"curies":[{"name":"wp","href":"https:\/\/api.w.org\/{rel}","templated":true}]}}