{"id":27277,"date":"2018-02-15T21:17:29","date_gmt":"2018-02-15T18:17:29","guid":{"rendered":"http:\/\/www.bghaber.org\/bghaber\/?p=27277"},"modified":"2018-05-09T18:27:18","modified_gmt":"2018-05-09T15:27:18","slug":"zor-bir-ulke","status":"publish","type":"post","link":"https:\/\/www.bghaber.org\/bghaber\/zor-bir-ulke\/","title":{"rendered":"Zor Bir \u00dclke"},"content":{"rendered":"<p>Yazan: Elif G\u00dcNE\u015e<\/p>\n<p>Tarih: 12 \u015eubat 2018<\/p>\n<p>Konu:\u00a0\u00a0 <strong>B\u00fcy\u00fckel\u00e7ilikte \u015fereflendirildik<\/strong><\/p>\n<p><strong>Beni ve arkada\u015flar\u0131m\u0131 Sofya B\u00fcy\u00fckel\u00e7ili\u011fimize g\u00f6t\u00fcren taksici susuyordu.<\/strong><\/p>\n<p>Olduk\u00e7a eski binalar\u0131n aras\u0131ndaki dar sokaklarda ilerlerken akl\u0131m Napolyon Bonapard\u2019a tak\u0131ld\u0131. M\u0131s\u0131r\u2019\u0131 i\u015fgale giderken (1798) <strong>\u201cFranklin\u201d<\/strong> gemisinin g\u00fcvertesinde ilk ferman\u0131n\u0131 yazm\u0131\u015f ve askerlerinden <strong>din ve bilim adamlar\u0131na sayg\u0131l\u0131 olmalar\u0131n<\/strong>\u0131 buyurmu\u015ftu.<\/p><div id=\"bghab-87343310\" class=\"bghab-icerik-icine bghab-entity-placement\"><script async src=\"\/\/pagead2.googlesyndication.com\/pagead\/js\/adsbygoogle.js?client=ca-pub-6203283170189293\" crossorigin=\"anonymous\"><\/script><ins class=\"adsbygoogle\" style=\"display:block; text-align:center;\" data-ad-client=\"ca-pub-6203283170189293\" \ndata-ad-slot=\"7303146466\" \ndata-ad-layout=\"in-article\"\ndata-ad-format=\"fluid\" data-full-width-responsive=\"true\"><\/ins>\n<script> \n(adsbygoogle = window.adsbygoogle || []).push({}); \n<\/script>\n<\/div>\n<p>Din psikolojisi tahsil ederken, onun bu s\u00f6zleri bende derin izler b\u0131rakm\u0131\u015ft\u0131. Din, evrim, devrim, kitle, zafer ve yenilgi psikolojileri g\u00f6rd\u00fcm. Napolyon, kaptan gemisine 40 bilgin, yetenekli sanat\u00e7\u0131lar ve B\u00fcy\u00fck Frans\u0131z Devrimi co\u015fkusuyla tutu\u015fmu\u015f 100 zeki \u00fcniversiteli gen\u00e7 alm\u0131\u015ft\u0131. Bir m\u00fczikhol ve akademiyi and\u0131ran yelkenli sava\u015f teknesine al\u0131nan kitaplar listesinde \u201c<strong>Yeni Ahit<\/strong>\u201d ile \u201c<strong>Kuran<\/strong>\u201d ba\u015fta geliyordu.<\/p>\n<p>Heyetimizin resmi unvan\u0131 Bulgaristan T\u00fcrkleri K\u00fclt\u00fcr ve Hizmet Derne\u011fi (BULT\u00dcRK) olsa da,\u00a0 10 ki\u015filik gurubumuzu olu\u015fturan arkada\u015flar\u0131mdan her birinin ayr\u0131ca Bulgaristan Stratejik Ara\u015ft\u0131rma Merkezi (BGSAM) kadrosu olarak, ara\u015ft\u0131rmac\u0131 yazar yan\u0131, dernek\u00e7ilikten daha a\u011f\u0131r bas\u0131yordu. Ku\u015fkusuz biz, eserleri TV ekranlar\u0131ndan inmeyen, kitap fuarlar\u0131nda ve imza g\u00fcnlerinde 5\u201310 t\u00fckenmez t\u00fcketen yazarlardan de\u011filiz.<\/p>\n<p>\u00c7al\u0131\u015fmalar\u0131m\u0131z\u0131n kayna\u011f\u0131, \u00f6z\u00fc ve bi\u00e7imi Bulgaristan\u2019d\u0131r. Onun halk\u0131, olu\u015fturucu b\u00fcy\u00fck par\u00e7as\u0131 M\u00fcsl\u00fcmanlar ve aralar\u0131nda ba\u015f\u0131 \u00e7eken ve belirleyici olan T\u00fcrk toplulu\u011fudur. Her yan\u0131 tarih kokan Sofya\u2019ya Hristiyanl\u0131k ve Roma medeniyetinden sonra, y\u00fcce bir nimet olan \u0130slam dini ve uygarl\u0131\u011f\u0131ndan kalan t\u00fcm eserlere sahip \u00e7\u0131kan Bulgaristan T\u00fcrk Toplulu\u011fu ge\u00e7mi\u015fi daha iyi gelece\u011fe ta\u015f\u0131maya \u00e7al\u0131\u015f\u0131yor.<\/p>\n<p>B\u00fcy\u00fckel\u00e7ili\u011fimiz, anakent merkezinde yan yana dizilmi\u015f Ortodoks, Katolik ve Yahudi kilisesi ile camimizden biraz uzakta bulunuyor. Ay y\u0131ld\u0131zl\u0131 bayra\u011f\u0131m\u0131z\u0131 g\u00f6r\u00fcnce, \u201c<strong>ha geldik<\/strong>\u201d dedim ve ara\u00e7tan indik. Ziyaret i\u00e7in haz\u0131rl\u0131k g\u00f6r\u00fcrken, B\u00fcy\u00fck \u00f6nder Mustafa Kemal\u2019in Sofya Askeri Ata\u015feli\u011fi y\u0131llar\u0131n\u0131 anlatan eserlere \u015f\u00f6yle bir g\u00f6z atm\u0131\u015ft\u0131m. Bunlarda, \u00f6n\u00fcmdeki \u00e7ok katl\u0131 g\u00f6rkemli diplomatik temsilcili\u011fin yerinde 2 katl\u0131 bir evce\u011fiz vard\u0131. Bah\u00e7esinde Yarbay Mustafa tavla ve satran\u00e7 oynuyordu. Makedon diline yak\u0131n olan Bulgarca s\u00f6zleri k\u0131sa s\u00fcrede art arda dizmi\u015f, ge\u00e7en y\u00fczy\u0131l\u0131n ba\u015f\u0131nda tiyatro ve opera binalar\u0131 kap\u0131 a\u00e7an bu \u015fehrin sosyal ve k\u00fclt\u00fcrel ya\u015fam\u0131na s\u0131k ad\u0131mlarla kat\u0131l\u0131\u015f\u0131 \u00f6yk\u00fc-lenmi\u015fti. Tabii dil, insan\u0131n i\u00e7inde bulundu\u011fu toplumla kayna\u015fmas\u0131nda birinci anahtarsa, ikincisi zek\u00e2, \u00fc\u00e7\u00fcnc\u00fcs\u00fc ise k\u00fclt\u00fcrd\u00fcr.<\/p>\n<p><strong>Mustafa KEMAL bu kentte Kas\u0131m 1913 ile Kas\u0131m 1914 aras\u0131 bir Osmanl\u0131 diplomat\u0131 olarak kalm\u0131\u015ft\u0131.<\/strong><\/p><div id=\"bghab-3535560923\" class=\"bghab-icerik-icine-10-paragraf bghab-entity-placement\"><script async src=\"\/\/pagead2.googlesyndication.com\/pagead\/js\/adsbygoogle.js?client=ca-pub-6203283170189293\" crossorigin=\"anonymous\"><\/script><ins class=\"adsbygoogle\" style=\"display:block; text-align:center;\" data-ad-client=\"ca-pub-6203283170189293\" \ndata-ad-slot=\"7303146466\" \ndata-ad-layout=\"in-article\"\ndata-ad-format=\"fluid\" data-full-width-responsive=\"true\"><\/ins>\n<script> \n(adsbygoogle = window.adsbygoogle || []).push({}); \n<\/script>\n<\/div>\n<p>Diplomaside staj ve deneyim birikimi yaparken, bir d\u00fcnya imparatorlu\u011fundan kopan k\u00fc\u00e7\u00fck bir halk\u0131n y\u00fcz\u00fc Bat\u0131ya bakan, modern bir devlet kuru\u015funu izledi. Bat\u0131 ve Do\u011fu diplomatlar\u0131yla kahve sohbetlerinde, balolarda\u00a0 <strong>\u201cdost\u201d<\/strong> \u00e7ehrelerin T\u00fcrk\u00fc ve T\u00fcrkl\u00fc\u011f\u00fc yok etme haz\u0131rl\u0131klar\u0131n\u0131 okudu.\u00a0 K\u0131sacas\u0131, Sofya Mustafa Kemal\u2019in diplomasi ve siyasi hayatta sertle\u015fti\u011fi yerdi. <strong>\u201cOlur, olur\u201d<\/strong> deyip tavizler vererek, hatta g\u00f6\u00e7e zorlanan T\u00fcrklerin topraklar\u0131na konmay\u0131 d\u00fc\u015fleyen Bulgar ba\u015fbakan ve bakanlara Osmanl\u0131 Bankas\u0131ndan bol keseden kredi bile a\u00e7arak y\u00fcr\u00fct\u00fclen diplomasiye son veren bir d\u00f6nemdi.<\/p>\n<p>Mustafa Kemal 1913\u2019te \u00c7arl\u0131k makam\u0131n\u0131n M\u00fcsl\u00fcman Pomaklar\u0131 isim, dil ve din de\u011fi\u015ftirmeye zorlayarak ba\u015flatt\u0131\u011f\u0131 kimlik de\u011fi\u015ftirme siyaseti kar\u015f\u0131s\u0131na dikildi. Osmanl\u0131dan sonra yabanc\u0131 egemenlinde kalan M\u00fcsl\u00fcmanlar\u0131n hayat g\u00fcvencesi yoktu. O, gasp edilen insan haklar\u0131n\u0131 iade eden siyasi form\u00fcl\u00fc buldu.<\/p>\n<p><strong>Bu soyda\u015flar\u0131n garant\u00f6r\u00fc T\u00fcrkiye olacakt\u0131.<\/strong><\/p>\n<p>20. y\u00fczy\u0131l boyunca uygulamada kalan bu yakla\u015f\u0131m, Bulgaristan M\u00fcsl\u00fcmanlar\u0131n\u0131n menfaatlerinin savunduk\u00e7a g\u00fc\u00e7 toplad\u0131 ve ba\u015far\u0131l\u0131 oldu. Bulgaristanl\u0131 T\u00fcrk az\u0131nl\u0131\u011f\u0131n siyasal, k\u00fclt\u00fcrel ve kimlik haklar\u0131n\u0131n savunulmas\u0131nda, her d\u00f6nemde yanlar\u0131nda olan bu yakla\u015f\u0131m, yak\u0131n ve uzak hedefte devlet diplomasisiyle kamu diplomasisini ayn\u0131 kolda birle\u015ftirdi. Bizi buraya getiren de i\u015fte bu anlay\u0131\u015ft\u0131.<\/p>\n<p>Kap\u0131s\u0131ndan i\u00e7eri girdi\u011fimiz B\u00fcy\u00fckel\u00e7ilik binas\u0131nda 20.\u00a0 B\u00fcy\u00fckel\u00e7imiz Say\u0131n Hasan Ulusoy\u2019a kutlu ve ba\u015far\u0131l\u0131 olsun temennileri sunmaya gelmi\u015ftik. Bu makam\u0131 y\u00f6netmi\u015f B\u00fcy\u00fckel\u00e7ilerimiz duvardaki foto\u011fraflardan bize bak\u0131yordu. Yeni sefirimiz bizi resmi kabul salonunda tebess\u00fcmle kar\u015f\u0131lad\u0131.<\/p><div id=\"bghab-1256372786\" class=\"bghab-icerik-icine-15-paragraf bghab-entity-placement\"><script async src=\"\/\/pagead2.googlesyndication.com\/pagead\/js\/adsbygoogle.js?client=ca-pub-6203283170189293\" crossorigin=\"anonymous\"><\/script><ins class=\"adsbygoogle\" style=\"display:block; text-align:center;\" data-ad-client=\"ca-pub-6203283170189293\" \ndata-ad-slot=\"7303146466\" \ndata-ad-layout=\"in-article\"\ndata-ad-format=\"fluid\" data-full-width-responsive=\"true\"><\/ins>\n<script> \n(adsbygoogle = window.adsbygoogle || []).push({}); \n<\/script>\n<\/div>\n<p>Benim diplomatik temas ve g\u00f6r\u00fc\u015fme masas\u0131nda deneyimim yoktur. Diplomasi psikolojisinin hangi de\u011ferle ba\u015flad\u0131\u011f\u0131n\u0131 da bilmiyorum. Girdi\u011fim salonun tarihe ve gelece\u011fe bakma yer oldu\u011funa inan\u0131yordum. Yaz\u0131m\u0131n ba\u015f\u0131nda Napolyon\u2019u \u00e7a\u011fr\u0131\u015ft\u0131rmam, b\u0131y\u0131\u011f\u0131 terlememi\u015f gen\u00e7likle a\u011f\u0131rm\u0131\u015f sakall\u0131 profes\u00f6rleri, sanat\u00e7\u0131 ve hokkabazlar\u0131 Akdeniz\u2019in beyaz dalgalar\u0131 \u00fczerindeki askeri geminin g\u00fcvertesine toplay\u0131\u015f\u0131m, eski medeniyetin be\u015fi\u011fi M\u0131s\u0131r\u2019\u0131 modern d\u00fcnya e\u015fi\u011fine ta\u015f\u0131man\u0131n nas\u0131l ger\u00e7ekle\u015fti\u011fini anlatabilmem amac\u0131ylayd\u0131. Bu tarihte, piramitlerin kendisinden, y\u00fcksekli\u011finden, g\u00f6rkeminden ve i\u00e7indeki gizemden \u00f6nemli olan, <strong>(\u03c0) de\u011ferindedir. O bir anahtard\u0131r. Ayd\u0131nlanma \u00e7a\u011f\u0131n\u0131 ba\u015flatan gizemdir.<\/strong> Ona sahip \u00e7\u0131kan eski k\u0131tan\u0131n yap\u0131 ustalar\u0131 d\u00fcnyay\u0131 yenilemeyi ba\u015fard\u0131.<\/p>\n<p><strong>Bulgarlar bir kavim olarak, Asya\u2019dan gelseler de ruhlar\u0131na Avrupal\u0131k a\u015f\u0131lam\u0131\u015ft\u0131r.<\/strong><\/p>\n<p><strong>Yoktan var olup y\u00fccelme mayas\u0131n\u0131 ise, Osmanl\u0131 beraberli\u011finde bulmu\u015ftur. \u00a0<\/strong><\/p>\n<p>Tanzimat\u2019la (1839) yelkenlerine yenilenme r\u00fczg\u00e2r\u0131 dolduran Bulgarlar, T\u00fcrklerden farkl\u0131 olmay\u0131 se\u00e7erler. \u00a0\u00a0Yakla\u015f\u0131k 200 seneden beri \u00f6telemekle kaynat\u0131lan Bulgarl\u0131k t\u00fcm a\u015famalar\u0131nda, zihinsel i\u015flemlerinde ve akl\u0131n ve ruhun b\u00fct\u00fcn ilkelerinde, \u00f6tekileri t\u00fcm haklardan men etmeye \u00f6ncelik tan\u0131d\u0131. Bulgar kavminden ve Hristiyan olmayan \u00f6tekiydi. Bulgar olan\u0131n \u00fcst\u00fcnl\u00fc\u011f\u00fcne ili\u015fkin \u0131rk\u00e7\u0131 anlay\u0131\u015f Osmanl\u0131 ve T\u00fcrk d\u00fc\u015fmanlar\u0131nca desteklenerek s\u00fcrekli k\u0131\u015fk\u0131rt\u0131ld\u0131.\u00a0 Bulgarl\u0131k bu temelde diriltip toparland\u0131, devlet kurdu ve siyaset sahnesine \u00e7\u0131kt\u0131. Bu mayalanma, Bulgar, \u0130slav ve Hristiyan olmayan\u0131 ya \u00f6z\u00fcmseme ya da kendinden uzakla\u015ft\u0131rma siyasi i\u00e7erik ve tavr\u0131yla bi\u00e7imlendi. Uygulamada bu, ba\u015fta M\u00fcsl\u00fcmanlar\u0131, onlar\u0131n dini \u0130slam\u2019\u0131 ve daha sonra da T\u00fcrkleri \u015fiddet kullanarak \u00f6telemeyi izledi. \u201c<strong>Bulgaristan Bulgarlar\u0131nd\u0131r<\/strong>!\u201d \u201c<strong>T\u00fcrkler T\u00fcrkiye\u2019ye<\/strong>\u201d \u015fovenizmine kadar da t\u0131rmand\u0131. Bulgar ve \u0130slav \u0131rk\u0131ndan olanlar\u0131 da Bulgaristan&#8217;a toplama ya da onlar\u0131n ya\u015fad\u0131\u011f\u0131 topraklar\u0131 Bulgar devletine katma \u015feklinde geli\u015fti.<\/p>\n<p>1876\u2019da \u0130ngilizlerden ald\u0131klar\u0131 parayla Ayaklanan, 1877 \/ 1878\u2019de Osmanl\u0131ya sald\u0131ran Rus imparatoru II. Aleksand\u0131r\u2019a \u201c<strong>kurtar\u0131c\u0131<\/strong>\u201d diyen, ard\u0131ndan pi\u015fman olan,\u00a0 3 Mart 1878 San Stefano Antla\u015fmas\u0131nda ad\u0131 ge\u00e7meyen, 3 ay sonra Berlin Konferans\u0131ndan sonra Padi\u015faha vergi \u00f6deyen bir \u201c<strong>Bulgar Prensli\u011fi<\/strong>\u201d kuran, 8 y\u0131l sonra Do\u011fu Rumeli\u2019yi kendine katarak geni\u015flemeye ba\u015flayan bir olu\u015fum g\u00f6r\u00fcyoruz. 140 y\u0131ll\u0131k tarihinde 4\u2019\u00fc sald\u0131r\u0131 sava\u015f\u0131 olmak \u00fczere 8 sava\u015fa giren, b\u00fct\u00fcn \u00e7arp\u0131\u015fmalar\u0131 kazanan, fakat hi\u00e7bir sava\u015fta yenenler aras\u0131nda yer almayan Bulgarlar, bir as\u0131rda topraklar\u0131n\u0131 hemen hemen 3 kat geni\u015fletti.<\/p><div id=\"bghab-2250489483\" class=\"bghab-icerik-icine-20-paragraf bghab-entity-placement\"><script async src=\"\/\/pagead2.googlesyndication.com\/pagead\/js\/adsbygoogle.js?client=ca-pub-6203283170189293\" crossorigin=\"anonymous\"><\/script><ins class=\"adsbygoogle\" style=\"display:block; text-align:center;\" data-ad-client=\"ca-pub-6203283170189293\" \ndata-ad-slot=\"7303146466\" \ndata-ad-layout=\"in-article\"\ndata-ad-format=\"fluid\" data-full-width-responsive=\"true\"><\/ins>\n<script> \n(adsbygoogle = window.adsbygoogle || []).push({}); \n<\/script>\n<\/div>\n<p><strong>1909\u2019da 3. Bulgar devleti kuruldu.<\/strong><\/p>\n<p>Tek uluslu, Bulgar dil ve k\u00fclt\u00fcr\u00fcnden ba\u015fka maneviyat tan\u0131mayan, \u00fclkedeki etnik az\u0131nl\u0131klara hak ve \u00f6zg\u00fcrl\u00fcklerini yaln\u0131zca s\u00f6zde tan\u0131yan, kendinden ba\u015fkas\u0131na geleneklerine g\u00f6re ya\u015fama ve k\u00fclt\u00fcrel otonomi hakk\u0131 tan\u0131mayan Bulgarlar, 1934\u20131944 aras\u0131 fa\u015fist, 1973 -1989 y\u0131llar\u0131 aras\u0131nda da kom\u00fcnist totaliter rejimi se\u00e7tiler.<\/p>\n<p>1990\u2019dan beri s\u00f6zde demokrasi ko\u015fullar\u0131nda rejimin az\u0131nl\u0131klara y\u00f6nelik siyaseti bi\u00e7imsel de\u011fi\u015fiklik belirtileri g\u00f6sterse de \u00f6z olarak de\u011fi\u015fmedi. \u0130\u015faret etti\u011fimiz \u00f6zellikler III. Bulgar devletinin 4 Anayasas\u0131nda da de\u011fi\u015fmeden korundu. \u0130nsan haklar\u0131 a\u00e7\u0131s\u0131ndan de\u011fi\u015fiklikler yap\u0131lmas\u0131n\u0131 zorunlu ilan eden Uluslar aras\u0131 S\u00f6zle\u015fmelerin neredeyse hepsi imzaland\u0131, ama hi\u00e7 biri tam olarak uygulanmad\u0131. 1919 Neully Anla\u015fmas\u0131nda yer alan az\u0131nl\u0131k haklar\u0131n\u0131 uygulama kap\u0131s\u0131 a\u00e7an Ba\u015fbakan Aleksand\u0131r Stanboliyski ilse eli kolu kesilerek, g\u00f6zleri \u00e7\u0131kar\u0131larak k\u00fct\u00fck \u00fczerinde kesilerek \u00f6ld\u00fcr\u00fcld\u00fc.<\/p>\n<p>Yasama, y\u00fcr\u00fctme ve yarg\u0131n\u0131n ya \u00c7ar\u2019\u0131n ya da kom\u00fcnist parti liderinin fa\u015fist ya da kom\u00fcnist yumru\u011funda birle\u015fti\u011fi totaliter d\u00fczenlerin az\u0131nl\u0131klar\u0131n maddi ve manevi varl\u0131\u011f\u0131n\u0131 yok etme \u00e7abalar\u0131n\u0131 en iyi rakamlar anlat\u0131r. Bu \u00fclkede 2700 (iki bin yedi y\u00fcz) T\u00fcrk okulu, medrese, lise, din ve meslek okulu ve 168 T\u00fcrk\u00e7e gazete ve dergisi kapat\u0131lm\u0131\u015ft\u0131r. Bir gecede minareleri u\u00e7urulan ya da tamamen y\u0131k\u0131lan Allah evleri i\u00e7in d\u00f6k\u00fclen g\u00f6zya\u015flar\u0131na ve s\u00f6nmeyen ac\u0131ya de\u011finmek istemiyorum.<\/p>\n<p><strong>Etnik az\u0131nl\u0131klar\u0131n hepsini Bulgarla\u015ft\u0131rarak asimile etme siyaseti farkl\u0131 az\u0131nl\u0131k gruplar\u0131na kar\u015f\u0131 farkl\u0131 zaman kesimlerinde uygulamaya ge\u00e7irildi:<\/strong><\/p><div id=\"bghab-4027856365\" class=\"bghab-icerik-icine-25-paragraf bghab-entity-placement\"><script async src=\"\/\/pagead2.googlesyndication.com\/pagead\/js\/adsbygoogle.js?client=ca-pub-6203283170189293\" crossorigin=\"anonymous\"><\/script><ins class=\"adsbygoogle\" style=\"display:block; text-align:center;\" data-ad-client=\"ca-pub-6203283170189293\" \ndata-ad-slot=\"7303146466\" \ndata-ad-layout=\"in-article\"\ndata-ad-format=\"fluid\" data-full-width-responsive=\"true\"><\/ins>\n<script> \n(adsbygoogle = window.adsbygoogle || []).push({}); \n<\/script>\n<\/div>\n<p>1913 y\u0131l\u0131nda 250 bin M\u00fcsl\u00fcman T\u00fcrk\u00fcn Bulgarla\u015ft\u0131rma ve Hristiyanla\u015ft\u0131r\u0131lmas\u0131yla ba\u015flad\u0131. Ne var ki bu \u015fiddetli sald\u0131r\u0131 bir as\u0131r asla durmad\u0131. 1934\u2019te Romanya\u2019dan gelen Ulahlar\u0131n isimleri de\u011fi\u015ftirildi.<\/p>\n<p>1934 -1944 y\u0131llar\u0131 aras\u0131nda Pomaklar \u00fczerindeki isim, din, dil ve kimlik de\u011fi\u015ftirme uygulamas\u0131 geni\u015f boyutlar ald\u0131.<\/p>\n<p>1949-50\u2019de Makedonlar Bulgarla\u015ft\u0131r\u0131ld\u0131.<\/p>\n<p>1962\u2019de Romen n\u00fcfusun ismi ve dini de\u011fi\u015ftirildi.<\/p>\n<p>1964\u2019te Pomaklara kar\u015f\u0131 3. b\u00fcy\u00fck sald\u0131r\u0131 ba\u015far\u0131s\u0131z oldu. Ayaklanan halk sald\u0131r\u0131y\u0131 durdurdu.<\/p><div id=\"bghab-2058469120\" class=\"bghab-icerik-icine-30-paragraf bghab-entity-placement\"><script async src=\"\/\/pagead2.googlesyndication.com\/pagead\/js\/adsbygoogle.js?client=ca-pub-6203283170189293\" crossorigin=\"anonymous\"><\/script><ins class=\"adsbygoogle\" style=\"display:block; text-align:center;\" data-ad-client=\"ca-pub-6203283170189293\" \ndata-ad-slot=\"7303146466\" \ndata-ad-layout=\"in-article\"\ndata-ad-format=\"fluid\" data-full-width-responsive=\"true\"><\/ins>\n<script> \n(adsbygoogle = window.adsbygoogle || []).push({}); \n<\/script>\n<\/div>\n<p>1972\u2019de M\u00fcsl\u00fcman Pomaklar\u0131n direnci k\u0131r\u0131larak, bir\u00e7oklar\u0131n\u0131n gen\u00e7 can\u0131na k\u0131y\u0131larak, b\u00fcy\u00fck say\u0131da aile s\u00fcrg\u00fcn edilerek, \u00f6nc\u00fcler ve ayd\u0131nlar hapislere at\u0131larak isimleri ve dinleri de\u011fi\u015ftirildi.<\/p>\n<p>1994\/1995 y\u0131llar\u0131nda T\u00fcrklerin isimleri de\u011fi\u015ftirildi, dilleri, dinleri, gelenekleri, k\u00fclt\u00fcr ve sanatlar\u0131 yasakland\u0131, okullar\u0131, radyo, televizyon, gazete ve dergileri, tiyatrolar\u0131 kapat\u0131ld\u0131 yasakland\u0131.<\/p>\n<p>Bask\u0131, ter\u00f6r, zul\u00fcm ve \u015fiddet \u00e7izgisi olarak belirlenen ve etnik az\u0131nl\u0131klar\u0131 \u00e7ok yaralayan bu zorlama siyasetinden yaln\u0131z T\u00fcrkiye Cumhuriyetine g\u00f6\u00e7 edenlerin toplu rakam\u0131 milyonlar\u0131 a\u015fm\u0131\u015f durumdad\u0131r. Geriye bakt\u0131\u011f\u0131m\u0131zda \u00f6n\u00fcm\u00fcze \u00e7\u0131kan tablodaki f\u0131r\u00e7a darbelerinden baz\u0131lar\u0131 bunlard\u0131.<\/p>\n<p>Bu arada 1918 ve 1919\u2019da art arda 2 ulusal felaket, 1944\u2019te 3. milli felaket ve 1988\u2019de de 4. ulusal \u00e7\u00f6k\u00fc\u015f\u00fc ya\u015fayan Bulgar halk\u0131 ve devleti, bug\u00fcn de toparlayamam\u0131\u015ft\u0131r. Avrupa\u2019n\u0131n en yoksul, emeklilerin en d\u00fc\u015f\u00fck emekli maa\u015f\u0131 ald\u0131\u011f\u0131, sosyal yard\u0131mlar\u0131 herkesi fakirlik \u00e7izgisi alt\u0131nda ya\u015famaya zorlad\u0131\u011f\u0131, i\u015fsiz say\u0131s\u0131 en b\u00fcy\u00fck oldu\u011fu, n\u00fcfusunun % 50\u2019si gurbette ya\u015famay\u0131 se\u00e7meye zorlanm\u0131\u015f bir \u00fclke olmaya devam ediyor. NATO ve Avrupa Birli\u011fi \u00fcyesi olmas\u0131 bu durumu de\u011fi\u015ftirmedi\u011fi gibi, sanki y\u0131ldan y\u0131la her \u015fey daha k\u00f6t\u00fc oluyor.<\/p>\n<p>Tabii psikolojik analiz s\u00fczgecinden ge\u00e7irildi\u011finde, devleti bir y\u00fczy\u0131lda 4 defa iflas eden, b\u00fct\u00fcn sava\u015flarda yenilen ve bir t\u00fcrl\u00fc ekonomik istikrar sa\u011flayamayan bir halk\u0131n ayaklanmas\u0131 da do\u011fald\u0131r. Bulgar halk\u0131, bir defa, Berlin Konferans\u0131nda hayal etti\u011fi toprak par\u00e7as\u0131n\u0131 koparamad\u0131\u011f\u0131ndan dolay\u0131 1903 ile 1908 y\u0131llar\u0131 aras\u0131nda bug\u00fcnk\u00fc Pirin b\u00f6lgesinde 3-4 ayaklanma \u00f6rg\u00fctledi. Bu Ayaklanmalarda T\u00fcrk d\u00fc\u015fmanl\u0131\u011f\u0131 iyice k\u00f6p\u00fcrd\u00fc.<\/p><div id=\"bghab-1715687555\" class=\"bghab-icerik-icine-35-paragraf bghab-entity-placement\"><script async src=\"\/\/pagead2.googlesyndication.com\/pagead\/js\/adsbygoogle.js?client=ca-pub-6203283170189293\" crossorigin=\"anonymous\"><\/script><ins class=\"adsbygoogle\" style=\"display:block; text-align:center;\" data-ad-client=\"ca-pub-6203283170189293\" \ndata-ad-slot=\"7303146466\" \ndata-ad-layout=\"in-article\"\ndata-ad-format=\"fluid\" data-full-width-responsive=\"true\"><\/ins>\n<script> \n(adsbygoogle = window.adsbygoogle || []).push({}); \n<\/script>\n<\/div>\n<p><strong>Amac\u0131nda Osmanl\u0131 topraklar\u0131n\u0131 t\u0131rt\u0131klamak olan bu isyanlar farkl\u0131 etnik ve dinlerden insan topluluklar\u0131 aras\u0131nda d\u00fc\u015fmanl\u0131k ate\u015fleri yakt\u0131.<\/strong><\/p>\n<p>Bulgar halk\u0131 1918 ve 1923\u2019te olmak \u00fczere, monar\u015fiye kar\u015f\u0131 2 defa ayakland\u0131. Yine \u00c7arl\u0131k d\u00fczenine kar\u015f\u0131 olmak \u00fczere 1942-1944\u2019te silahl\u0131 ayaklanmaya kalkt\u0131. Bu ayaklanmalar halk\u00e7\u0131 sol g\u00fc\u00e7lerin \u00f6nc\u00fcl\u00fc\u011f\u00fcnde ger\u00e7ekle\u015firken, az\u0131nl\u0131klardan manevi destek ald\u0131.<\/p>\n<p>Ne var ki, yine ayn\u0131 d\u00f6nemde 1923\u2019te ve 1934\u2019te tutucu g\u00fc\u00e7lerin askeri darbe yapmas\u0131 hayata damga vurdu.\u00a0 Bulgaristan M\u00fcsl\u00fcmanlar\u0131 ise ayn\u0131 y\u0131llarda \u00fcmmet kabu\u011funu k\u0131rd\u0131lar. \u0130slamc\u0131l\u0131k ve Osmanl\u0131c\u0131l\u0131ktan silkinerek,. T\u00fcrkler, Pomak T\u00fcrkleri ve \u00c7ingene T\u00fcrkleri (M\u00fcsl\u00fcman millet),\u00a0 topluluk sahnesinde yeniden \u015fekillendiler.<\/p>\n<p><strong>Kimlik uyan\u0131\u015f\u0131nda \u00f6nc\u00fc olan T\u00fcrkler Turan, sportif, \u00f6\u011fretmen, sanat ve esnaf derneklerinde<\/strong> \u00f6rg\u00fctlenerek, Ulusal T\u00fcrk Kongresi \u00e7a\u011f\u0131rd\u0131lar. Siyasi partide bulu\u015fma \u00e7abalar\u0131 askeri darbeler taraf\u0131ndan k\u0131r\u0131ld\u0131. T\u00fcm bask\u0131lara ra\u011fmen, gazete ve kitap basma i\u015flerinde daha da aktifle\u015ferek Bulgaristan T\u00fcrkleri edebiyat\u0131 dire\u011fini dikmeyi ba\u015fard\u0131lar. Bulgaristan M\u00fcsl\u00fcmanlar\u0131 Diyaneti Ba\u015fm\u00fcft\u00fcl\u00fc\u011f\u00fc ve \u0130l M\u00fcft\u00fcl\u00fckleri, \u015eeriat Mahkemeleri ve Din Okullar\u0131 sistemi de o y\u0131llarda geli\u015fti.<\/p>\n<p><strong>1920\u20131923 \u00c7ift\u00e7i Partili Ba\u015fbakan Aleksand\u0131r Stanboliyski d\u00f6nemi Bulgaristan T\u00fcrklerinin alt\u0131n \u00e7a\u011f\u0131 olarak kitaplara i\u015flendi.<\/strong><\/p><div id=\"bghab-1268686028\" class=\"bghab-icerik-icine-40-paragraf bghab-entity-placement\"><script async src=\"\/\/pagead2.googlesyndication.com\/pagead\/js\/adsbygoogle.js?client=ca-pub-6203283170189293\" crossorigin=\"anonymous\"><\/script><ins class=\"adsbygoogle\" style=\"display:block; text-align:center;\" data-ad-client=\"ca-pub-6203283170189293\" \ndata-ad-slot=\"7303146466\" \ndata-ad-layout=\"in-article\"\ndata-ad-format=\"fluid\" data-full-width-responsive=\"true\"><\/ins>\n<script> \n(adsbygoogle = window.adsbygoogle || []).push({}); \n<\/script>\n<\/div>\n<p>G\u00fcn\u00fcm\u00fcz Bulgaristan\u2019\u0131nda 1934\u20131944 d\u00f6neminin \u201c<strong>fa\u015fizm<\/strong>\u201d olup olmad\u0131\u011f\u0131 tart\u0131\u015fmalar\u0131 toplumu ikiye b\u00f6lm\u00fc\u015f olup, \u00fczerindeki de\u011fer tart\u0131\u015fmalar\u0131 en keskin \u015fekilde devam eden bir d\u00f6nemdir. Yahudilerin, \u00c7ingenelerin toplan\u0131p \u201c<strong>Treplika<\/strong>\u201d \u00f6l\u00fcm kamp\u0131na g\u00f6nderildi\u011fi, g\u00f6nderilemeyenlerin bir par\u00e7a kuru ekme\u011fe yol, k\u00f6pr\u00fc, t\u00fcnel i\u015flerinde \u00e7al\u0131\u015ft\u0131r\u0131ld\u0131\u011f\u0131, T\u00fcrklerin s\u00fcrekli g\u00f6\u00e7e zorland\u0131\u011f\u0131 bilinse de fa\u015fistlerin \u00e7\u00f6mezleri her \u015feyi ink\u00e2r ediyor. Psikolojide bir \u015fey \u00fczerine tart\u0131\u015f\u0131lmas\u0131 i\u00e7in onun aksinin de olmas\u0131 gerekir. Bulgar toplumundaki ters d\u00f6nem totaliter-kom\u00fcnist y\u0131llard\u0131r.<\/p>\n<p><strong>Bu d\u00f6nemde 1972 Pomak ve 1989 T\u00fcrk Ayaklanmas\u0131ndan ba\u015fka ayaklanma olmam\u0131\u015ft\u0131r.\u00a0<\/strong><strong>T\u00fcrk isyan\u0131na Pomaklar da kat\u0131lm\u0131\u015ft\u0131r. 20. yy\u2019\u0131n en b\u00fcy\u00fck Bulgaristan isyan\u0131na 72 bin ki\u015fi kat\u0131lm\u0131\u015ft\u0131r.<\/strong><\/p>\n<p>1950 \u2013 1957 aras\u0131 \u201c<strong>k\u00fclt\u00fcrel otonomi<\/strong>\u201d d\u00f6nemi ya\u015fayan T\u00fcrkler, daha sonra bask\u0131 ve zul\u00fcm alt\u0131nda \u00e7ok ezildiler. \u0130simlerinin de\u011fi\u015ftirilip anadillerinin yasaklanmas\u0131, \u00e7ocuklar\u0131n\u0131n k\u00f6r cahil b\u0131rak\u0131lmas\u0131, mezarl\u0131klara yap\u0131lan sald\u0131r\u0131lar silinmez izler b\u0131rakt\u0131. Monar\u015fi d\u00f6neminin \u201c<strong>Treplikas\u0131<\/strong>\u201d oldu\u011fu kadar \u201c<strong>Belene<\/strong>\u201d \u00f6l\u00fcm kamp\u0131 da \u00fcnl\u00fc oldu. Halka kabus ya\u015fatt\u0131. B\u00fcy\u00fck Sava\u015fta Yahudiler ve \u00c7ingeneler gerek\u00e7esiz tutuklan\u0131p, sorgusu yarg\u0131s\u0131z idama g\u00f6nderilirken, kom\u00fcnist totalitarizm ayn\u0131 uygulamay\u0131 Pomaklara ve T\u00fcrklere uygulad\u0131. Bug\u00fcnk\u00fc kom\u00fcnistler babalar\u0131n\u0131n kesti\u011fi fa\u015fistler i\u00e7in sayg\u0131 duru\u015funda durmazken, fa\u015fistler de kom\u00fcnistlerin an\u0131s\u0131n\u0131 saym\u0131yorlar. \u201c<strong>Soya d\u00f6n\u00fc\u015f<\/strong>\u201d s\u00fcrecinde \u015fehit d\u00fc\u015fen T\u00fcrkler ve Pomaklar an\u0131s\u0131na sayg\u0131ya durma konusunda her iki taraf da hala \u00e7ekimserdir.<\/p>\n<p>B\u00fcy\u00fckel\u00e7imizin heyetimizi oturmak \u00fczere davet etti\u011fi masan\u0131n etraf\u0131nda yerime y\u00f6nelirken Bulgaristan Stratejik Ara\u015ft\u0131rma Merkezi\u2019mizin hediye olarak haz\u0131rlad\u0131\u011f\u0131 eserleri BULT\u00dcRK Ba\u015fkan\u0131 Rafet Ulut\u00fcrk masaya dizerken, \u00f6teki arkada\u015flar\u0131m da kendi eserlerini \u00e7\u0131kard\u0131lar. Bu yap\u0131tlar\u0131n hepsini okumu\u015ftum. Bir ikisinin d\u0131\u015f\u0131nda i\u00e7lerinde Sofya B\u00fcy\u00fckel\u00e7ili\u011fimiz ve B\u00fcy\u00fckel\u00e7ilerimizin \u00e7al\u0131\u015fmalar\u0131yla ilgili \u00e7ok az bilgi vard\u0131.<\/p>\n<p>Say\u0131n B\u00fcy\u00fckel\u00e7i Ulusoy, ev sahibi s\u0131fat\u0131yla s\u00f6z\u00fc \u00f6nce kendine verdi. Ho\u015f geldiniz konu\u015fmas\u0131nda, daha \u00f6nceki B\u00fcy\u00fckel\u00e7ilerin Bulgaristan T\u00fcrkiye ili\u015fkilerini hangi noktaya getirdi\u011fini ve yeni do\u011frunun y\u00f6n\u00fcne perde perde i\u015faret ediyordu.<\/p><div id=\"bghab-2776127770\" class=\"bghab-icerik-icine-45-paragraf bghab-entity-placement\"><script async src=\"\/\/pagead2.googlesyndication.com\/pagead\/js\/adsbygoogle.js?client=ca-pub-6203283170189293\" crossorigin=\"anonymous\"><\/script><ins class=\"adsbygoogle\" style=\"display:block; text-align:center;\" data-ad-client=\"ca-pub-6203283170189293\" \ndata-ad-slot=\"7303146466\" \ndata-ad-layout=\"in-article\"\ndata-ad-format=\"fluid\" data-full-width-responsive=\"true\"><\/ins>\n<script> \n(adsbygoogle = window.adsbygoogle || []).push({}); \n<\/script>\n<\/div>\n<p>Ben ise, diplomasi konusunda biraz yetersiz oldu\u011fumdan B\u00fcy\u00fckel\u00e7imizin yeni g\u00f6revine ne kadar bir s\u00fcrede haz\u0131rland\u0131\u011f\u0131n\u0131 ve g\u00f6rev yerine nas\u0131l bir y\u00fckle geldi\u011fini d\u00fc\u015f\u00fcnmeye ba\u015flad\u0131m. Kendime sordu\u011fum sorular\u0131n cevab\u0131n\u0131 aramaya devam ediyordum. Devletimizin diplomasi stratejisi i\u00e7ine monte edebilecek yeni bir B\u00fcy\u00fck-el\u00e7iyi nas\u0131l haz\u0131rlad\u0131\u011f\u0131n\u0131 da bilmiyordum.\u00a0 Bildi\u011fim Bulgaristan&#8217;\u0131n zor bir \u00fclke oldu\u011fuydu. \u00d6ng\u00f6r\u00fcde bulunmak zordur, ne yapaca\u011f\u0131 \u201c<strong>pek belli olmaz<\/strong>\u201d diyenleri i\u015fitmi\u015ftim. Bu k\u00fc\u00e7\u00fck \u00fclkenin d\u0131\u015f siyaseti 100 y\u0131lda 5 deva 180 derece y\u00f6n de\u011fi\u015ftirmi\u015fti.<\/p>\n<p>Sabah g\u00fcne\u015fi g\u00f6lgeleri T\u00fcrkiye \u00fczerinden gelen bu \u00fclkede, Do\u011fu, \u0130slam, M\u00fcsl\u00fcmanl\u0131k ve T\u00fcrkl\u00fck etkisini \u00f6nlemek i\u00e7in, i\u015f saati uygulamas\u0131 m\u00fcmk\u00fcn olsa ikindide ba\u015flayacak ve gece yar\u0131s\u0131na kadar devam edecek. Ne var ki, ikindi vaktinde bu \u00fclkede Do\u011fu ile Bat\u0131 g\u00f6lgesi ve Kuzey esintisi her g\u00fcn bulu\u015fuyor ve birbirine hal hat\u0131r sormadan edemiyorlar.<\/p>\n<p>Burada g\u00f6revde bulunmu\u015f B\u00fcy\u00fckel\u00e7ilerimizden \u00e7o\u011fu Galatasaray ve Frans\u0131z Lisesi mezunu, ard\u0131ndan da Hukuk Fak\u00fcltesi okumu\u015flar olsa da, Ankara \u00dcniversitesi Siyasal Bilgiler Fak\u00fcltesi\u2019nde y\u00fcksek e\u011fitim alm\u0131\u015flar \u00e7o\u011funluktur. Hepsi, d\u0131\u015f i\u015flerinde, siyasette ve mecliste deneyim sahibi \u015fahsiyetlerdir. Aralar\u0131nda, temel at\u0131c\u0131lardan say\u0131lan, H\u00fcsrev Gerede sert imac\u0131yla izlenimler b\u0131rakm\u0131\u015ft\u0131. Bulgar T\u00fcrk ili\u015fkilerine adanm\u0131\u015f bir\u00e7ok eser de b\u0131rakan \u00d6mer Engin L\u00fctem (1983\u20131989) a\u011f\u0131r zul\u00fcm y\u0131llar\u0131nda hep Bulgaristan M\u00fcsl\u00fcmanlar\u0131 yan\u0131nda olmu\u015f, eziyet i\u00e7inde yenilmezlik ruhu olu\u015fmas\u0131na s\u0131rt vermi\u015ftir.<\/p>\n<p>Yal\u00e7\u0131n Oral, Bulgaristan T\u00fcrklerini ve t\u00fcm M\u00fcsl\u00fcmanlar\u0131 siyasal sahneye ta\u015f\u0131may\u0131 ba\u015faran diplomat\u0131m\u0131zd\u0131r. \u00a0Onun d\u00f6neminde T\u00fcrkler ilk kez kendi partileriyle 1990 se\u00e7imlerine girdiler. 24 milletvekili ilk meclis komisyonumuzu olu\u015fturdu. 500 bin karde\u015fimizin g\u00f6\u00e7 etmesine ra\u011fmen ger\u00e7ekle\u015ftirilebilen bu siyasi at\u0131l\u0131m y\u00fcksek kimlik ve politik bilin\u00e7 d\u00fczeyine, vatan, T\u00fcrk kimli\u011fi, temel insan haklar\u0131 konular\u0131nda \u00f6d\u00fcn vermez bir iradeye i\u015faret ediyordu.<\/p>\n<p>Ayn\u0131 y\u0131llarda diplomasiyi kamuya indiren, T\u00fcrkiye diplomasisi deste\u011fini her k\u00f6y ve hanede hissettirmeyi ba\u015faran, ba\u015far\u0131l\u0131 \u00e7al\u0131\u015fmalar\u0131 ve m\u00fckemmel \u0130ngilizcesiyle Bulgar toplumunda derin izler b\u0131rakan Say\u0131n Alev K\u0131l\u0131\u00e7 da asla unutulmam\u0131\u015ft\u0131r.<\/p><div id=\"bghab-1187220748\" class=\"bghab-icerik-icine-50-paragraf bghab-entity-placement\"><script async src=\"\/\/pagead2.googlesyndication.com\/pagead\/js\/adsbygoogle.js?client=ca-pub-6203283170189293\" crossorigin=\"anonymous\"><\/script><ins class=\"adsbygoogle\" style=\"display:block; text-align:center;\" data-ad-client=\"ca-pub-6203283170189293\" \ndata-ad-slot=\"7303146466\" \ndata-ad-layout=\"in-article\"\ndata-ad-format=\"fluid\" data-full-width-responsive=\"true\"><\/ins>\n<script> \n(adsbygoogle = window.adsbygoogle || []).push({}); \n<\/script>\n<\/div>\n<p>Son d\u00f6nem diplomatlar\u0131m\u0131zdan Say\u0131n \u00a0Haydar Berk d\u00f6neminde iki \u00fclke ili\u015fkilerinde b\u00fcy\u00fck bir yak\u0131nla\u015fma sa\u011flan\u0131rken Bulgaristan Cumhuriyetinin Kuzey Atlantik Pakt\u0131 NATO \u00fcyeli\u011fine T\u00fcrkiye garant\u00f6r olmu\u015ftur.<\/p>\n<p>Bu yeni geli\u015fme y\u00f6n\u00fc B\u00fcy\u00fckel\u00e7i Mehmet G\u00fcc\u00fck d\u00f6neminde ba\u015far\u0131l\u0131 s\u00fcrd\u00fcr\u00fcl\u00fcrken Bulgaristan Avrupa Birli\u011fi \u00fcyeli\u011fini hak etmi\u015ftir.<\/p>\n<p>B\u00fcy\u00fckel\u00e7i \u0130smail Aramaz d\u00f6neminde, Bulgaristan ger\u00e7ek Avrupal\u0131 olmaya kendini al\u0131\u015ft\u0131r\u0131rken, T\u00fcrkleri sivil toplum \u00f6rg\u00fctlerinde bir canlanma kaydedilmi\u015f, \u00f6\u011fretmen dernekleri aktifle\u015firken, soyda\u015flar\u0131m\u0131z\u0131n ger\u00e7ek temsilcisi \u00a0BULT\u00dcRT derne\u011fi, bir Bulgaristan az\u0131nl\u0131k partisiyle birlikte, \u00a0ilk kez Cumhurba\u015fkan\u0131 aday\u0131 \u00e7\u0131kar\u0131p 50 bin oy alm\u0131\u015ft\u0131r.<\/p>\n<p>2017\u2019de g\u00f6reve ba\u015flayan Say\u0131n B\u00fcy\u00fckel\u00e7i Hasan Ulusoy\u2019un g\u00f6revi Avrupa Konseyi\u2019nin Bulgaristan d\u00f6nem ba\u015fkanl\u0131\u011f\u0131na rastlad\u0131. O da bilgilendirmesine siyaset kap\u0131s\u0131ndan girdi.<\/p>\n<p>Ben de yerimi ald\u0131m ve dikkatle dinlemeye ba\u015flad\u0131m. T\u00fcrk Bulgar diplomasisinde (\u03c0) noktas\u0131n\u0131 ar\u0131yordum.<\/p><div id=\"bghab-2972663959\" class=\"bghab-icerik-icine-55-paragraf bghab-entity-placement\"><script async src=\"\/\/pagead2.googlesyndication.com\/pagead\/js\/adsbygoogle.js?client=ca-pub-6203283170189293\" crossorigin=\"anonymous\"><\/script><ins class=\"adsbygoogle\" style=\"display:block; text-align:center;\" data-ad-client=\"ca-pub-6203283170189293\" \ndata-ad-slot=\"7303146466\" \ndata-ad-layout=\"in-article\"\ndata-ad-format=\"fluid\" data-full-width-responsive=\"true\"><\/ins>\n<script> \n(adsbygoogle = window.adsbygoogle || []).push({}); \n<\/script>\n<\/div>\n<p>Devam edecek.<\/p>\n<p>Konu: Kamu diplomasisi<\/p>\n<p>&nbsp;<\/p>\n<p>&nbsp;<\/p>\n<div id=\"bghab-1308435993\" class=\"bghab-yazi-altinda bghab-entity-placement\"><div class=\"bghab-adlabel\">Reklamlar<\/div><script async src=\"https:\/\/pagead2.googlesyndication.com\/pagead\/js\/adsbygoogle.js\"><\/script>\r\n<!-- bghaber-yaz\u0131-sonu -->\r\n<ins class=\"adsbygoogle\"\r\n     style=\"display:block\"\r\n     data-ad-client=\"ca-pub-6203283170189293\"\r\n     data-ad-slot=\"4222328180\"\r\n     data-ad-format=\"auto\"\r\n     data-full-width-responsive=\"true\"><\/ins>\r\n<script>\r\n     (adsbygoogle = window.adsbygoogle || []).push({});\r\n<\/script><\/div><br style=\"clear: both; display: block; float: none;\"\/>","protected":false},"excerpt":{"rendered":"<p>Yazan: Elif G\u00dcNE\u015e Tarih: 12 \u015eubat 2018 Konu:\u00a0\u00a0 B\u00fcy\u00fckel\u00e7ilikte \u015fereflendirildik Beni ve arkada\u015flar\u0131m\u0131 Sofya B\u00fcy\u00fckel\u00e7ili\u011fimize g\u00f6t\u00fcren taksici susuyordu. Olduk\u00e7a eski binalar\u0131n aras\u0131ndaki dar sokaklarda ilerlerken<\/p>\n","protected":false},"author":13,"featured_media":26990,"comment_status":"closed","ping_status":"closed","sticky":false,"template":"","format":"standard","meta":{"advanced_seo_description":"","jetpack_seo_html_title":"","jetpack_seo_noindex":false,"_jetpack_memberships_contains_paid_content":false,"footnotes":""},"categories":[6],"tags":[37,785],"class_list":["post-27277","post","type-post","status-publish","format-standard","has-post-thumbnail","hentry","category-yorum","tag-bulturk","tag-bulturk-dernegi"],"jetpack_featured_media_url":"https:\/\/i0.wp.com\/www.bghaber.org\/bghaber\/wp-content\/uploads\/2018\/02\/elif-gunes-e1561133931689.jpg?fit=960%2C960&ssl=1","jetpack_sharing_enabled":true,"jetpack_likes_enabled":true,"jetpack-related-posts":[],"jetpack_shortlink":"https:\/\/wp.me\/pc2PfJ-75X","_links":{"self":[{"href":"https:\/\/www.bghaber.org\/bghaber\/wp-json\/wp\/v2\/posts\/27277","targetHints":{"allow":["GET"]}}],"collection":[{"href":"https:\/\/www.bghaber.org\/bghaber\/wp-json\/wp\/v2\/posts"}],"about":[{"href":"https:\/\/www.bghaber.org\/bghaber\/wp-json\/wp\/v2\/types\/post"}],"author":[{"embeddable":true,"href":"https:\/\/www.bghaber.org\/bghaber\/wp-json\/wp\/v2\/users\/13"}],"replies":[{"embeddable":true,"href":"https:\/\/www.bghaber.org\/bghaber\/wp-json\/wp\/v2\/comments?post=27277"}],"version-history":[{"count":0,"href":"https:\/\/www.bghaber.org\/bghaber\/wp-json\/wp\/v2\/posts\/27277\/revisions"}],"wp:featuredmedia":[{"embeddable":true,"href":"https:\/\/www.bghaber.org\/bghaber\/wp-json\/wp\/v2\/media\/26990"}],"wp:attachment":[{"href":"https:\/\/www.bghaber.org\/bghaber\/wp-json\/wp\/v2\/media?parent=27277"}],"wp:term":[{"taxonomy":"category","embeddable":true,"href":"https:\/\/www.bghaber.org\/bghaber\/wp-json\/wp\/v2\/categories?post=27277"},{"taxonomy":"post_tag","embeddable":true,"href":"https:\/\/www.bghaber.org\/bghaber\/wp-json\/wp\/v2\/tags?post=27277"}],"curies":[{"name":"wp","href":"https:\/\/api.w.org\/{rel}","templated":true}]}}