{"id":27269,"date":"2018-02-15T16:00:05","date_gmt":"2018-02-15T13:00:05","guid":{"rendered":"http:\/\/www.bghaber.org\/bghaber\/?p=27269"},"modified":"2019-07-06T21:03:14","modified_gmt":"2019-07-06T18:03:14","slug":"88-yasindaki-dagciya-gore-bulgaristan-en-guzel-ulke","status":"publish","type":"post","link":"https:\/\/www.bghaber.org\/bghaber\/88-yasindaki-dagciya-gore-bulgaristan-en-guzel-ulke\/","title":{"rendered":"88 ya\u015f\u0131ndaki da\u011fc\u0131ya g\u00f6re Bulgaristan en g\u00fczel \u00fclke"},"content":{"rendered":"<p>Boris Tue\u00e7ki da\u011fc\u0131l\u0131kla 30 ya\u015f\u0131ndayken u\u011fra\u015fmaya ba\u015flar. \u201cBiraz ge\u00e7 ba\u015flad\u0131m, gece okuyordum, \u00e7al\u0131\u015f\u0131yordum\u2026Dinlenceye ihtiyac\u0131m vard\u0131 ve da\u011flara binmeye ba\u015flad\u0131m\u201d diye anlat\u0131yor. G\u00fcn\u00fcm\u00fczde 88 ya\u015f\u0131nda, Avrupa ve Asya\u2019da bir \u00e7ok tepeden g\u00f6rd\u00fc\u011f\u00fc g\u00fczelliklerin hat\u0131ralar\u0131 ile ya\u015f\u0131yor: Himallayalar\u2019daki Ayland, Alpler\u2019in dik Metterhorn ve Mont Blanc tepeleri, Kafkasya\u2019daki Elbrus\u2026 Bulgar Turizm Birli\u011finin bronz, g\u00fcm\u00fc\u015f ve alt\u0131n madalyas\u0131na sahip.1984 y\u0131l\u0131nda o zaman 54 ya\u015f\u0131ndayken Everest\u2019e yap\u0131lan Bulgar seferine kat\u0131l\u0131r. O zaman bir Bulgar Hristo Prodanov tek ba\u015f\u0131na ve oksijensiz gezegenin en y\u00fcksek tepesine ayak bast\u0131 ve ebediyen buzun kuca\u011f\u0131nda kald\u0131.<\/p>\n<p>Boris Tue\u00e7ki anlat\u0131yor:\u00a0<i>\u201cBen sefer grubunda de\u011fildim. Orada gen\u00e7lerdi. Ben, ba\u015fka bir da\u011fc\u0131 ile yard\u0131m etme karar\u0131 verdik ve daha ge\u00e7 kat\u0131ld\u0131k. Tam vard\u0131\u011f\u0131m\u0131z g\u00fcnde Hristo Prodanov tepeye t\u0131rman\u0131yordu ve b\u00fcy\u00fck co\u015fku vard\u0131. Bulgaristan bayra\u011f\u0131n\u0131 ta\u015f\u0131mad\u0131\u011f\u0131ndan dolay\u0131 Sovyet bayra\u011f\u0131ndan bir par\u00e7a koparm\u0131\u015ft\u0131. D\u00f6nerken art\u0131k saat 6 olmu\u015ftu. Yukar\u0131ya do\u011fru s\u0131rt \u00e7antas\u0131n\u0131 bir yerde b\u0131rakm\u0131\u015f ancak d\u00f6n\u00fc\u015fte ona ula\u015fam\u0131yor. Karanl\u0131k bas\u0131yor ve bir yerde gecelemeye mecbur kal\u0131yor. Daha \u00f6tesini biliyorsunuz. Da\u011fc\u0131 olarak Hristo Prodanov aram\u0131zda en iyisiydi.&#8221;<\/i><\/p>\n<p>Boris Tue\u00e7ki i\u00e7in bir ba\u015fka unutulmaz t\u0131rmanma 1974 y\u0131l\u0131nda olur. O zaman T\u00fcrkiye\u2019deki Ararat tepesine yap\u0131lan seferin y\u00f6neticisidir. Nuh\u2019un gemisi efsanesiyle \u00fcnl\u00fc tepeye ula\u015fan ilk Bulgarlar oluyorlar.\u00a0\u201cAleko\u201dda\u011fc\u0131l\u0131k kul\u00fcb\u00fc taraf\u0131ndan \u00f6rg\u00fctlenen sefere 7 ki\u015fi kat\u0131l\u0131yor. Tue\u00e7ki d\u00fcnyan\u0131n g\u00fczelliklerini foto\u011fraflarda muhafaza ediyor ve foto sergilere sunuyor:<\/p>\n<p><i>\u201c \u00c7ok gezdim Alpleri , Kafkaslar\u0131, Pamir da\u011f\u0131n\u0131. Ancak benim i\u00e7in Bulgaristan en g\u00fczel \u00fclkedir &#8211; tabiat olarak . Maalesef bizde insanlar do\u011faya yeteri kadar de\u011fer vermiyor. Avusturya, \u0130svi\u00e7re\u2019ye bakarsak \u00f6rne\u011fin orada d\u00fczen var, temizlik, koruyorlar, da\u011flara sayg\u0131 duyuyorlar ve seviyorlar.\u201d<\/i><\/p>\n<p>Tue\u00e7ki g\u00fcn\u00fcm\u00fczde de dur durak bilmez. K\u0131\u015fta\u00a0 karda hem da\u011fda. Her hafta sonu Kara tepeye biner. K\u0131\u015f\u0131n kayak ile iner. Son y\u0131llarda &#8220;Rila mucizesini yaratan&#8221; ha\u00e7 yolculu\u011funun \u00f6nderi. 2010 y\u0131l\u0131nda ba\u015flayan giri\u015fimin \u00f6rg\u00fctleyicisi &#8220;Aziz Kliment Ohridski&#8221; Sofya \u00dcniversitesinin \u0130lahiyat Fak\u00fcltesidir. Her y\u0131l A\u011fustos ay\u0131nda bir \u00e7ok H\u0131ristiyan Sofya\u2019dan Vito\u015fa ,Verila, Rila da\u011flar\u0131n\u0131 Yedi Rila G\u00f6l\u00fcnden ge\u00e7erek Bulgaristan\u2019\u0131n g\u00f6ky\u00fcz\u00fc koruyucusu\u00a0 Az. \u0130van Rilski\u2019nin ad\u0131n\u0131 ta\u015f\u0131yan Rila Manast\u0131r\u0131na ula\u015f\u0131rlar.<\/p><div id=\"bghab-4290195968\" class=\"bghab-icerik-icine bghab-entity-placement\"><script async src=\"\/\/pagead2.googlesyndication.com\/pagead\/js\/adsbygoogle.js?client=ca-pub-6203283170189293\" crossorigin=\"anonymous\"><\/script><ins class=\"adsbygoogle\" style=\"display:block; text-align:center;\" data-ad-client=\"ca-pub-6203283170189293\" \ndata-ad-slot=\"7303146466\" \ndata-ad-layout=\"in-article\"\ndata-ad-format=\"fluid\" data-full-width-responsive=\"true\"><\/ins>\n<script> \n(adsbygoogle = window.adsbygoogle || []).push({}); \n<\/script>\n<\/div>\n<p>&nbsp;<\/p>\n<p>\u00c7eviri: M\u00fcjgan Baharova, BNR<\/p>\n<div id=\"bghab-130965317\" class=\"bghab-yazi-altinda bghab-entity-placement\"><div class=\"bghab-adlabel\">Reklamlar<\/div><script async src=\"https:\/\/pagead2.googlesyndication.com\/pagead\/js\/adsbygoogle.js\"><\/script>\r\n<!-- bghaber-yaz\u0131-sonu -->\r\n<ins class=\"adsbygoogle\"\r\n     style=\"display:block\"\r\n     data-ad-client=\"ca-pub-6203283170189293\"\r\n     data-ad-slot=\"4222328180\"\r\n     data-ad-format=\"auto\"\r\n     data-full-width-responsive=\"true\"><\/ins>\r\n<script>\r\n     (adsbygoogle = window.adsbygoogle || []).push({});\r\n<\/script><\/div><br style=\"clear: both; display: block; float: none;\"\/>","protected":false},"excerpt":{"rendered":"<p>Boris Tue\u00e7ki da\u011fc\u0131l\u0131kla 30 ya\u015f\u0131ndayken u\u011fra\u015fmaya ba\u015flar. \u201cBiraz ge\u00e7 ba\u015flad\u0131m, gece okuyordum, \u00e7al\u0131\u015f\u0131yordum\u2026Dinlenceye ihtiyac\u0131m vard\u0131 ve da\u011flara binmeye ba\u015flad\u0131m\u201d diye anlat\u0131yor. G\u00fcn\u00fcm\u00fczde 88 ya\u015f\u0131nda, Avrupa<\/p>\n","protected":false},"author":29,"featured_media":27270,"comment_status":"closed","ping_status":"closed","sticky":false,"template":"","format":"standard","meta":{"advanced_seo_description":"","jetpack_seo_html_title":"","jetpack_seo_noindex":false,"_jetpack_memberships_contains_paid_content":false,"footnotes":""},"categories":[5],"tags":[],"class_list":["post-27269","post","type-post","status-publish","format-standard","has-post-thumbnail","hentry","category-yasam"],"jetpack_featured_media_url":"https:\/\/i0.wp.com\/www.bghaber.org\/bghaber\/wp-content\/uploads\/2018\/02\/boris-tuecki-bulgaristan-dagci.jpg?fit=850%2C478&ssl=1","jetpack_sharing_enabled":true,"jetpack_likes_enabled":true,"jetpack-related-posts":[],"jetpack_shortlink":"https:\/\/wp.me\/pc2PfJ-75P","_links":{"self":[{"href":"https:\/\/www.bghaber.org\/bghaber\/wp-json\/wp\/v2\/posts\/27269","targetHints":{"allow":["GET"]}}],"collection":[{"href":"https:\/\/www.bghaber.org\/bghaber\/wp-json\/wp\/v2\/posts"}],"about":[{"href":"https:\/\/www.bghaber.org\/bghaber\/wp-json\/wp\/v2\/types\/post"}],"author":[{"embeddable":true,"href":"https:\/\/www.bghaber.org\/bghaber\/wp-json\/wp\/v2\/users\/29"}],"replies":[{"embeddable":true,"href":"https:\/\/www.bghaber.org\/bghaber\/wp-json\/wp\/v2\/comments?post=27269"}],"version-history":[{"count":0,"href":"https:\/\/www.bghaber.org\/bghaber\/wp-json\/wp\/v2\/posts\/27269\/revisions"}],"wp:featuredmedia":[{"embeddable":true,"href":"https:\/\/www.bghaber.org\/bghaber\/wp-json\/wp\/v2\/media\/27270"}],"wp:attachment":[{"href":"https:\/\/www.bghaber.org\/bghaber\/wp-json\/wp\/v2\/media?parent=27269"}],"wp:term":[{"taxonomy":"category","embeddable":true,"href":"https:\/\/www.bghaber.org\/bghaber\/wp-json\/wp\/v2\/categories?post=27269"},{"taxonomy":"post_tag","embeddable":true,"href":"https:\/\/www.bghaber.org\/bghaber\/wp-json\/wp\/v2\/tags?post=27269"}],"curies":[{"name":"wp","href":"https:\/\/api.w.org\/{rel}","templated":true}]}}