{"id":27266,"date":"2018-02-15T15:00:13","date_gmt":"2018-02-15T12:00:13","guid":{"rendered":"http:\/\/www.bghaber.org\/bghaber\/?p=27266"},"modified":"2019-07-06T21:03:14","modified_gmt":"2019-07-06T18:03:14","slug":"bulgaristanda-coban-acigi-var","status":"publish","type":"post","link":"https:\/\/www.bghaber.org\/bghaber\/bulgaristanda-coban-acigi-var\/","title":{"rendered":"Bulgaristan\u2019da \u00e7oban a\u00e7\u0131\u011f\u0131 var"},"content":{"rendered":"<p>Bulgaristan ekonomisi b\u00fcy\u00fcme kaydediyor ve uluslararas\u0131 g\u00f6zlemcilere g\u00f6re, bu b\u00fcy\u00fcme \u00f6n\u00fcm\u00fczdeki en az iki y\u0131l daha devam etmelidir. Fakat bunun alt\u0131nda meydan okyan bir durum var \u2013 bu b\u00fcy\u00fcmeyi sa\u011flayacak i\u015f g\u00fcc\u00fcn\u00fc bulmak laz\u0131m. Uzmanlar, i\u015f g\u00fcc\u00fcn\u00fcn endi\u015fe verici boyutlar\u0131 olmasayd\u0131, GSYH\u2019n\u0131n her y\u0131l olmak \u00fczere 2 milyar avro fazla olaca\u011f\u0131n\u0131 s\u00f6yl\u00fcyorlar.<\/p>\n<p>Peki, y\u0131lar boyunca s\u00fcren ve endi\u015fe verici derecede seyreden y\u00fcksek i\u015fsizli\u011fin ard\u0131ndan ne oldu da \u015fimdi tersi ya\u015fan\u0131yor?<\/p>\n<p>Bunun birka\u00e7 neden\u0131 var.\u0130lk ba\u015fta &#8211; gitik\u00e7e azalan ve ya\u015flanan Bulgaristan n\u00fcfusu geliyor. Bulgaristan, ge\u00e7en asr\u0131n sonunda 9 milyonu bulurken bug\u00fcn \u00fclke n\u00fcfusu neredeyse 7 milyonun alt\u0131na d\u00fc\u015fme tehlikesi ile kar\u015f\u0131 kar\u015f\u0131ya gelmi\u015ftr. Demografik krizin deyim yerindeyse ba\u015fl\u0131ca \u201csu\u00e7lular\u0131\u201d do\u011fum oran\u0131n d\u00fc\u015f\u00fck, \u00f6l\u00fcm oran\u0131n ise y\u00fcksek olmas\u0131 ve d\u0131\u015far\u0131ya ya\u015fan g\u00f6\u00e7t\u00fcr. Eninde sonunda Bulgaristan n\u00fcfusu her y\u0131l 50 bin azal\u0131yor, yani her y\u0131l orta b\u00fcy\u00fckl\u00fckteki bir \u015fehrimiz yok oluyor. \u00c7al\u0131\u015fmayan ya\u015fl\u0131 kesim, 2 milyonu a\u015f\u0131yor ve ger\u00e7ek anlamda GSYH\u2019na katk\u0131s\u0131 \u015f\u00f6yle dursun 3 milyon \u00e7al\u0131\u015fan\u0131n \u00fcretti\u011fini t\u00fcketiyor. Bunun d\u0131\u015f\u0131nda her y\u0131l 20 binin \u00fczerinde ki\u015fi i\u015f aramak, e\u011fitim g\u00f6rmek amac\u0131yla \u00fclkeyi terkediyor ve bu say\u0131n\u0131n b\u00fcy\u00fck bir b\u00f6l\u00fcm\u00fc, yurtd\u0131\u015f\u0131nda devaml\u0131 ikamet eden 750 bin Bulgaristanl\u0131n\u0131n kervan\u0131na kat\u0131l\u0131yor, ki burada \u00f6zellikle belirtmek gerek \u2013 onlar, Bulgaristan\u2019a d\u00f6nmemekte kararl\u0131 olanlar soyda\u015flar\u0131m\u0131zd\u0131r.<\/p>\n<p>H\u00fck\u00fcmet, personel yeterszili\u011fini kapatmak amac\u0131yla \u00fc\u00e7 grup \u00f6nlem belirlemi\u015ftir ve bu \u00f6nlemler i\u015f \u00e7evreleri taraf\u0131ndan onay alm\u0131\u015ft\u0131r. Burada s\u00f6z konusu olan ne okuyan ne de i\u015f arayan 200 bin Bulgaristan vatanda\u015f\u0131n\u0131n istihdam\u0131d\u0131r. \u0130kinci \u00f6nlem yurtd\u0131\u015f\u0131ndaki Bulgaristan vatanda\u015flar\u0131n\u0131 ilgilendiriyor \u2013 yurda d\u00f6nmeleri i\u00e7in onlarla deyim yerindeyse \u201cfl\u00f6rt\u201d edilecek. Krizin a\u015f\u0131lmas\u0131 i\u00e7in son \u00f6nlem olarak yurtd\u0131\u015f\u0131ndan personel getirilecek.<\/p>\n<p>H\u00fck\u00fcmetin ald\u0131\u011f\u0131 kararlar\u0131 i\u015f \u00e7evreleri onaylasa da, i\u015f adamlar\u0131n\u0131n bu kararlara ku\u015fkuyla bakmas\u0131n\u0131 ve etkili olup olmad\u0131klar\u0131 konusunda b\u00fcy\u00fck umutlar beslememelerini kimse engelleyemez. Ortalama maa\u015f\u0131n 500 avronun biraz \u00fczerinde olan bir \u00fclke olarak serbest, eri\u015filebilir ve muazzam i\u015fg\u00fcc\u00fc piyasas\u0131na sahip Avrupa Birli\u011fi genelinde motive olmu\u015f ve kalifiyeli personel celbetmek hi\u00e7 de kolay g\u00f6r\u00fcnm\u00fcyor. \u00c7\u00fcnk\u00fc herkes i\u015f arama s\u0131ras\u0131nda maa\u015f\u0131n belirleyici rol onyad\u0131\u011f\u0131n\u0131n fark\u0131ndad\u0131r.<\/p><div id=\"bghab-3058638222\" class=\"bghab-icerik-icine bghab-entity-placement\"><script async src=\"\/\/pagead2.googlesyndication.com\/pagead\/js\/adsbygoogle.js?client=ca-pub-6203283170189293\" crossorigin=\"anonymous\"><\/script><ins class=\"adsbygoogle\" style=\"display:block; text-align:center;\" data-ad-client=\"ca-pub-6203283170189293\" \ndata-ad-slot=\"7303146466\" \ndata-ad-layout=\"in-article\"\ndata-ad-format=\"fluid\" data-full-width-responsive=\"true\"><\/ins>\n<script> \n(adsbygoogle = window.adsbygoogle || []).push({}); \n<\/script>\n<\/div>\n<p>Bulgaristan\u2019da bu sorunun \u00e7\u00f6z\u00fcm bulmas\u0131n\u0131 engelleyen bir \u015fey daha var. Personel eksikli\u011fi sadece belirli sekt\u00f6rler, belirli meslekler ve belirli kalifiye seviyeleri i\u00e7in ge\u00e7erli de\u011fil, tam tersine t\u00fcm sekt\u00f6rleri ilgilendiriyor.<\/p>\n<p>\u00dclkenin baz\u0131 b\u00f6lgelerinde personel eksikli\u011fi o kadar hissedilmese de \u00fclke gelenlinde ac\u0131 bir ger\u00e7ektir. Profesyonel ve kalifiyeli personelin oldu\u011fu kadar y\u00fcksek e\u011fitimli ve kalifiyeli olmayan personele de talep b\u00fcy\u00fckt\u00fcr. Ne gariptir ki, Bulgaristan Koyun Ke\u00e7i Yeti\u015ftiricileri Birli\u011fi \u00fc\u00e7\u00fcnc\u00fc \u00fclkelerden \u00e7oban talebinde bulunduklar\u0131n\u0131 ve ayl\u0131k maa\u015f\u0131n 350 ile 700 avro olup ekstra bonuslar\u0131n da \u00f6denece\u011fini a\u00e7\u0131klad\u0131!<\/p>\n<p>Bulgaristan i\u015f piyasas\u0131nda insan kaynaklar\u0131 eksikli\u011finin a\u015f\u0131lmas\u0131 kolay ve \u00e7abuk a\u015f\u0131lacak bir sorun de\u011fildir. Tam tersine, Bulgaristan\u2019da e\u011fitim, i\u015f \u00e7evrelerinin ihtiya\u00e7lar\u0131ndan \u00e7ok uzak kal\u0131yor ve genelde gerek olmayan meslek sahipleri ve gereksiz kalifiye elemanlar\u0131 yeti\u015ftiriyor. G\u00f6r\u00fclen \u015fu ki, sorunun \u00fcstesinden gelmek i\u00e7in iktidar taraf\u0131ndan haz\u0131rlanan \u00fc\u00e7 senaryodan bir kombinasyon yap\u0131l\u0131p di\u011fer kamu kurum ve kurulu\u015flar\u0131n \u00e7abalar\u0131 da kazand\u0131r\u0131lmal\u0131d\u0131r. Hatta ortaya Demografik Krizle M\u00fccadele edecek Uluslararas\u0131 Sofya S\u00f6zle\u015fmesi fikri de ortaya at\u0131ld\u0131.<\/p>\n<p>&nbsp;<\/p>\n<p>\u00c7eviri: \u015eevkiye \u00c7ak\u0131r, BNR<\/p><div id=\"bghab-3839412972\" class=\"bghab-icerik-icine-10-paragraf bghab-entity-placement\"><script async src=\"\/\/pagead2.googlesyndication.com\/pagead\/js\/adsbygoogle.js?client=ca-pub-6203283170189293\" crossorigin=\"anonymous\"><\/script><ins class=\"adsbygoogle\" style=\"display:block; text-align:center;\" data-ad-client=\"ca-pub-6203283170189293\" \ndata-ad-slot=\"7303146466\" \ndata-ad-layout=\"in-article\"\ndata-ad-format=\"fluid\" data-full-width-responsive=\"true\"><\/ins>\n<script> \n(adsbygoogle = window.adsbygoogle || []).push({}); \n<\/script>\n<\/div>\n<div id=\"bghab-2998224169\" class=\"bghab-yazi-altinda bghab-entity-placement\"><div class=\"bghab-adlabel\">Reklamlar<\/div><script async src=\"https:\/\/pagead2.googlesyndication.com\/pagead\/js\/adsbygoogle.js\"><\/script>\r\n<!-- bghaber-yaz\u0131-sonu -->\r\n<ins class=\"adsbygoogle\"\r\n     style=\"display:block\"\r\n     data-ad-client=\"ca-pub-6203283170189293\"\r\n     data-ad-slot=\"4222328180\"\r\n     data-ad-format=\"auto\"\r\n     data-full-width-responsive=\"true\"><\/ins>\r\n<script>\r\n     (adsbygoogle = window.adsbygoogle || []).push({});\r\n<\/script><\/div><br style=\"clear: both; display: block; float: none;\"\/>","protected":false},"excerpt":{"rendered":"<p>Bulgaristan ekonomisi b\u00fcy\u00fcme kaydediyor ve uluslararas\u0131 g\u00f6zlemcilere g\u00f6re, bu b\u00fcy\u00fcme \u00f6n\u00fcm\u00fczdeki en az iki y\u0131l daha devam etmelidir. Fakat bunun alt\u0131nda meydan okyan bir durum<\/p>\n","protected":false},"author":29,"featured_media":27267,"comment_status":"closed","ping_status":"closed","sticky":false,"template":"","format":"standard","meta":{"advanced_seo_description":"","jetpack_seo_html_title":"","jetpack_seo_noindex":false,"_jetpack_memberships_contains_paid_content":false,"footnotes":""},"categories":[9,1],"tags":[],"class_list":["post-27266","post","type-post","status-publish","format-standard","has-post-thumbnail","hentry","category-ekonomi","category-haberler"],"jetpack_featured_media_url":"https:\/\/i0.wp.com\/www.bghaber.org\/bghaber\/wp-content\/uploads\/2018\/02\/bulgaristan-is-gucu-fabrika.jpg?fit=850%2C478&ssl=1","jetpack_sharing_enabled":true,"jetpack_likes_enabled":true,"jetpack-related-posts":[],"jetpack_shortlink":"https:\/\/wp.me\/pc2PfJ-75M","_links":{"self":[{"href":"https:\/\/www.bghaber.org\/bghaber\/wp-json\/wp\/v2\/posts\/27266","targetHints":{"allow":["GET"]}}],"collection":[{"href":"https:\/\/www.bghaber.org\/bghaber\/wp-json\/wp\/v2\/posts"}],"about":[{"href":"https:\/\/www.bghaber.org\/bghaber\/wp-json\/wp\/v2\/types\/post"}],"author":[{"embeddable":true,"href":"https:\/\/www.bghaber.org\/bghaber\/wp-json\/wp\/v2\/users\/29"}],"replies":[{"embeddable":true,"href":"https:\/\/www.bghaber.org\/bghaber\/wp-json\/wp\/v2\/comments?post=27266"}],"version-history":[{"count":0,"href":"https:\/\/www.bghaber.org\/bghaber\/wp-json\/wp\/v2\/posts\/27266\/revisions"}],"wp:featuredmedia":[{"embeddable":true,"href":"https:\/\/www.bghaber.org\/bghaber\/wp-json\/wp\/v2\/media\/27267"}],"wp:attachment":[{"href":"https:\/\/www.bghaber.org\/bghaber\/wp-json\/wp\/v2\/media?parent=27266"}],"wp:term":[{"taxonomy":"category","embeddable":true,"href":"https:\/\/www.bghaber.org\/bghaber\/wp-json\/wp\/v2\/categories?post=27266"},{"taxonomy":"post_tag","embeddable":true,"href":"https:\/\/www.bghaber.org\/bghaber\/wp-json\/wp\/v2\/tags?post=27266"}],"curies":[{"name":"wp","href":"https:\/\/api.w.org\/{rel}","templated":true}]}}