{"id":27257,"date":"2018-02-15T13:00:49","date_gmt":"2018-02-15T10:00:49","guid":{"rendered":"http:\/\/www.bghaber.org\/bghaber\/?p=27257"},"modified":"2019-07-06T21:03:14","modified_gmt":"2019-07-06T18:03:14","slug":"avustralyali-bir-bulgardan-milli-sanat-galerisine-184-milyon-leva-bagis","status":"publish","type":"post","link":"https:\/\/www.bghaber.org\/bghaber\/avustralyali-bir-bulgardan-milli-sanat-galerisine-184-milyon-leva-bagis\/","title":{"rendered":"Avustralyal\u0131 bir Bulgar&#8217;dan Milli Sanat Galerisi\u2019ne 1,84 milyon leva ba\u011f\u0131\u015f"},"content":{"rendered":"<p>D\u0131\u015fi\u015fleri Bakanl\u0131\u011f\u0131 yetkililerinin bildirdi\u011fi gibi Sofya\u2019daki Milli Sanat Galerisi, Bulgaristan\u2019da do\u011fan ve 2016 y\u0131l\u0131nda Avustralya\u2019da vefat eden vatansever yurtta\u015f\u0131m\u0131z Margarita Zaneff\u2019ten 1,84 milyon leva (1,44 milyon Avustralya dolar\u0131) ba\u011f\u0131\u015f olarak ald\u0131.<\/p>\n<p>Bulgar kad\u0131n, XX. y\u00fczy\u0131l\u0131n 60\u2019l\u0131 y\u0131llar\u0131nda e\u015fi ve o\u011flu ile birlikte Avustralya\u2019ya g\u00f6\u00e7 etti. Margarita Zaneff\u2019in b\u0131rakt\u0131\u011f\u0131 vasiyetnameye g\u00f6re ta\u015f\u0131nmaz mal\u0131n\u0131n sat\u0131lmas\u0131ndan sonra elde edilen kaynaklar\u0131n yar\u0131s\u0131 Sofya\u2019daki Milli Sanat Galerisi\u2019ne, di\u011fer yar\u0131s\u0131 ise Sidney\u2019deki Yeni G\u00fcney Galler Sanat Galerisi\u2019ne ba\u011f\u0131\u015flan\u0131yor.<\/p>\n<p>\u201cBiddulph &amp; Salenger\u201d yaz\u0131hanesinden olan ve vasiyetnameyi haz\u0131rlayan ve miras ile ilgili tasarruf eylemleri ger\u00e7ekle\u015ftiren avukat Warrwick Dunn\u2019un s\u00f6zlerine g\u00f6re Zaneff, sanat\u0131n toplum i\u00e7in \u00f6neminin fark\u0131na varan b\u00fcy\u00fck sanat sever idi.<\/p>\n<p>Kendisi, Bulgar galerisine ba\u011f\u0131\u015f\u0131 yurduna vatanseverlik jesti olarak, Avustralya galerisine ba\u011f\u0131\u015f\u0131 ise kendisini kabul eden ve hayat\u0131n\u0131n b\u00fcy\u00fck bir b\u00f6l\u00fcm\u00fcn\u00fc ge\u00e7irdi\u011fi devlete minnettarl\u0131k i\u015fareti olarak yapm\u0131\u015ft\u0131r.<\/p>\n<p>&nbsp;<\/p><div id=\"bghab-3563048561\" class=\"bghab-icerik-icine bghab-entity-placement\"><script async src=\"\/\/pagead2.googlesyndication.com\/pagead\/js\/adsbygoogle.js?client=ca-pub-6203283170189293\" crossorigin=\"anonymous\"><\/script><ins class=\"adsbygoogle\" style=\"display:block; text-align:center;\" data-ad-client=\"ca-pub-6203283170189293\" \ndata-ad-slot=\"7303146466\" \ndata-ad-layout=\"in-article\"\ndata-ad-format=\"fluid\" data-full-width-responsive=\"true\"><\/ins>\n<script> \n(adsbygoogle = window.adsbygoogle || []).push({}); \n<\/script>\n<\/div>\n<p>BNR<\/p>\n<div id=\"bghab-3633666829\" class=\"bghab-yazi-altinda bghab-entity-placement\"><div class=\"bghab-adlabel\">Reklamlar<\/div><script async src=\"https:\/\/pagead2.googlesyndication.com\/pagead\/js\/adsbygoogle.js\"><\/script>\r\n<!-- bghaber-yaz\u0131-sonu -->\r\n<ins class=\"adsbygoogle\"\r\n     style=\"display:block\"\r\n     data-ad-client=\"ca-pub-6203283170189293\"\r\n     data-ad-slot=\"4222328180\"\r\n     data-ad-format=\"auto\"\r\n     data-full-width-responsive=\"true\"><\/ins>\r\n<script>\r\n     (adsbygoogle = window.adsbygoogle || []).push({});\r\n<\/script><\/div><br style=\"clear: both; display: block; float: none;\"\/>","protected":false},"excerpt":{"rendered":"<p>D\u0131\u015fi\u015fleri Bakanl\u0131\u011f\u0131 yetkililerinin bildirdi\u011fi gibi Sofya\u2019daki Milli Sanat Galerisi, Bulgaristan\u2019da do\u011fan ve 2016 y\u0131l\u0131nda Avustralya\u2019da vefat eden vatansever yurtta\u015f\u0131m\u0131z Margarita Zaneff\u2019ten 1,84 milyon leva (1,44<\/p>\n","protected":false},"author":29,"featured_media":27258,"comment_status":"closed","ping_status":"closed","sticky":false,"template":"","format":"standard","meta":{"advanced_seo_description":"","jetpack_seo_html_title":"","jetpack_seo_noindex":false,"_jetpack_memberships_contains_paid_content":false,"footnotes":""},"categories":[1,10],"tags":[],"class_list":["post-27257","post","type-post","status-publish","format-standard","has-post-thumbnail","hentry","category-haberler","category-kultur-sanat"],"jetpack_featured_media_url":"https:\/\/i0.wp.com\/www.bghaber.org\/bghaber\/wp-content\/uploads\/2018\/02\/Milli-Sanat-Galerisi-bulgaristan.jpg?fit=610%2C343&ssl=1","jetpack_sharing_enabled":true,"jetpack_likes_enabled":true,"jetpack-related-posts":[],"jetpack_shortlink":"https:\/\/wp.me\/pc2PfJ-75D","_links":{"self":[{"href":"https:\/\/www.bghaber.org\/bghaber\/wp-json\/wp\/v2\/posts\/27257","targetHints":{"allow":["GET"]}}],"collection":[{"href":"https:\/\/www.bghaber.org\/bghaber\/wp-json\/wp\/v2\/posts"}],"about":[{"href":"https:\/\/www.bghaber.org\/bghaber\/wp-json\/wp\/v2\/types\/post"}],"author":[{"embeddable":true,"href":"https:\/\/www.bghaber.org\/bghaber\/wp-json\/wp\/v2\/users\/29"}],"replies":[{"embeddable":true,"href":"https:\/\/www.bghaber.org\/bghaber\/wp-json\/wp\/v2\/comments?post=27257"}],"version-history":[{"count":0,"href":"https:\/\/www.bghaber.org\/bghaber\/wp-json\/wp\/v2\/posts\/27257\/revisions"}],"wp:featuredmedia":[{"embeddable":true,"href":"https:\/\/www.bghaber.org\/bghaber\/wp-json\/wp\/v2\/media\/27258"}],"wp:attachment":[{"href":"https:\/\/www.bghaber.org\/bghaber\/wp-json\/wp\/v2\/media?parent=27257"}],"wp:term":[{"taxonomy":"category","embeddable":true,"href":"https:\/\/www.bghaber.org\/bghaber\/wp-json\/wp\/v2\/categories?post=27257"},{"taxonomy":"post_tag","embeddable":true,"href":"https:\/\/www.bghaber.org\/bghaber\/wp-json\/wp\/v2\/tags?post=27257"}],"curies":[{"name":"wp","href":"https:\/\/api.w.org\/{rel}","templated":true}]}}