{"id":27232,"date":"2018-02-14T22:47:43","date_gmt":"2018-02-14T19:47:43","guid":{"rendered":"http:\/\/www.bghaber.org\/bghaber\/?p=27232"},"modified":"2019-07-07T21:52:23","modified_gmt":"2019-07-07T19:52:23","slug":"numan-kurtulmus-sofya-camisini-inceledi","status":"publish","type":"post","link":"https:\/\/www.bghaber.org\/bghaber\/numan-kurtulmus-sofya-camisini-inceledi\/","title":{"rendered":"Numan Kurtulmu\u015f Sofya Camisi&#8217;ni inceledi"},"content":{"rendered":"<p style=\"font-weight: 400;\">Avrupa Birli\u011fi \u00fcst d\u00fczey turizm bakanlar\u0131 bulu\u015fmas\u0131na kat\u0131lmak i\u00e7in Bulgaristan&#8217;da bulunan K\u00fclt\u00fcr ve Turizm Bakan\u0131 Numan Kurtulmu\u015f, Sofya&#8217;da bulunan\u00a0Kad\u0131 Seyfullah Efendi Camii\u2019ni\u00a0ziyaret etti.<\/p>\n<p style=\"font-weight: 400;\">Bakan Kurtulmu\u015f,\u00a0\u201cSofya\u2019da \u00f6n\u00fcm\u00fczdeki g\u00fcnlerde Cumhurba\u015fkan\u0131m\u0131z taraf\u0131ndan ibadete a\u00e7\u0131lacak olan Kad\u0131 Seyfullah Efendi Camii\u2019ni inceledik.<\/p>\n<p style=\"font-weight: 400;\">T\u00fcrkiye nas\u0131l ki Bulgar Kilisesi\u2019nin restorasyonuna katk\u0131 verdiyse ayn\u0131 iyi niyeti Bulgar makamlar\u0131n\u0131n g\u00f6sterdi\u011fini g\u00f6rmekten b\u00fcy\u00fck memnuniyet duyduk\u201c\u00a0dedi.<\/p>\n<p>&nbsp;<\/p>\n<p>&nbsp;<\/p>\n<p style=\"font-weight: 400;\">Ajans Bulgaristan<\/p>\n<div id=\"bghab-4036894414\" class=\"bghab-yazi-altinda bghab-entity-placement\"><script async src=\"https:\/\/pagead2.googlesyndication.com\/pagead\/js\/adsbygoogle.js\"><\/script>\r\n<!-- bghaber-yaz\u0131-sonu -->\r\n<ins class=\"adsbygoogle\"\r\n     style=\"display:block\"\r\n     data-ad-client=\"ca-pub-6203283170189293\"\r\n     data-ad-slot=\"4222328180\"\r\n     data-ad-format=\"auto\"\r\n     data-full-width-responsive=\"true\"><\/ins>\r\n<script>\r\n     (adsbygoogle = window.adsbygoogle || []).push({});\r\n<\/script><\/div><br style=\"clear: both; display: block; float: none;\"\/>","protected":false},"excerpt":{"rendered":"<p>Avrupa Birli\u011fi \u00fcst d\u00fczey turizm bakanlar\u0131 bulu\u015fmas\u0131na kat\u0131lmak i\u00e7in Bulgaristan&#8217;da bulunan K\u00fclt\u00fcr ve Turizm Bakan\u0131 Numan Kurtulmu\u015f, Sofya&#8217;da bulunan\u00a0Kad\u0131 Seyfullah Efendi Camii\u2019ni\u00a0ziyaret etti. Bakan Kurtulmu\u015f,\u00a0\u201cSofya\u2019da<\/p>\n","protected":false},"author":29,"featured_media":27233,"comment_status":"closed","ping_status":"closed","sticky":false,"template":"","format":"standard","meta":{"advanced_seo_description":"","jetpack_seo_html_title":"","jetpack_seo_noindex":false,"jetpack_seo_schema_type":"","_jetpack_newsletter_access":"","_jetpack_dont_email_post_to_subs":false,"_jetpack_newsletter_tier_id":0,"_jetpack_memberships_contains_paywalled_content":false,"_jetpack_feature_clip_id":0,"_jetpack_memberships_contains_paid_content":false,"footnotes":"","jetpack_post_was_ever_published":false},"categories":[1,10],"tags":[],"class_list":["post-27232","post","type-post","status-publish","format-standard","has-post-thumbnail","hentry","category-haberler","category-kultur-sanat"],"jetpack_sharing_enabled":true,"jetpack_likes_enabled":true,"jetpack-related-posts":[],"jetpack_shortlink":"https:\/\/wp.me\/pc2PfJ-75e","jetpack_featured_media_url":"https:\/\/i0.wp.com\/www.bghaber.org\/bghaber\/wp-content\/uploads\/2018\/02\/numan-kurtulmus-sofya-camisinde.jpg?fit=640%2C427&ssl=1","_links":{"self":[{"href":"https:\/\/www.bghaber.org\/bghaber\/wp-json\/wp\/v2\/posts\/27232","targetHints":{"allow":["GET"]}}],"collection":[{"href":"https:\/\/www.bghaber.org\/bghaber\/wp-json\/wp\/v2\/posts"}],"about":[{"href":"https:\/\/www.bghaber.org\/bghaber\/wp-json\/wp\/v2\/types\/post"}],"author":[{"embeddable":true,"href":"https:\/\/www.bghaber.org\/bghaber\/wp-json\/wp\/v2\/users\/29"}],"replies":[{"embeddable":true,"href":"https:\/\/www.bghaber.org\/bghaber\/wp-json\/wp\/v2\/comments?post=27232"}],"version-history":[{"count":0,"href":"https:\/\/www.bghaber.org\/bghaber\/wp-json\/wp\/v2\/posts\/27232\/revisions"}],"wp:featuredmedia":[{"embeddable":true,"href":"https:\/\/www.bghaber.org\/bghaber\/wp-json\/wp\/v2\/media\/27233"}],"wp:attachment":[{"href":"https:\/\/www.bghaber.org\/bghaber\/wp-json\/wp\/v2\/media?parent=27232"}],"wp:term":[{"taxonomy":"category","embeddable":true,"href":"https:\/\/www.bghaber.org\/bghaber\/wp-json\/wp\/v2\/categories?post=27232"},{"taxonomy":"post_tag","embeddable":true,"href":"https:\/\/www.bghaber.org\/bghaber\/wp-json\/wp\/v2\/tags?post=27232"}],"curies":[{"name":"wp","href":"https:\/\/api.w.org\/{rel}","templated":true}]}}