{"id":27224,"date":"2018-02-14T22:00:19","date_gmt":"2018-02-14T19:00:19","guid":{"rendered":"http:\/\/www.bghaber.org\/bghaber\/?p=27224"},"modified":"2019-07-07T21:52:23","modified_gmt":"2019-07-07T19:52:23","slug":"isverenler-ticaret-sicili-islemlerinin-yeniden-baslatilmasini-istiyor","status":"publish","type":"post","link":"https:\/\/www.bghaber.org\/bghaber\/isverenler-ticaret-sicili-islemlerinin-yeniden-baslatilmasini-istiyor\/","title":{"rendered":"\u0130\u015fverenler, Ticaret Sicili i\u015flemlerinin yeniden ba\u015flat\u0131lmas\u0131n\u0131 istiyor"},"content":{"rendered":"<p>Bulgaristan \u0130\u015fveren \u00d6rg\u00fctleri Derne\u011fi (AOBR ) yapt\u0131\u011f\u0131 yaz\u0131l\u0131 a\u00e7\u0131klamada Ticaret Sicili i\u015flemleri konusunda ya\u015fanan gerginlikten dolay\u0131 endi\u015fe duydu\u011funu belirtti. Ya\u015fanan zorluklar\u0131n, 2017 y\u0131l\u0131n\u0131n sonunda y\u00fcr\u00fcrl\u00fc\u011fe giren Ticaret Yasas\u0131\u2019ndaki de\u011fi\u015fikliklerden kaynakland\u0131\u011f\u0131na dikkat \u00e7ekildi.<\/p>\n<p>A\u00e7\u0131klamada \u015fu ifadeler yer ald\u0131: \u201cHisse ve \u015firket devrinin engellenmesi, h\u00fck\u00fcmetin ve Millet Meclisinin beyan ettikleri idari y\u00fck\u00fc azaltma \u00e7abalar\u0131 hakk\u0131nda \u015f\u00fcphe uyand\u0131r\u0131yor\u201d.<\/p>\n<p>AOBR, Ticaret Sicili i\u015flemlerini normalle\u015ftirmek i\u00e7in acilen idari ve yasal mekanizmalar\u0131n bulunmas\u0131 konusunda \u0131srar etmektedir. A\u00e7\u0131klamada \u015f\u00f6yle denildi: \u201cBir kez daha mevzuatta payda\u015flar\u0131n konumlar\u0131 ve kapsaml\u0131 bir etki de\u011ferlendirmesi dikkate al\u0131narak de\u011fi\u015fiklikler yap\u0131lmas\u0131 \u00e7a\u011fr\u0131s\u0131nda bulunuyoruz\u201d.<\/p>\n<p>\u0130\u015fverenlerin belirtti\u011fine g\u00f6re Ticaret Yasas\u0131\u2019ndaki de\u011fi\u015fiklikler, bask\u0131 alt\u0131ndaki kanun yap\u0131m\u0131n\u0131n \u00e7arp\u0131c\u0131 bir \u00f6rne\u011fidir.<\/p>\n<p>Bu de\u011fi\u015fiklikler, tam ve objektif bir etki de\u011ferlendirmesi olmaks\u0131z\u0131n ve payda\u015flar\u0131n konumlar\u0131 dikkate al\u0131nmaks\u0131z\u0131n yap\u0131lan mevzuat de\u011fi\u015fikliklerinin etkilerini ortaya koymaktad\u0131r.<\/p><div id=\"bghab-3510452193\" class=\"bghab-icerik-icine bghab-entity-placement\"><script async src=\"\/\/pagead2.googlesyndication.com\/pagead\/js\/adsbygoogle.js?client=ca-pub-6203283170189293\" crossorigin=\"anonymous\"><\/script><ins class=\"adsbygoogle\" style=\"display:block; text-align:center;\" data-ad-client=\"ca-pub-6203283170189293\" \ndata-ad-slot=\"7303146466\" \ndata-ad-layout=\"in-article\"\ndata-ad-format=\"fluid\" data-full-width-responsive=\"true\"><\/ins>\n<script> \n(adsbygoogle = window.adsbygoogle || []).push({}); \n<\/script>\n<\/div>\n<p>Dernek, olumsuz g\u00f6r\u00fc\u015flerini dile getirdiklerini, ancak milletvekilleri onlar\u0131 dikkate almad\u0131\u011f\u0131n\u0131 hat\u0131rlatt\u0131.<\/p>\n<p>AOBR\u2019nin a\u00e7\u0131klamas\u0131nda, &#8221; Benzer \u015fekilde birka\u00e7 y\u0131l \u00f6nce sosyal g\u00fcvenlik prim \u00f6demelerini beyan etmemenin kriminalize edilmesi karar\u0131 al\u0131nm\u0131\u015ft\u0131, ancak \u015fimdiye kadar b\u00f6yle bir su\u00e7tan dolay\u0131 h\u00fck\u00fcm giymi\u015f bir i\u015fveren hakk\u0131nda hi\u00e7bir bilgi yoktur. Ticaret Yasas\u0131\u2019ndaki de\u011fi\u015fikliklerin de benzeri sonu\u00e7lar\u0131 olacak- faydalar belirsiz, ancak olumsuzluklar g\u00f6zle g\u00f6r\u00fcl\u00fcr\u201d diye belirtildi.<\/p>\n<p>&nbsp;<\/p>\n<p>K\u0131rcaali Haber<\/p>\n<div id=\"bghab-1590519091\" class=\"bghab-yazi-altinda bghab-entity-placement\"><script async src=\"https:\/\/pagead2.googlesyndication.com\/pagead\/js\/adsbygoogle.js\"><\/script>\r\n<!-- bghaber-yaz\u0131-sonu -->\r\n<ins class=\"adsbygoogle\"\r\n     style=\"display:block\"\r\n     data-ad-client=\"ca-pub-6203283170189293\"\r\n     data-ad-slot=\"4222328180\"\r\n     data-ad-format=\"auto\"\r\n     data-full-width-responsive=\"true\"><\/ins>\r\n<script>\r\n     (adsbygoogle = window.adsbygoogle || []).push({});\r\n<\/script><\/div><br style=\"clear: both; display: block; float: none;\"\/>","protected":false},"excerpt":{"rendered":"<p>Bulgaristan \u0130\u015fveren \u00d6rg\u00fctleri Derne\u011fi (AOBR ) yapt\u0131\u011f\u0131 yaz\u0131l\u0131 a\u00e7\u0131klamada Ticaret Sicili i\u015flemleri konusunda ya\u015fanan gerginlikten dolay\u0131 endi\u015fe duydu\u011funu belirtti. Ya\u015fanan zorluklar\u0131n, 2017 y\u0131l\u0131n\u0131n sonunda y\u00fcr\u00fcrl\u00fc\u011fe<\/p>\n","protected":false},"author":29,"featured_media":27225,"comment_status":"closed","ping_status":"closed","sticky":false,"template":"","format":"standard","meta":{"advanced_seo_description":"","jetpack_seo_html_title":"","jetpack_seo_noindex":false,"jetpack_seo_schema_type":"","_jetpack_newsletter_access":"","_jetpack_dont_email_post_to_subs":false,"_jetpack_newsletter_tier_id":0,"_jetpack_memberships_contains_paywalled_content":false,"_jetpack_feature_clip_id":0,"_jetpack_memberships_contains_paid_content":false,"footnotes":"","jetpack_post_was_ever_published":false},"categories":[9,1],"tags":[],"class_list":["post-27224","post","type-post","status-publish","format-standard","has-post-thumbnail","hentry","category-ekonomi","category-haberler"],"jetpack_sharing_enabled":true,"jetpack_likes_enabled":true,"jetpack-related-posts":[],"jetpack_shortlink":"https:\/\/wp.me\/pc2PfJ-756","jetpack_featured_media_url":"https:\/\/i0.wp.com\/www.bghaber.org\/bghaber\/wp-content\/uploads\/2018\/02\/bulgaristan-isveren-orgutler-dernegi.jpg?fit=922%2C521&ssl=1","_links":{"self":[{"href":"https:\/\/www.bghaber.org\/bghaber\/wp-json\/wp\/v2\/posts\/27224","targetHints":{"allow":["GET"]}}],"collection":[{"href":"https:\/\/www.bghaber.org\/bghaber\/wp-json\/wp\/v2\/posts"}],"about":[{"href":"https:\/\/www.bghaber.org\/bghaber\/wp-json\/wp\/v2\/types\/post"}],"author":[{"embeddable":true,"href":"https:\/\/www.bghaber.org\/bghaber\/wp-json\/wp\/v2\/users\/29"}],"replies":[{"embeddable":true,"href":"https:\/\/www.bghaber.org\/bghaber\/wp-json\/wp\/v2\/comments?post=27224"}],"version-history":[{"count":0,"href":"https:\/\/www.bghaber.org\/bghaber\/wp-json\/wp\/v2\/posts\/27224\/revisions"}],"wp:featuredmedia":[{"embeddable":true,"href":"https:\/\/www.bghaber.org\/bghaber\/wp-json\/wp\/v2\/media\/27225"}],"wp:attachment":[{"href":"https:\/\/www.bghaber.org\/bghaber\/wp-json\/wp\/v2\/media?parent=27224"}],"wp:term":[{"taxonomy":"category","embeddable":true,"href":"https:\/\/www.bghaber.org\/bghaber\/wp-json\/wp\/v2\/categories?post=27224"},{"taxonomy":"post_tag","embeddable":true,"href":"https:\/\/www.bghaber.org\/bghaber\/wp-json\/wp\/v2\/tags?post=27224"}],"curies":[{"name":"wp","href":"https:\/\/api.w.org\/{rel}","templated":true}]}}