{"id":27221,"date":"2018-02-14T21:15:24","date_gmt":"2018-02-14T18:15:24","guid":{"rendered":"http:\/\/www.bghaber.org\/bghaber\/?p=27221"},"modified":"2019-07-07T21:52:23","modified_gmt":"2019-07-07T19:52:23","slug":"bulgaristanda-elektrik-serbest-piyasa-fiyatina-yuzde-20-indirim","status":"publish","type":"post","link":"https:\/\/www.bghaber.org\/bghaber\/bulgaristanda-elektrik-serbest-piyasa-fiyatina-yuzde-20-indirim\/","title":{"rendered":"Bulgaristan&#8217;da elektrik serbest piyasa fiyat\u0131na y\u00fczde 20 indirim"},"content":{"rendered":"<p>BTV\u2019ye konu\u015fan Meclis Enerji Komisyonu Ba\u015fkan\u0131 Deltan Dobrev, \u201cEnerji borsas\u0131nda i\u015flem g\u00f6ren elektri\u011fin fiyat\u0131, y\u0131l\u0131n ba\u015f\u0131ndan bu yana y\u00fczde 20 oran\u0131nda d\u00fc\u015ft\u00fc\u201d diye bildirdi. Aral\u0131k ay\u0131nda sanayiciler, enerji tedarik eden perakendeciler taraf\u0131ndan \u015eubat ay\u0131 itibariyle elektrik fiyatlar\u0131n\u0131n y\u00fczde 60&#8217;a varan oranda art\u0131r\u0131laca\u011f\u0131 bildirilen mektup ald\u0131klar\u0131ndan yak\u0131nd\u0131lar.<\/p>\n<p>Dobrev, yeni y\u0131lda fiyatlar\u0131n d\u00fc\u015f\u00fc\u015f\u00fcn\u00fcn Aral\u0131k ay\u0131nda kabul edilen ve \u00fcretim g\u00fcc\u00fc 5 MW\u2019tan fazla olan t\u00fcm \u00fcreticilerin elektriklerini borsada satma zorunlulu\u011fu getiren yasal d\u00fczenlemeler sonras\u0131nda geldi\u011fini a\u00e7\u0131klad\u0131. Bu d\u00fczenlemeler, al\u0131c\u0131lar\u0131n t\u00fcccarlara ba\u015fvurmadan do\u011frudan borsadan elektrik sat\u0131n almas\u0131na izin verdi.<\/p>\n<p>B\u00f6ylece gerginlik yat\u0131\u015ft\u0131r\u0131ld\u0131 ve bu y\u00fczden i\u015fletme sahipleri protesto edeceklerini a\u00e7\u0131klad\u0131. Milletvekilinin ifadelerine g\u00f6re kriz durumu k\u00fc\u00e7\u00fck bir \u015firketler grubunun serbest piyasada sunulan t\u00fcm elektrik enerjisini bir MW saat elektrik ba\u015f\u0131na 70-75 levaya sat\u0131n al\u0131p, 120 levaya satmas\u0131 sonucunda ortaya \u00e7\u0131kt\u0131.<\/p>\n<p>Dobrev, \u201cBununla birlikte piyasay\u0131 liberalize etme ad\u0131mlar\u0131 devam etmelidir\u201d diye s\u00f6zlerine ekledi ve bunun yak\u0131nda kabul edilmesi beklenen yeni de\u011fi\u015fikliklerle ger\u00e7ekle\u015fece\u011fini belirtti. Dobrev, \u201cBu de\u011fi\u015fiklerle \u015fu anda tercihli fiyatlarla Ulusal Elektrik Kurumu\u2019na elektrik sat\u0131\u015f\u0131 yapan t\u00fcm \u00fcreticilerin piyasa fiyatlarla borsada sat\u0131\u015f yapmalar\u0131 \u00f6ng\u00f6r\u00fcl\u00fcyor. Bu \u00fcreticiler, su elektrik santralleri, termik elektrik santralleri, kojenerasyon tesisleri, fabrika tesisleridir. B\u00f6ylece \u015fimdi \u00fc\u00e7 olan elektrik sat\u0131c\u0131lar\u0131n\u0131n say\u0131s\u0131 \u015fimdi 100&#8217;\u00fcn \u00fczerine \u00e7\u0131kacak\u201d diye izah etti.<\/p>\n<p>Bir soru \u00fczerine Enerji Komisyonu Ba\u015fkan\u0131, s\u00f6zde \u201cAmerikan santralleri\u201d olarak bilinen \u201cMaritsa Do\u011fu 1 ve 3\u201d su elektrik santralleri taraf\u0131ndan \u00fcretilen enerji fiyatlar\u0131 konusunda nihai karar al\u0131nmak \u00fczere olundu\u011funa dikkat \u00e7ekti. Ancak a\u00e7\u0131klamalar\u0131ndan anla\u015f\u0131ld\u0131\u011f\u0131na g\u00f6re \u015fu anda onlarla pazarl\u0131k edilmemektedir ve devlet taraf\u0131ndan santrallerin elektrik \u00fcretmedi\u011fi zaman i\u00e7in daha d\u00fc\u015f\u00fck bedel \u00f6demesinin yolu budur.<\/p><div id=\"bghab-2164474834\" class=\"bghab-icerik-icine bghab-entity-placement\"><script async src=\"\/\/pagead2.googlesyndication.com\/pagead\/js\/adsbygoogle.js?client=ca-pub-6203283170189293\" crossorigin=\"anonymous\"><\/script><ins class=\"adsbygoogle\" style=\"display:block; text-align:center;\" data-ad-client=\"ca-pub-6203283170189293\" \ndata-ad-slot=\"7303146466\" \ndata-ad-layout=\"in-article\"\ndata-ad-format=\"fluid\" data-full-width-responsive=\"true\"><\/ins>\n<script> \n(adsbygoogle = window.adsbygoogle || []).push({}); \n<\/script>\n<\/div>\n<p>&nbsp;<\/p>\n<p>K\u0131rcaali Haber<\/p>\n<div id=\"bghab-803246656\" class=\"bghab-yazi-altinda bghab-entity-placement\"><script async src=\"https:\/\/pagead2.googlesyndication.com\/pagead\/js\/adsbygoogle.js\"><\/script>\r\n<!-- bghaber-yaz\u0131-sonu -->\r\n<ins class=\"adsbygoogle\"\r\n     style=\"display:block\"\r\n     data-ad-client=\"ca-pub-6203283170189293\"\r\n     data-ad-slot=\"4222328180\"\r\n     data-ad-format=\"auto\"\r\n     data-full-width-responsive=\"true\"><\/ins>\r\n<script>\r\n     (adsbygoogle = window.adsbygoogle || []).push({});\r\n<\/script><\/div><br style=\"clear: both; display: block; float: none;\"\/>","protected":false},"excerpt":{"rendered":"<p>BTV\u2019ye konu\u015fan Meclis Enerji Komisyonu Ba\u015fkan\u0131 Deltan Dobrev, \u201cEnerji borsas\u0131nda i\u015flem g\u00f6ren elektri\u011fin fiyat\u0131, y\u0131l\u0131n ba\u015f\u0131ndan bu yana y\u00fczde 20 oran\u0131nda d\u00fc\u015ft\u00fc\u201d diye bildirdi. Aral\u0131k<\/p>\n","protected":false},"author":29,"featured_media":27222,"comment_status":"closed","ping_status":"closed","sticky":false,"template":"","format":"standard","meta":{"advanced_seo_description":"","jetpack_seo_html_title":"","jetpack_seo_noindex":false,"jetpack_seo_schema_type":"","_jetpack_newsletter_access":"","_jetpack_dont_email_post_to_subs":false,"_jetpack_newsletter_tier_id":0,"_jetpack_memberships_contains_paywalled_content":false,"_jetpack_feature_clip_id":0,"_jetpack_memberships_contains_paid_content":false,"footnotes":"","jetpack_post_was_ever_published":false},"categories":[9,1],"tags":[],"class_list":["post-27221","post","type-post","status-publish","format-standard","has-post-thumbnail","hentry","category-ekonomi","category-haberler"],"jetpack_sharing_enabled":true,"jetpack_likes_enabled":true,"jetpack-related-posts":[],"jetpack_shortlink":"https:\/\/wp.me\/pc2PfJ-753","jetpack_featured_media_url":"https:\/\/i0.wp.com\/www.bghaber.org\/bghaber\/wp-content\/uploads\/2018\/02\/Meclis-Enerji-Komisyonu-Ba%C5%9Fkan%C4%B1-Deltan-Dobrev.jpg?fit=527%2C373&ssl=1","_links":{"self":[{"href":"https:\/\/www.bghaber.org\/bghaber\/wp-json\/wp\/v2\/posts\/27221","targetHints":{"allow":["GET"]}}],"collection":[{"href":"https:\/\/www.bghaber.org\/bghaber\/wp-json\/wp\/v2\/posts"}],"about":[{"href":"https:\/\/www.bghaber.org\/bghaber\/wp-json\/wp\/v2\/types\/post"}],"author":[{"embeddable":true,"href":"https:\/\/www.bghaber.org\/bghaber\/wp-json\/wp\/v2\/users\/29"}],"replies":[{"embeddable":true,"href":"https:\/\/www.bghaber.org\/bghaber\/wp-json\/wp\/v2\/comments?post=27221"}],"version-history":[{"count":0,"href":"https:\/\/www.bghaber.org\/bghaber\/wp-json\/wp\/v2\/posts\/27221\/revisions"}],"wp:featuredmedia":[{"embeddable":true,"href":"https:\/\/www.bghaber.org\/bghaber\/wp-json\/wp\/v2\/media\/27222"}],"wp:attachment":[{"href":"https:\/\/www.bghaber.org\/bghaber\/wp-json\/wp\/v2\/media?parent=27221"}],"wp:term":[{"taxonomy":"category","embeddable":true,"href":"https:\/\/www.bghaber.org\/bghaber\/wp-json\/wp\/v2\/categories?post=27221"},{"taxonomy":"post_tag","embeddable":true,"href":"https:\/\/www.bghaber.org\/bghaber\/wp-json\/wp\/v2\/tags?post=27221"}],"curies":[{"name":"wp","href":"https:\/\/api.w.org\/{rel}","templated":true}]}}