{"id":27219,"date":"2018-02-14T20:00:06","date_gmt":"2018-02-14T17:00:06","guid":{"rendered":"http:\/\/www.bghaber.org\/bghaber\/?p=27219"},"modified":"2019-07-07T21:52:23","modified_gmt":"2019-07-07T19:52:23","slug":"dogum-kanser-e-recete-kayit-sistemleri-icin-ihaleler","status":"publish","type":"post","link":"https:\/\/www.bghaber.org\/bghaber\/dogum-kanser-e-recete-kayit-sistemleri-icin-ihaleler\/","title":{"rendered":"Do\u011fum, kanser ve e-re\u00e7ete kay\u0131t sistemleri i\u00e7in ihaleler"},"content":{"rendered":"<p>Bulgaristan Ulusal Televizyonu\u2019na (BNT) deme\u00e7 veren Sa\u011fl\u0131k Bakan Yard\u0131mc\u0131s\u0131 Jeni Na\u00e7eva,\u201dBu y\u0131l do\u011fum, kanser ve e-re\u00e7ete kay\u0131t sistemleri olu\u015fturulmas\u0131 i\u00e7in kamu ihaleleri ilan edilecek\u201d diye bildirdi.<\/p>\n<p>Bu \u00fc\u00e7 faaliyet, e-sa\u011fl\u0131k kart\u0131 projesinin bir par\u00e7as\u0131 ve hastanelerde \u00fccret \u00f6demelerinin daha iyi planlanmas\u0131na yard\u0131mc\u0131 olacakt\u0131r.<\/p>\n<p>Bakan Yard\u0131mc\u0131s\u0131, \u201cNisan ay\u0131ndan itibaren hastan\u0131n sa\u011fl\u0131k dosyas\u0131 daha dolgun olacak. Bu dosya, sadece klinik yollarla ilgili faaliyetleri de\u011fil, ayn\u0131 zamanda t\u0131bbi tan\u0131 testlerinin sonu\u00e7lar\u0131n\u0131 da kapsayacak\u201d dedi.<\/p>\n<p>Bu hafta Bulgaristan Hekimler Birli\u011fi ve Ulusal Sa\u011fl\u0131k Sigorta Kasas\u0131n\u0131n (NZOK) bu y\u0131lki Ulusal \u00c7er\u00e7eve S\u00f6zle\u015fmesi\u2019ni g\u00f6r\u00fc\u015fmesi bekleniyor. Na\u00e7eva, taraflar\u0131n belgeyi kabul etmesini umdu\u011funu belirtti.<\/p>\n<p>Bakan Yard\u0131mc\u0131s\u0131, \u201cBu y\u0131l Bakanl\u0131\u011f\u0131n \u00f6nceli\u011fi, ger\u00e7ekle\u015ftirilmeyen faaliyetlerin \u00fccretini \u00f6deme uygulamas\u0131n\u0131n ortadan kald\u0131r\u0131lmas\u0131 olacakt\u0131r\u201d diye g\u00fcvence verdi.<\/p><div id=\"bghab-668723922\" class=\"bghab-icerik-icine bghab-entity-placement\"><script async src=\"\/\/pagead2.googlesyndication.com\/pagead\/js\/adsbygoogle.js?client=ca-pub-6203283170189293\" crossorigin=\"anonymous\"><\/script><ins class=\"adsbygoogle\" style=\"display:block; text-align:center;\" data-ad-client=\"ca-pub-6203283170189293\" \ndata-ad-slot=\"7303146466\" \ndata-ad-layout=\"in-article\"\ndata-ad-format=\"fluid\" data-full-width-responsive=\"true\"><\/ins>\n<script> \n(adsbygoogle = window.adsbygoogle || []).push({}); \n<\/script>\n<\/div>\n<p>&nbsp;<\/p>\n<p>K\u0131rcaali Haber<\/p>\n<div id=\"bghab-2929262795\" class=\"bghab-yazi-altinda bghab-entity-placement\"><script async src=\"https:\/\/pagead2.googlesyndication.com\/pagead\/js\/adsbygoogle.js\"><\/script>\r\n<!-- bghaber-yaz\u0131-sonu -->\r\n<ins class=\"adsbygoogle\"\r\n     style=\"display:block\"\r\n     data-ad-client=\"ca-pub-6203283170189293\"\r\n     data-ad-slot=\"4222328180\"\r\n     data-ad-format=\"auto\"\r\n     data-full-width-responsive=\"true\"><\/ins>\r\n<script>\r\n     (adsbygoogle = window.adsbygoogle || []).push({});\r\n<\/script><\/div><br style=\"clear: both; display: block; float: none;\"\/>","protected":false},"excerpt":{"rendered":"<p>Bulgaristan Ulusal Televizyonu\u2019na (BNT) deme\u00e7 veren Sa\u011fl\u0131k Bakan Yard\u0131mc\u0131s\u0131 Jeni Na\u00e7eva,\u201dBu y\u0131l do\u011fum, kanser ve e-re\u00e7ete kay\u0131t sistemleri olu\u015fturulmas\u0131 i\u00e7in kamu ihaleleri ilan edilecek\u201d diye<\/p>\n","protected":false},"author":29,"featured_media":5368,"comment_status":"closed","ping_status":"closed","sticky":false,"template":"","format":"standard","meta":{"advanced_seo_description":"","jetpack_seo_html_title":"","jetpack_seo_noindex":false,"jetpack_seo_schema_type":"","_jetpack_newsletter_access":"","_jetpack_dont_email_post_to_subs":false,"_jetpack_newsletter_tier_id":0,"_jetpack_memberships_contains_paywalled_content":false,"_jetpack_feature_clip_id":0,"_jetpack_memberships_contains_paid_content":false,"footnotes":"","jetpack_post_was_ever_published":false},"categories":[1,7],"tags":[],"class_list":["post-27219","post","type-post","status-publish","format-standard","has-post-thumbnail","hentry","category-haberler","category-saglik-spor"],"jetpack_sharing_enabled":true,"jetpack_likes_enabled":true,"jetpack-related-posts":[],"jetpack_shortlink":"https:\/\/wp.me\/pc2PfJ-751","jetpack_featured_media_url":"https:\/\/i0.wp.com\/www.bghaber.org\/bghaber\/wp-content\/uploads\/2013\/08\/saglik-bakanligi.jpg?fit=375%2C249&ssl=1","_links":{"self":[{"href":"https:\/\/www.bghaber.org\/bghaber\/wp-json\/wp\/v2\/posts\/27219","targetHints":{"allow":["GET"]}}],"collection":[{"href":"https:\/\/www.bghaber.org\/bghaber\/wp-json\/wp\/v2\/posts"}],"about":[{"href":"https:\/\/www.bghaber.org\/bghaber\/wp-json\/wp\/v2\/types\/post"}],"author":[{"embeddable":true,"href":"https:\/\/www.bghaber.org\/bghaber\/wp-json\/wp\/v2\/users\/29"}],"replies":[{"embeddable":true,"href":"https:\/\/www.bghaber.org\/bghaber\/wp-json\/wp\/v2\/comments?post=27219"}],"version-history":[{"count":0,"href":"https:\/\/www.bghaber.org\/bghaber\/wp-json\/wp\/v2\/posts\/27219\/revisions"}],"wp:featuredmedia":[{"embeddable":true,"href":"https:\/\/www.bghaber.org\/bghaber\/wp-json\/wp\/v2\/media\/5368"}],"wp:attachment":[{"href":"https:\/\/www.bghaber.org\/bghaber\/wp-json\/wp\/v2\/media?parent=27219"}],"wp:term":[{"taxonomy":"category","embeddable":true,"href":"https:\/\/www.bghaber.org\/bghaber\/wp-json\/wp\/v2\/categories?post=27219"},{"taxonomy":"post_tag","embeddable":true,"href":"https:\/\/www.bghaber.org\/bghaber\/wp-json\/wp\/v2\/tags?post=27219"}],"curies":[{"name":"wp","href":"https:\/\/api.w.org\/{rel}","templated":true}]}}