{"id":27215,"date":"2018-02-14T19:09:39","date_gmt":"2018-02-14T16:09:39","guid":{"rendered":"http:\/\/www.bghaber.org\/bghaber\/?p=27215"},"modified":"2019-07-07T21:52:23","modified_gmt":"2019-07-07T19:52:23","slug":"ulusal-belediye-hastaneleri-dernegi-devleti-ayrimcilik-yapmakla-sucladi","status":"publish","type":"post","link":"https:\/\/www.bghaber.org\/bghaber\/ulusal-belediye-hastaneleri-dernegi-devleti-ayrimcilik-yapmakla-sucladi\/","title":{"rendered":"Ulusal Belediye Hastaneleri Derne\u011fi, devleti ayr\u0131mc\u0131l\u0131k yapmakla su\u00e7lad\u0131"},"content":{"rendered":"<p>Ulusal Belediye Hastaneleri Derne\u011fi, belediye hastanelerinin devlet taraf\u0131ndan ayr\u0131mc\u0131l\u0131\u011fa u\u011frad\u0131\u011f\u0131n\u0131 ileri s\u00fcrd\u00fc. Dernek, devleti, devlet hastanelerine daha fazla kaynak sa\u011flay\u0131p ilgi g\u00f6stererek, belediye hastanelerini iflasa s\u00fcr\u00fcklemekle su\u00e7lad\u0131.<\/p>\n<p>Belediye Hastaneleri Derne\u011fi Ba\u015fkan\u0131 Dr. Nedel\u00e7o Totev, doktorlar\u0131n ve vatanda\u015flar\u0131n bir ay \u00f6nce protestosuna sebep olan il\u00e7elerin sa\u011fl\u0131k sorunlar\u0131n\u0131 \u00e7\u00f6zmek konusunda devletten herhangi bir anlay\u0131\u015f g\u00f6sterilmedi\u011fini belirtti.<\/p>\n<p>Dernek, il\u00e7elerin sa\u011fl\u0131k sistemini kurtarmak i\u00e7in \u0131srarla devletten 30 milyon leval\u0131k maddi yard\u0131m talebinde bulunmak i\u00e7in ard\u0131 s\u0131ra Ulusal Sa\u011fl\u0131k Sigorta Kasas\u0131 (NZOK), Sa\u011fl\u0131k Bakanl\u0131\u011f\u0131 temsilcileri ve Meclis Sa\u011fl\u0131k Komisyonu \u00fcyeleriyle bir araya geldi. Dernek, belediye hastanelerinde en s\u0131k kullan\u0131lan klinik yollar\u0131n fiyatlar\u0131nda de\u011fi\u015fiklik taleplerinde bulundu.<\/p>\n<p>Son g\u00fcnlerde Sa\u011fl\u0131k Bakan\u0131 Kiril Ananiev, \u00fc\u00e7 ay i\u00e7inde yeni bir sa\u011fl\u0131k modelinin haz\u0131rlanaca\u011f\u0131n\u0131 ve daha sonra tart\u0131\u015fmak i\u00e7in kamuoyuna sunulaca\u011f\u0131n\u0131 a\u00e7\u0131klad\u0131.<\/p>\n<p>Bu, Ulusal Belediye Hastaneleri Derne\u011fi i\u00e7in b\u00fcy\u00fck bir endi\u015fe kayna\u011f\u0131 oldu.<\/p><div id=\"bghab-1577084605\" class=\"bghab-icerik-icine bghab-entity-placement\"><script async src=\"\/\/pagead2.googlesyndication.com\/pagead\/js\/adsbygoogle.js?client=ca-pub-6203283170189293\" crossorigin=\"anonymous\"><\/script><ins class=\"adsbygoogle\" style=\"display:block; text-align:center;\" data-ad-client=\"ca-pub-6203283170189293\" \ndata-ad-slot=\"7303146466\" \ndata-ad-layout=\"in-article\"\ndata-ad-format=\"fluid\" data-full-width-responsive=\"true\"><\/ins>\n<script> \n(adsbygoogle = window.adsbygoogle || []).push({}); \n<\/script>\n<\/div>\n<p>Dernek y\u00f6netiminden yap\u0131lan a\u00e7\u0131klamaya g\u00f6re, bu s\u00fcre \u00e7ok k\u0131sad\u0131r ve belediye hastaneleri iflas\u0131n e\u015fi\u011fine gelecektir.<\/p>\n<p>Bundan ba\u015fka klinik yollar\u0131n maliyetinde herhangi bir de\u011fi\u015fiklik olmayaca\u011f\u0131 anla\u015f\u0131ld\u0131.<\/p>\n<p>Doktorlar, belediye hastanelerinin bu \u00e7\u00f6k\u00fc\u015ften kurtulamayaca\u011f\u0131n\u0131 ve hem Ulusal Sa\u011fl\u0131k Kart\u0131\u2019n\u0131n, hem de sa\u011fl\u0131k standartlar\u0131n\u0131n tekrar uygulanmas\u0131n\u0131n onlar\u0131n iflas etmesine neden olaca\u011f\u0131n\u0131 d\u00fc\u015f\u00fcn\u00fcyorlar.<\/p>\n<p>&nbsp;<\/p>\n<p>K\u0131rcaali Haber<\/p>\n<div id=\"bghab-3489502867\" class=\"bghab-yazi-altinda bghab-entity-placement\"><script async src=\"https:\/\/pagead2.googlesyndication.com\/pagead\/js\/adsbygoogle.js\"><\/script>\r\n<!-- bghaber-yaz\u0131-sonu -->\r\n<ins class=\"adsbygoogle\"\r\n     style=\"display:block\"\r\n     data-ad-client=\"ca-pub-6203283170189293\"\r\n     data-ad-slot=\"4222328180\"\r\n     data-ad-format=\"auto\"\r\n     data-full-width-responsive=\"true\"><\/ins>\r\n<script>\r\n     (adsbygoogle = window.adsbygoogle || []).push({});\r\n<\/script><\/div><br style=\"clear: both; display: block; float: none;\"\/>","protected":false},"excerpt":{"rendered":"<p>Ulusal Belediye Hastaneleri Derne\u011fi, belediye hastanelerinin devlet taraf\u0131ndan ayr\u0131mc\u0131l\u0131\u011fa u\u011frad\u0131\u011f\u0131n\u0131 ileri s\u00fcrd\u00fc. Dernek, devleti, devlet hastanelerine daha fazla kaynak sa\u011flay\u0131p ilgi g\u00f6stererek, belediye hastanelerini iflasa<\/p>\n","protected":false},"author":29,"featured_media":25277,"comment_status":"closed","ping_status":"closed","sticky":false,"template":"","format":"standard","meta":{"advanced_seo_description":"","jetpack_seo_html_title":"","jetpack_seo_noindex":false,"jetpack_seo_schema_type":"","_jetpack_newsletter_access":"","_jetpack_dont_email_post_to_subs":false,"_jetpack_newsletter_tier_id":0,"_jetpack_memberships_contains_paywalled_content":false,"_jetpack_feature_clip_id":0,"_jetpack_memberships_contains_paid_content":false,"footnotes":"","jetpack_post_was_ever_published":false},"categories":[1,7],"tags":[],"class_list":["post-27215","post","type-post","status-publish","format-standard","has-post-thumbnail","hentry","category-haberler","category-saglik-spor"],"jetpack_sharing_enabled":true,"jetpack_likes_enabled":true,"jetpack-related-posts":[],"jetpack_shortlink":"https:\/\/wp.me\/pc2PfJ-74X","jetpack_featured_media_url":"https:\/\/i0.wp.com\/www.bghaber.org\/bghaber\/wp-content\/uploads\/2017\/12\/hastane-saglik-hemsire-doktor.jpg?fit=1000%2C578&ssl=1","_links":{"self":[{"href":"https:\/\/www.bghaber.org\/bghaber\/wp-json\/wp\/v2\/posts\/27215","targetHints":{"allow":["GET"]}}],"collection":[{"href":"https:\/\/www.bghaber.org\/bghaber\/wp-json\/wp\/v2\/posts"}],"about":[{"href":"https:\/\/www.bghaber.org\/bghaber\/wp-json\/wp\/v2\/types\/post"}],"author":[{"embeddable":true,"href":"https:\/\/www.bghaber.org\/bghaber\/wp-json\/wp\/v2\/users\/29"}],"replies":[{"embeddable":true,"href":"https:\/\/www.bghaber.org\/bghaber\/wp-json\/wp\/v2\/comments?post=27215"}],"version-history":[{"count":0,"href":"https:\/\/www.bghaber.org\/bghaber\/wp-json\/wp\/v2\/posts\/27215\/revisions"}],"wp:featuredmedia":[{"embeddable":true,"href":"https:\/\/www.bghaber.org\/bghaber\/wp-json\/wp\/v2\/media\/25277"}],"wp:attachment":[{"href":"https:\/\/www.bghaber.org\/bghaber\/wp-json\/wp\/v2\/media?parent=27215"}],"wp:term":[{"taxonomy":"category","embeddable":true,"href":"https:\/\/www.bghaber.org\/bghaber\/wp-json\/wp\/v2\/categories?post=27215"},{"taxonomy":"post_tag","embeddable":true,"href":"https:\/\/www.bghaber.org\/bghaber\/wp-json\/wp\/v2\/tags?post=27215"}],"curies":[{"name":"wp","href":"https:\/\/api.w.org\/{rel}","templated":true}]}}