{"id":27213,"date":"2018-02-14T18:09:23","date_gmt":"2018-02-14T15:09:23","guid":{"rendered":"http:\/\/www.bghaber.org\/bghaber\/?p=27213"},"modified":"2019-07-07T21:52:42","modified_gmt":"2019-07-07T19:52:42","slug":"bulgaristanin-egitim-emeklilik-sistemi-bankacilikta-reforma-ihtiyaci-var","status":"publish","type":"post","link":"https:\/\/www.bghaber.org\/bghaber\/bulgaristanin-egitim-emeklilik-sistemi-bankacilikta-reforma-ihtiyaci-var\/","title":{"rendered":"Bulgaristan\u2019\u0131n e\u011fitim, emeklilik sistemi ve bankac\u0131l\u0131kta reforma ihtiyac\u0131 var"},"content":{"rendered":"<p>Avrupa Birli\u011fi (AB) Komisyonu temsilcileri ve Bulgaristan Meclisi milletvekilleri aras\u0131nda yap\u0131lan toplant\u0131da Bulgaristan&#8217;\u0131n kesinlikle reforma ihtiyac\u0131 oldu\u011fu alanlar\u0131n e\u011fitim, emeklilik sistemi ve bankac\u0131l\u0131k sekt\u00f6r\u00fc oldu\u011fu belirtildi.<\/p>\n<p>Toplant\u0131da ele al\u0131nan \u00fc\u00e7 temel konu AB Ekonomik ve Parasal Birli\u011fini derinle\u015ftirmek i\u00e7in yol haritas\u0131, avroyu para birimi olarak kabul etmeyen, fakat Avro B\u00f6lgesine dahil olmak isteyen \u00fclkeler i\u00e7in mekanizma ve yak\u0131nsama ara\u00e7lar\u0131 ve 2021 &#8211; 2027 d\u00f6nemi i\u00e7in bir sonraki \u00c7ok Y\u0131ll\u0131k Mali \u00c7er\u00e7eve i\u00e7in teklifler oldu.<\/p>\n<p>Meclis B\u00fct\u00e7e ve Finans Komisyonu Ba\u015fkan\u0131 Menda Stoyanova\u2019n\u0131n ifadesine g\u00f6re Bulgaristan, AB Ekonomik ve Parasal Birli\u011fi&#8217;ni geli\u015ftirmek isteyen \u00fclkelerden biri ve bunun nas\u0131l olaca\u011f\u0131 konusunda net bir yol haritas\u0131na sahiptir. Menda Stoyanova, \u00fclkemizin \u00e7e\u015fitli Avrupa \u00fclkelerinin yak\u0131nla\u015fmas\u0131n\u0131 derinle\u015ftirece\u011fi i\u00e7in Avrupa Komisyonu taraf\u0131ndan \u00f6nerilen yeni belgeleri memnuniyetle kar\u015f\u0131lad\u0131\u011f\u0131n\u0131, ancak bu mekanizmalar\u0131n gelecekte nas\u0131l bir \u015fekilde \u00e7al\u0131\u015faca\u011f\u0131n\u0131 bilinmesinin g\u00fczel olaca\u011f\u0131n\u0131 s\u00f6yledi.<\/p>\n<p>AB \u0130\u015fleri ve AB Fonlar\u0131 Kontrol Komisyonu Ba\u015fkan\u0131 Kristiyan Vigenin, \u201cAvrupa Komisyonu ile ulusal parlamentolar aras\u0131nda aktif bir de\u011fi\u015fim olmas\u0131n\u0131 ve bunun sebeplerinden birinin AB Konseyi Bulgaristan D\u00f6nem Ba\u015fkanl\u0131\u011f\u0131 olmas\u0131n\u0131 memnuniyetle kar\u015f\u0131l\u0131yorum. Umar\u0131m bu politika gelecekte de s\u00fcrecektir\u201d diye konu\u015ftu. Kristiyan Vigenin, Bulgaristan, Avro B\u00f6lgesi&#8217;nde olmasa da avroya ba\u011fl\u0131 ve avroyla ilgili her ne olursa olsun, Bulgaristan\u2019\u0131 do\u011frudan etkiledi\u011fini belirtti.<\/p>\n<p>Ekonomik Politika ve Turizm Komisyonu Ba\u015fkan\u0131 Pet\u0131r K\u0131nev, AB Maliye Bakan\u0131&#8217;n\u0131n rol\u00fcn\u00fcn ne olaca\u011f\u0131 gibi \u00fclke i\u00e7in akt\u00fcel konular\u0131 g\u00fcndeme getirdi. Peter K\u0131nev&#8217;in ifadesine g\u00f6re Avrupa iyi durumda de\u011fil ve milletvekili bunun nedenlerinden biri olarak Brexit&#8217;i i\u015faret etti.<\/p><div id=\"bghab-1052185502\" class=\"bghab-icerik-icine bghab-entity-placement\"><script async src=\"\/\/pagead2.googlesyndication.com\/pagead\/js\/adsbygoogle.js?client=ca-pub-6203283170189293\" crossorigin=\"anonymous\"><\/script><ins class=\"adsbygoogle\" style=\"display:block; text-align:center;\" data-ad-client=\"ca-pub-6203283170189293\" \ndata-ad-slot=\"7303146466\" \ndata-ad-layout=\"in-article\"\ndata-ad-format=\"fluid\" data-full-width-responsive=\"true\"><\/ins>\n<script> \n(adsbygoogle = window.adsbygoogle || []).push({}); \n<\/script>\n<\/div>\n<p>Avrupa Komisyonu ve Millet Meclisi temsilcileri, \u00fclkenin Avrupa D\u00f6viz Kuru Mekanizmas\u0131-2 (ERM2)&#8217;ye kat\u0131l\u0131m \u015fartlar\u0131n\u0131 ve imkanlar\u0131n\u0131 g\u00f6r\u00fc\u015ft\u00fcler. Avrupa Komisyonu temsilcileri, e\u011fitim ve bankac\u0131l\u0131k sekt\u00f6rleri gibi hala reformlar\u0131n devam etmesi gereken alanlar oldu\u011funu, ancak kurum, Bulgaristan&#8217;\u0131n Avro B\u00f6lgesi \u00fcyeli\u011fine verdi\u011fi deste\u011fi defalarca beyan etti\u011fini belirtti.<\/p>\n<p>&nbsp;<\/p>\n<p>K\u0131rcaali Haber<\/p>\n<div id=\"bghab-4098480772\" class=\"bghab-yazi-altinda bghab-entity-placement\"><script async src=\"https:\/\/pagead2.googlesyndication.com\/pagead\/js\/adsbygoogle.js\"><\/script>\r\n<!-- bghaber-yaz\u0131-sonu -->\r\n<ins class=\"adsbygoogle\"\r\n     style=\"display:block\"\r\n     data-ad-client=\"ca-pub-6203283170189293\"\r\n     data-ad-slot=\"4222328180\"\r\n     data-ad-format=\"auto\"\r\n     data-full-width-responsive=\"true\"><\/ins>\r\n<script>\r\n     (adsbygoogle = window.adsbygoogle || []).push({});\r\n<\/script><\/div><br style=\"clear: both; display: block; float: none;\"\/>","protected":false},"excerpt":{"rendered":"<p>Avrupa Birli\u011fi (AB) Komisyonu temsilcileri ve Bulgaristan Meclisi milletvekilleri aras\u0131nda yap\u0131lan toplant\u0131da Bulgaristan&#8217;\u0131n kesinlikle reforma ihtiyac\u0131 oldu\u011fu alanlar\u0131n e\u011fitim, emeklilik sistemi ve bankac\u0131l\u0131k sekt\u00f6r\u00fc oldu\u011fu<\/p>\n","protected":false},"author":29,"featured_media":9975,"comment_status":"closed","ping_status":"closed","sticky":false,"template":"","format":"standard","meta":{"advanced_seo_description":"","jetpack_seo_html_title":"","jetpack_seo_noindex":false,"jetpack_seo_schema_type":"","_jetpack_newsletter_access":"","_jetpack_dont_email_post_to_subs":false,"_jetpack_newsletter_tier_id":0,"_jetpack_memberships_contains_paywalled_content":false,"_jetpack_feature_clip_id":0,"_jetpack_memberships_contains_paid_content":false,"footnotes":"","jetpack_post_was_ever_published":false},"categories":[1,4],"tags":[],"class_list":["post-27213","post","type-post","status-publish","format-standard","has-post-thumbnail","hentry","category-haberler","category-siyaset"],"jetpack_sharing_enabled":true,"jetpack_likes_enabled":true,"jetpack-related-posts":[],"jetpack_shortlink":"https:\/\/wp.me\/pc2PfJ-74V","jetpack_featured_media_url":"https:\/\/i0.wp.com\/www.bghaber.org\/bghaber\/wp-content\/uploads\/2014\/05\/un-flags.jpg?fit=630%2C330&ssl=1","_links":{"self":[{"href":"https:\/\/www.bghaber.org\/bghaber\/wp-json\/wp\/v2\/posts\/27213","targetHints":{"allow":["GET"]}}],"collection":[{"href":"https:\/\/www.bghaber.org\/bghaber\/wp-json\/wp\/v2\/posts"}],"about":[{"href":"https:\/\/www.bghaber.org\/bghaber\/wp-json\/wp\/v2\/types\/post"}],"author":[{"embeddable":true,"href":"https:\/\/www.bghaber.org\/bghaber\/wp-json\/wp\/v2\/users\/29"}],"replies":[{"embeddable":true,"href":"https:\/\/www.bghaber.org\/bghaber\/wp-json\/wp\/v2\/comments?post=27213"}],"version-history":[{"count":0,"href":"https:\/\/www.bghaber.org\/bghaber\/wp-json\/wp\/v2\/posts\/27213\/revisions"}],"wp:featuredmedia":[{"embeddable":true,"href":"https:\/\/www.bghaber.org\/bghaber\/wp-json\/wp\/v2\/media\/9975"}],"wp:attachment":[{"href":"https:\/\/www.bghaber.org\/bghaber\/wp-json\/wp\/v2\/media?parent=27213"}],"wp:term":[{"taxonomy":"category","embeddable":true,"href":"https:\/\/www.bghaber.org\/bghaber\/wp-json\/wp\/v2\/categories?post=27213"},{"taxonomy":"post_tag","embeddable":true,"href":"https:\/\/www.bghaber.org\/bghaber\/wp-json\/wp\/v2\/tags?post=27213"}],"curies":[{"name":"wp","href":"https:\/\/api.w.org\/{rel}","templated":true}]}}