{"id":27210,"date":"2018-02-14T18:07:25","date_gmt":"2018-02-14T15:07:25","guid":{"rendered":"http:\/\/www.bghaber.org\/bghaber\/?p=27210"},"modified":"2019-07-07T21:52:42","modified_gmt":"2019-07-07T19:52:42","slug":"kalp-hastasi-cocuklarin-ebeveynlerinden-protesto","status":"publish","type":"post","link":"https:\/\/www.bghaber.org\/bghaber\/kalp-hastasi-cocuklarin-ebeveynlerinden-protesto\/","title":{"rendered":"Kalp hastas\u0131 \u00e7ocuklar\u0131n ebeveynlerinden protesto"},"content":{"rendered":"<p>Bug\u00fcn Ba\u015fbakanl\u0131k konutu \u00f6n\u00fcnde toplanan kalp hastas\u0131 \u00e7ocuklar\u0131n ebeveynleri, Ulusal Kardiyoloji Hastanesi \u00c7ocuk Klini\u011fini desteklemek i\u00e7in protesto g\u00f6sterisi yapt\u0131. Ulusal Kardiyoloji Hastanesi \u00c7ocuk Klini\u011fi maddi imkan ve personel eksikli\u011fi nedeniyle iflas\u0131n e\u015fi\u011fine geldi.<\/p>\n<p>Protestocular\u0131n ifadesine g\u00f6re, klinik ger\u00e7ekten iflas\u0131n e\u015fi\u011finde ve faaliyetini durdurabilir ve bu durumda kalp rahats\u0131zl\u0131\u011f\u0131 olan \u00e7ocuklara hizmet verecek ba\u015fka klinik yoktur.<\/p>\n<p>Bulgaria ON AIR televizyon kanal\u0131na konu\u015fan protestocu bir ebeveyn, \u201cBu klinikte \u00e7al\u0131\u015fan harika uzmanlar\u0131m\u0131z var, fakat biz onlar\u0131 kaybetmek \u00fczereyiz. K\u00f6t\u00fc durumun su\u00e7lusunun m\u00fcd\u00fcr oldu\u011funu sanm\u0131yorum. Aksine, klinik prosed\u00fcrlerin maliyeti yanl\u0131\u015f hesaplanm\u0131\u015ft\u0131r\u201d dedi.<\/p>\n<p>Kad\u0131n, kimse dikkat etmedi\u011fi ve \u00fcstelik tedavi masraflar\u0131n\u0131 \u00e7o\u011fu insanlar\u0131n kar\u015f\u0131lama imkan\u0131 olmad\u0131\u011f\u0131 i\u00e7in bir ki\u015finin k\u00fc\u00e7\u00fck \u00e7ocu\u011funu tedavi edecek bir uzman aramak i\u00e7in yurtd\u0131\u015f\u0131na \u00e7\u0131kmas\u0131n\u0131n ger\u00e7ekten bir cehennem oldu\u011funu belirtti.<\/p>\n<p>Sa\u011fl\u0131k Bakanl\u0131\u011f\u0131, kesinlikle finansman sorunlar\u0131 bulunmad\u0131\u011f\u0131n\u0131 ve klini\u011fin kapat\u0131lmayaca\u011f\u0131n\u0131 a\u00e7\u0131klad\u0131. Sorunlar\u0131n, kaynaklar\u0131n hastanede da\u011f\u0131l\u0131m\u0131ndan kaynakland\u0131\u011f\u0131 belirtildi.<\/p><div id=\"bghab-2130456253\" class=\"bghab-icerik-icine bghab-entity-placement\"><script async src=\"\/\/pagead2.googlesyndication.com\/pagead\/js\/adsbygoogle.js?client=ca-pub-6203283170189293\" crossorigin=\"anonymous\"><\/script><ins class=\"adsbygoogle\" style=\"display:block; text-align:center;\" data-ad-client=\"ca-pub-6203283170189293\" \ndata-ad-slot=\"7303146466\" \ndata-ad-layout=\"in-article\"\ndata-ad-format=\"fluid\" data-full-width-responsive=\"true\"><\/ins>\n<script> \n(adsbygoogle = window.adsbygoogle || []).push({}); \n<\/script>\n<\/div>\n<p>D\u00fcn Sa\u011fl\u0131k Bakan Yard\u0131mc\u0131s\u0131 Jeni Na\u00e7eva, klini\u011fin \u00fclkeye \u00f6zg\u00fc oldu\u011funu ve Sa\u011fl\u0131k Bakanl\u0131\u011f\u0131&#8217;n\u0131n onun kapanmas\u0131na izin vermeyece\u011fini belirtti.<\/p>\n<p>Na\u00e7eva\u2019n\u0131n ifadelerine g\u00f6re sorunlar hastanede g\u00f6revli personelin ve bak\u0131m\u0131 i\u00e7in sa\u011flanan mali kaynaklar\u0131n yeniden yap\u0131land\u0131r\u0131lmas\u0131yla \u00e7\u00f6z\u00fclebilir.<\/p>\n<p>Ulusal Kardiyoloji Hastanesi, do\u011fu\u015ftan kalp hastal\u0131klar\u0131 olan \u00e7ocuklar i\u00e7in kapsaml\u0131 bak\u0131m sa\u011flayan \u00fclkedeki tek tedavi kurumudur. Her y\u0131l bu hastanede 900 \u00e7ocuk yat\u0131yor, 250&#8217;si ameliyat ediliyor, 10 000&#8217;in \u00fczerinde \u00e7ocuk ise g\u00f6zetim alt\u0131nda tutuluyor.<\/p>\n<p>Ge\u00e7ti\u011fimiz hafta klinikten yap\u0131lan a\u00e7\u0131klamada para ve personel eksikli\u011fi y\u00fcz\u00fcnden klini\u011fin kapatabilece\u011fine dair uyar\u0131da bulunuldu.<\/p>\n<p>&nbsp;<\/p>\n<p>K\u0131rcaali Haber<\/p><div id=\"bghab-4052371083\" class=\"bghab-icerik-icine-10-paragraf bghab-entity-placement\"><script async src=\"\/\/pagead2.googlesyndication.com\/pagead\/js\/adsbygoogle.js?client=ca-pub-6203283170189293\" crossorigin=\"anonymous\"><\/script><ins class=\"adsbygoogle\" style=\"display:block; text-align:center;\" data-ad-client=\"ca-pub-6203283170189293\" \ndata-ad-slot=\"7303146466\" \ndata-ad-layout=\"in-article\"\ndata-ad-format=\"fluid\" data-full-width-responsive=\"true\"><\/ins>\n<script> \n(adsbygoogle = window.adsbygoogle || []).push({}); \n<\/script>\n<\/div>\n<div id=\"bghab-3326369858\" class=\"bghab-yazi-altinda bghab-entity-placement\"><script async src=\"https:\/\/pagead2.googlesyndication.com\/pagead\/js\/adsbygoogle.js\"><\/script>\r\n<!-- bghaber-yaz\u0131-sonu -->\r\n<ins class=\"adsbygoogle\"\r\n     style=\"display:block\"\r\n     data-ad-client=\"ca-pub-6203283170189293\"\r\n     data-ad-slot=\"4222328180\"\r\n     data-ad-format=\"auto\"\r\n     data-full-width-responsive=\"true\"><\/ins>\r\n<script>\r\n     (adsbygoogle = window.adsbygoogle || []).push({});\r\n<\/script><\/div><br style=\"clear: both; display: block; float: none;\"\/>","protected":false},"excerpt":{"rendered":"<p>Bug\u00fcn Ba\u015fbakanl\u0131k konutu \u00f6n\u00fcnde toplanan kalp hastas\u0131 \u00e7ocuklar\u0131n ebeveynleri, Ulusal Kardiyoloji Hastanesi \u00c7ocuk Klini\u011fini desteklemek i\u00e7in protesto g\u00f6sterisi yapt\u0131. Ulusal Kardiyoloji Hastanesi \u00c7ocuk Klini\u011fi maddi<\/p>\n","protected":false},"author":29,"featured_media":27211,"comment_status":"closed","ping_status":"closed","sticky":false,"template":"","format":"standard","meta":{"advanced_seo_description":"","jetpack_seo_html_title":"","jetpack_seo_noindex":false,"jetpack_seo_schema_type":"","_jetpack_newsletter_access":"","_jetpack_dont_email_post_to_subs":false,"_jetpack_newsletter_tier_id":0,"_jetpack_memberships_contains_paywalled_content":false,"_jetpack_feature_clip_id":0,"_jetpack_memberships_contains_paid_content":false,"footnotes":"","jetpack_post_was_ever_published":false},"categories":[7],"tags":[],"class_list":["post-27210","post","type-post","status-publish","format-standard","has-post-thumbnail","hentry","category-saglik-spor"],"jetpack_sharing_enabled":true,"jetpack_likes_enabled":true,"jetpack-related-posts":[],"jetpack_shortlink":"https:\/\/wp.me\/pc2PfJ-74S","jetpack_featured_media_url":"https:\/\/i0.wp.com\/www.bghaber.org\/bghaber\/wp-content\/uploads\/2018\/02\/kalp-bebek-hastalik.jpg?fit=610%2C301&ssl=1","_links":{"self":[{"href":"https:\/\/www.bghaber.org\/bghaber\/wp-json\/wp\/v2\/posts\/27210","targetHints":{"allow":["GET"]}}],"collection":[{"href":"https:\/\/www.bghaber.org\/bghaber\/wp-json\/wp\/v2\/posts"}],"about":[{"href":"https:\/\/www.bghaber.org\/bghaber\/wp-json\/wp\/v2\/types\/post"}],"author":[{"embeddable":true,"href":"https:\/\/www.bghaber.org\/bghaber\/wp-json\/wp\/v2\/users\/29"}],"replies":[{"embeddable":true,"href":"https:\/\/www.bghaber.org\/bghaber\/wp-json\/wp\/v2\/comments?post=27210"}],"version-history":[{"count":0,"href":"https:\/\/www.bghaber.org\/bghaber\/wp-json\/wp\/v2\/posts\/27210\/revisions"}],"wp:featuredmedia":[{"embeddable":true,"href":"https:\/\/www.bghaber.org\/bghaber\/wp-json\/wp\/v2\/media\/27211"}],"wp:attachment":[{"href":"https:\/\/www.bghaber.org\/bghaber\/wp-json\/wp\/v2\/media?parent=27210"}],"wp:term":[{"taxonomy":"category","embeddable":true,"href":"https:\/\/www.bghaber.org\/bghaber\/wp-json\/wp\/v2\/categories?post=27210"},{"taxonomy":"post_tag","embeddable":true,"href":"https:\/\/www.bghaber.org\/bghaber\/wp-json\/wp\/v2\/tags?post=27210"}],"curies":[{"name":"wp","href":"https:\/\/api.w.org\/{rel}","templated":true}]}}