{"id":27207,"date":"2018-02-14T16:43:20","date_gmt":"2018-02-14T13:43:20","guid":{"rendered":"http:\/\/www.bghaber.org\/bghaber\/?p=27207"},"modified":"2019-07-07T21:52:42","modified_gmt":"2019-07-07T19:52:42","slug":"bulgarsitana-17-yeni-tunel-projesi-geliyor","status":"publish","type":"post","link":"https:\/\/www.bghaber.org\/bghaber\/bulgarsitana-17-yeni-tunel-projesi-geliyor\/","title":{"rendered":"Bulgarsitan&#8217;a 17 yeni t\u00fcnel projesi geliyor"},"content":{"rendered":"<p>NOVA televizyonuna konu\u015fan B\u00f6lgesel Kalk\u0131nma ve Bay\u0131nd\u0131rl\u0131k Bakan\u0131 Nikolay Nankov,\u201d\u0130n\u015faat, tasar\u0131m ve planlama a\u015famas\u0131nda olan 17 yeni t\u00fcnel proje \u00fczerinde \u00e7al\u0131\u015f\u0131yoruz\u201d diye bildirdi.<\/p>\n<p>Nankov, \u201cBu t\u00fcnellerin baz\u0131lar\u0131 \u015fu anda in\u015faat halinde, baz\u0131 t\u00fcnel projelerinin tasar\u0131m\u0131 yap\u0131l\u0131yor, baz\u0131lar\u0131n\u0131n ise \u00f6n proje \u00e7al\u0131\u015fmalar\u0131 yap\u0131lmaktad\u0131r. Onlar\u0131n 8\u2019si Struma Otoyolu \u00fczerinde bulunuyor. \u015eu anda Kresna Ge\u00e7idi\u2019nden ge\u00e7en otoyol kesimine ili\u015fkin projenin se\u00e7ilen versiyonunda 5 k\u00fc\u00e7\u00fck t\u00fcnel in\u015fa edilmesi \u00f6ng\u00f6r\u00fcl\u00fcyor. Rus\u00e7uk-Veliko T\u0131rnovo otoyolunda ise 6 yeni t\u00fcnel in\u015fa edilecek\u201d diye belirtti.<\/p>\n<p>Bakan, bu 17 t\u00fcnelin ne kadar s\u00fcrede haz\u0131r olaca\u011f\u0131n\u0131 da a\u00e7\u0131kland\u0131. Nankov, \u201cEn son olarak Kresna Ge\u00e7idi\u2019nden ge\u00e7en otoyol kesiminde in\u015fa edilecek t\u00fcneller 2023 y\u0131l\u0131nda haz\u0131r olacak. Daha a\u011f\u0131r olan konu 34 t\u00fcnelin onar\u0131m\u0131d\u0131r. Onlar, a\u015famal\u0131 olarak tamir ediliyor\u201d diye a\u00e7\u0131klad\u0131.<\/p>\n<p>Sofya-Kalotina otoyolunun in\u015fas\u0131 ile ilgili Bakan, \u015fu anda m\u00fcteahhit firma se\u00e7imine ili\u015fkin ihale i\u015flemlerinin s\u00fcrd\u00fc\u011f\u00fcn\u00fc s\u00f6yledi.<\/p>\n<p>Nankov, \u201cBir ay i\u00e7inde ihale prosed\u00fcrlerini tamamlayaca\u011f\u0131z. \u015eik\u00e2yet yoksa, bu y\u0131l projeyi uygulamaya ba\u015fl\u0131yoruz ve 2 y\u0131l i\u00e7inde haz\u0131r olaca\u011f\u0131z\u201d diye kaydetti.<\/p><div id=\"bghab-2031978010\" class=\"bghab-icerik-icine bghab-entity-placement\"><script async src=\"\/\/pagead2.googlesyndication.com\/pagead\/js\/adsbygoogle.js?client=ca-pub-6203283170189293\" crossorigin=\"anonymous\"><\/script><ins class=\"adsbygoogle\" style=\"display:block; text-align:center;\" data-ad-client=\"ca-pub-6203283170189293\" \ndata-ad-slot=\"7303146466\" \ndata-ad-layout=\"in-article\"\ndata-ad-format=\"fluid\" data-full-width-responsive=\"true\"><\/ins>\n<script> \n(adsbygoogle = window.adsbygoogle || []).push({}); \n<\/script>\n<\/div>\n<p>Bakan\u2019\u0131n ifadelerine g\u00f6re y\u0131l ortas\u0131na kadar Vidin-Rujintsi aras\u0131nda in\u015fa edilecek bir otoyol i\u00e7in kamu ihalesi ba\u015flayacak. Nankov,\u201d Tekrar aceleyle \u00e7al\u0131\u015ft\u0131k ve en zorlu olan Botevgrad-Mezdra aras\u0131ndaki yol kesimine ili\u015fkin kamu ihalesini 1 ay erken ba\u015flataca\u011f\u0131z\u201d dedi.<\/p>\n<p>&nbsp;<\/p>\n<p>K\u0131rcaali Haber<\/p>\n<div id=\"bghab-2862090515\" class=\"bghab-yazi-altinda bghab-entity-placement\"><script async src=\"https:\/\/pagead2.googlesyndication.com\/pagead\/js\/adsbygoogle.js\"><\/script>\r\n<!-- bghaber-yaz\u0131-sonu -->\r\n<ins class=\"adsbygoogle\"\r\n     style=\"display:block\"\r\n     data-ad-client=\"ca-pub-6203283170189293\"\r\n     data-ad-slot=\"4222328180\"\r\n     data-ad-format=\"auto\"\r\n     data-full-width-responsive=\"true\"><\/ins>\r\n<script>\r\n     (adsbygoogle = window.adsbygoogle || []).push({});\r\n<\/script><\/div><br style=\"clear: both; display: block; float: none;\"\/>","protected":false},"excerpt":{"rendered":"<p>NOVA televizyonuna konu\u015fan B\u00f6lgesel Kalk\u0131nma ve Bay\u0131nd\u0131rl\u0131k Bakan\u0131 Nikolay Nankov,\u201d\u0130n\u015faat, tasar\u0131m ve planlama a\u015famas\u0131nda olan 17 yeni t\u00fcnel proje \u00fczerinde \u00e7al\u0131\u015f\u0131yoruz\u201d diye bildirdi. Nankov, \u201cBu<\/p>\n","protected":false},"author":29,"featured_media":3590,"comment_status":"closed","ping_status":"closed","sticky":false,"template":"","format":"standard","meta":{"advanced_seo_description":"","jetpack_seo_html_title":"","jetpack_seo_noindex":false,"jetpack_seo_schema_type":"","_jetpack_newsletter_access":"","_jetpack_dont_email_post_to_subs":false,"_jetpack_newsletter_tier_id":0,"_jetpack_memberships_contains_paywalled_content":false,"_jetpack_feature_clip_id":0,"_jetpack_memberships_contains_paid_content":false,"footnotes":"","jetpack_post_was_ever_published":false},"categories":[4],"tags":[],"class_list":["post-27207","post","type-post","status-publish","format-standard","has-post-thumbnail","hentry","category-siyaset"],"jetpack_sharing_enabled":true,"jetpack_likes_enabled":true,"jetpack-related-posts":[],"jetpack_shortlink":"https:\/\/wp.me\/pc2PfJ-74P","jetpack_featured_media_url":"https:\/\/i0.wp.com\/www.bghaber.org\/bghaber\/wp-content\/uploads\/2013\/07\/nikolay-kokinov.jpg?fit=500%2C290&ssl=1","_links":{"self":[{"href":"https:\/\/www.bghaber.org\/bghaber\/wp-json\/wp\/v2\/posts\/27207","targetHints":{"allow":["GET"]}}],"collection":[{"href":"https:\/\/www.bghaber.org\/bghaber\/wp-json\/wp\/v2\/posts"}],"about":[{"href":"https:\/\/www.bghaber.org\/bghaber\/wp-json\/wp\/v2\/types\/post"}],"author":[{"embeddable":true,"href":"https:\/\/www.bghaber.org\/bghaber\/wp-json\/wp\/v2\/users\/29"}],"replies":[{"embeddable":true,"href":"https:\/\/www.bghaber.org\/bghaber\/wp-json\/wp\/v2\/comments?post=27207"}],"version-history":[{"count":0,"href":"https:\/\/www.bghaber.org\/bghaber\/wp-json\/wp\/v2\/posts\/27207\/revisions"}],"wp:featuredmedia":[{"embeddable":true,"href":"https:\/\/www.bghaber.org\/bghaber\/wp-json\/wp\/v2\/media\/3590"}],"wp:attachment":[{"href":"https:\/\/www.bghaber.org\/bghaber\/wp-json\/wp\/v2\/media?parent=27207"}],"wp:term":[{"taxonomy":"category","embeddable":true,"href":"https:\/\/www.bghaber.org\/bghaber\/wp-json\/wp\/v2\/categories?post=27207"},{"taxonomy":"post_tag","embeddable":true,"href":"https:\/\/www.bghaber.org\/bghaber\/wp-json\/wp\/v2\/tags?post=27207"}],"curies":[{"name":"wp","href":"https:\/\/api.w.org\/{rel}","templated":true}]}}