{"id":27205,"date":"2018-02-14T13:21:44","date_gmt":"2018-02-14T10:21:44","guid":{"rendered":"http:\/\/www.bghaber.org\/bghaber\/?p=27205"},"modified":"2018-02-14T18:25:23","modified_gmt":"2018-02-14T15:25:23","slug":"dogansiz-mestansiz-birlesme","status":"publish","type":"post","link":"https:\/\/www.bghaber.org\/bghaber\/dogansiz-mestansiz-birlesme\/","title":{"rendered":"Do\u011fan\u2019s\u0131z, Mestan\u2019s\u0131z Birle\u015fme"},"content":{"rendered":"<p>\u015eakir ARSLANTA\u015e<\/p>\n<p>Tarih: 13 \u015eubat 2018<\/p>\n<p>Konu:\u00a0\u00a0 <strong>Yer \u00fcf\u00fcrd\u00fc, yel g\u00f6t\u00fcrd\u00fc.<\/strong><\/p>\n<p>Be\u015f y\u0131ldan beri, 2013\u2019ten bu yana Bulgaristan M\u00fcsl\u00fcmanlar\u0131n\u0131n yeni bir siyasi parti i\u00e7in m\u00fccadele etti\u011fini g\u00f6r\u00fcyoruz ve yaz\u0131yoruz. Bu partinin omurgas\u0131 ve \u00f6nc\u00fcs\u00fc yine T\u00fcrk toplulu\u011fu olmal\u0131d\u0131r. Siyasi birikimler buna i\u015faret ediyor.<\/p>\n<p>Yeni uyan\u0131\u015f ve direni\u015f ilk \u00f6nce Ahmet Do\u011fan\u2019s\u0131z yeni bir siyasi hareket i\u00e7in ba\u015flad\u0131 ve g\u00fc\u00e7 topluyor. Ahmet Do\u011fan\u2019\u0131n Bulgaristan M\u00fcsl\u00fcmanlar\u0131n\u0131n i\u00e7inden gelmedi\u011fini, mayas\u0131ndan olmad\u0131\u011f\u0131n\u0131, bize d\u00fc\u015fman g\u00fc\u00e7lere hizmet etti\u011fini, insanlar\u0131m\u0131z\u0131n Avrupa k\u0131tas\u0131n\u0131n en yoksul ve cahil, bi\u00e7are az\u0131nl\u0131\u011f\u0131 olmas\u0131na neden oldu\u011funu g\u00f6rmeyen, i\u015fitmeyen kalmad\u0131.<\/p><div id=\"bghab-3204701419\" class=\"bghab-icerik-icine bghab-entity-placement\"><script async src=\"\/\/pagead2.googlesyndication.com\/pagead\/js\/adsbygoogle.js?client=ca-pub-6203283170189293\" crossorigin=\"anonymous\"><\/script><ins class=\"adsbygoogle\" style=\"display:block; text-align:center;\" data-ad-client=\"ca-pub-6203283170189293\" \ndata-ad-slot=\"7303146466\" \ndata-ad-layout=\"in-article\"\ndata-ad-format=\"fluid\" data-full-width-responsive=\"true\"><\/ins>\n<script> \n(adsbygoogle = window.adsbygoogle || []).push({}); \n<\/script>\n<\/div>\n<p>Bug\u00fcn Bulgaristan\u2019da hukukun \u00fcst\u00fcnl\u00fc\u011f\u00fc ve adaletin tecellisi olsayd\u0131 bu \u201c\u015fahs\u0131n\u201d hapiste olmas\u0131 gerekirdi. Oysa, y\u0131ll\u0131k masraf\u0131 2 milyon leva olan korumalarla korunarak, \u00f6zel \u015fatolarda ya\u015fat\u0131l\u0131yor. Neden siye sorsan\u0131za! Ba\u015fkalar\u0131na hizmet etti\u011fi, bizi satt\u0131\u011f\u0131 i\u00e7in. Bunun ba\u015fka bir yan\u0131t\u0131 yoktur ve olamaz.<\/p>\n<p>Baz\u0131 \u00e7evreler,\u00a0 yabanc\u0131 bankalarda 1 milyon levadan fazla paras\u0131 olanlar, ka\u00e7ak\u00e7\u0131 oldu\u011fu i\u00e7in, perde ard\u0131ndaki g\u00fc\u00e7lere hizmeti ne olursa olsun, devlet taraf\u0131ndan korunmamas\u0131n\u0131, korumalar\u0131n\u0131n kald\u0131r\u0131lmas\u0131n\u0131, korkuyorlarsa, \u00f6zel koruma \u015firketlerine \u00f6desinler ve kendilerini ve ailelerini korutsunlar, \u00f6nerisinde bulundular. Bunu biz de istiyoruz. Halk\u0131na kar\u015f\u0131 \u00e7al\u0131\u015fan bir ki\u015finin, devlete hizmeti hizmetten say\u0131lmamal\u0131d\u0131r. A.Do\u011fan\u2019\u0131n korumas\u0131na \u00f6denen 2 miliyon leva yetim M\u00fcsl\u00fcman \u00e7ocuklar\u0131na yard\u0131m olarak da\u011f\u0131t\u0131l\u015fmal\u0131d\u0131r. Bu para halk\u0131m\u0131z\u0131n paras\u0131d\u0131r. Ancak \u201ckarde\u015flerimiz\u201d Bulgar milliyet\u00e7ileri bir \u201cT\u00fcrk\u201de Bulgar halk\u0131n\u0131n vergileriyle b\u00f6yle bonk\u00f6rce masraf yap\u0131lmas\u0131n\u0131n i\u00e7lerine nas\u0131l sindirebiliyorlar.<\/p>\n<p>***<\/p>\n<p>11 \u015eubat 2018 g\u00fcn\u00fc, Rumeli G\u00f6\u00e7menleri Konfederasyonunun fahri Ba\u015fkan\u0131 Turhan Gen\u00e7o\u011flu\u2019nun T\u00fcrkiye\/ Bursa\u2019da BAL-G\u00d6\u00c7 etiketi alt\u0131nda \u00e7a\u011f\u0131rd\u0131\u011f\u0131 bulu\u015fma g\u00fcya \u201c<strong>birle\u015fme<\/strong>\u201d y\u00f6n\u00fcnde, fakat tamamen anlams\u0131z bir ad\u0131md\u0131.<\/p>\n<p>Biz bu forumu, Bulgaristan M\u00fcsl\u00fcmanlar\u0131n\u0131n d\u0131\u015f\u0131nda baz\u0131 hesaplarla \u00e7a\u011fr\u0131ld\u0131\u011f\u0131 g\u00f6r\u00fc\u015f\u00fcndeyiz. Bir diyet B\u0130LD\u0130R\u0130S\u0130 d\u0131\u015f\u0131nda hi\u00e7bir sonu\u00e7 vermemesi, buna kesin kan\u0131tt\u0131r. Haber kaynaklar\u0131n\u0131n (<strong>H\u00d6H ve DOST Birle\u015fme Yolunda<\/strong>) haberleri ba\u015ftan sona yalan-yanl\u0131\u015ft\u0131r. Zaman H\u00d6H ve DOST partilerinin birbirlerine yak\u0131nla\u015ft\u0131rarak tozla\u015ft\u0131rma zaman\u0131 de\u011fil, <strong>bu iki partinin ikisine de siyasi y\u00f6netim olarak k\u00f6kten kesip k\u0131\u015f\u0131n ate\u015f tutu\u015fturmak i\u00e7in odunlu\u011fa atma zaman\u0131d\u0131r.<\/strong><\/p><div id=\"bghab-3610388831\" class=\"bghab-icerik-icine-10-paragraf bghab-entity-placement\"><script async src=\"\/\/pagead2.googlesyndication.com\/pagead\/js\/adsbygoogle.js?client=ca-pub-6203283170189293\" crossorigin=\"anonymous\"><\/script><ins class=\"adsbygoogle\" style=\"display:block; text-align:center;\" data-ad-client=\"ca-pub-6203283170189293\" \ndata-ad-slot=\"7303146466\" \ndata-ad-layout=\"in-article\"\ndata-ad-format=\"fluid\" data-full-width-responsive=\"true\"><\/ins>\n<script> \n(adsbygoogle = window.adsbygoogle || []).push({}); \n<\/script>\n<\/div>\n<p><strong>***<\/strong><\/p>\n<p>Bursa\u2019ya 33 ki\u015fi toplanm\u0131\u015flar. Tam da, s\u00f6zde 4 Ocak 1990\u2019da Ahmet Do\u011fan\u2019\u0131n Varda\u2019da 33 hapis\u00e7i-hain ajan toplad\u0131\u011f\u0131 gibi, sonra da hepsine birer deste para verip, \u201c<strong>ben sizi arayana kadar susun, hi\u00e7 kimseye hi\u00e7 bir \u015fey s\u00f6ylemeyin, ben ne dersem odur!<\/strong>\u201d dedi\u011fi gibi bir \u015fey oldu.<\/p>\n<p>Kim kimi temsil ediyor? \u00d6l\u00fc dernek\u00e7ilikle siyasi particilik aras\u0131nda da\u011flar kadar fark vard\u0131r. O bulu\u015fmaya giden, ya\u015f\u0131n\u0131 i\u00e7ine kertmi\u015f a\u011fabeyleri anlamak istesem de isteyemiyorum. Gen\u00e7liklerine d\u00f6nmek istiyorlar galiba&#8230; E\u011fer bu Bursa bulu\u015fmas\u0131ndan Bulgaristan T\u00fcrkleri lehinde herhangi bir \u015feycik \u00e7\u0131karsa, yer yerinden oynar. <strong>Bu gibi bulu\u015fmalara gidip de vakit kaybedenlerin yedi\u011fi haram, giydi\u011fi ziyand\u0131r, bu b\u00f6yle biline.<\/strong><\/p>\n<p>***<\/p>\n<p>Bir defa, Bursa bulu\u015fmas\u0131na gidenlerin Bulgaristan T\u00fcrkleri ve t\u00fcm M\u00fcsl\u00fcmanlar\u0131 uyan\u0131\u015f, dirili\u015f ve direni\u015f hareketi i\u00e7inde kaynamam\u0131\u015f, \u00e7o\u011fonun hareketin \u00f6z\u00fcnden gelmeyen ki\u015filer oldu\u011funu yay\u0131nlanan kat\u0131l\u0131mc\u0131 listede g\u00f6r\u00fcyoruz. Devrimci ruhu ta\u015f\u0131mak i\u00e7in \u201c<strong>Beleneci<\/strong>\u201d olmak yetmez, kom\u00fcnist olmak da engel de\u011fildir, \u00f6nemli olan <strong>d\u00f6nek<\/strong> (renegat) olmamakt\u0131r. \u00c7\u00fcnk\u00fc d\u00f6neklik ta\u015f\u0131y\u0131c\u0131 olma, halk kitlelerini kucaklay\u0131c\u0131 olma, kendi menfaatleri i\u00e7in, de\u011fil dava i\u00e7in ya\u015fama ve sava\u015fma vas\u0131flar\u0131n\u0131 yitirmi\u015f ki\u015filerdir. S\u00fcr\u00fckleyicilik, yol g\u00f6stericilik gelece\u011fin niteliklerine sahip de\u011fildirler.<\/p><div id=\"bghab-349113726\" class=\"bghab-icerik-icine-15-paragraf bghab-entity-placement\"><script async src=\"\/\/pagead2.googlesyndication.com\/pagead\/js\/adsbygoogle.js?client=ca-pub-6203283170189293\" crossorigin=\"anonymous\"><\/script><ins class=\"adsbygoogle\" style=\"display:block; text-align:center;\" data-ad-client=\"ca-pub-6203283170189293\" \ndata-ad-slot=\"7303146466\" \ndata-ad-layout=\"in-article\"\ndata-ad-format=\"fluid\" data-full-width-responsive=\"true\"><\/ins>\n<script> \n(adsbygoogle = window.adsbygoogle || []).push({}); \n<\/script>\n<\/div>\n<p>&nbsp;<\/p>\n<p>Bursa bulu\u015fmas\u0131na, \u00f6ze\u015f ve gizlice de olsa \u00a0DOST Genel Ba\u015fkan\u0131 s\u0131fat\u0131yla L\u00fctfi Mestan\u2019\u0131n da gitmesi ise, onun \u201c<strong>d\u00f6ne<\/strong>k\u201d (ama f\u0131r\u0131ldak gibi d\u00f6nek) , \u201c<strong>i\u015fe yaramaz<\/strong>\u201d, \u201c<strong>y\u00fcreklendirici olmaktan korkan<\/strong>\u201d bir vasfa sahip oldu\u011funu,\u00a0 bir daha kan\u0131tlam\u0131\u015ft\u0131r. Onun, arkas\u0131ndan y\u00fcr\u00fcnmez bir ki\u015fi oldu\u011funu art\u0131k herkes g\u00f6rebilmi\u015ftir.<\/p>\n<p>Bu bak\u0131ma, yaz\u0131k olmu\u015f, \u00e7\u00fcnk\u00fc Bulgaristan\u2019da k\u00f6y ve belediyelerdeki DOST-\u00e7ular\u00a0 \u201c<strong>Bursa Birle\u015fme Bulu\u015fmas\u0131na<\/strong>\u201d gitmek istemediklerini, Ahmet Do\u011fan, menta Dan\u00e7o ve para aklay\u0131c\u0131 Biserov, kazanc\u0131n\u0131n nereden kaynakland\u0131\u011f\u0131 bilinmeyen Peevski gibi sicili hapis ko\u011fu\u015funa el atan r\u00fc\u015fvet\u00e7i ve doland\u0131r\u0131c\u0131lar\u0131n \u201c<strong>partisine<\/strong>\u201d d\u00f6nmek i\u00e7in dilek\u00e7e yazacak, kap\u0131s\u0131na gidip Ahmet Do\u011fan haininin elini \u00f6pecek, \u00f6z\u00fcr dileyecek <strong>BULGAR\u0130STAN\u2019DA T\u00dcRK OLAN B\u0130R T\u00dcRK YOKTUR<\/strong>!<\/p>\n<ol>\n<li>Mestan bu ger\u00e7e\u011fi kendi g\u00f6zleriyle g\u00f6r\u00fcp de\u011ferlendiremedi. Diyecek s\u00f6z\u00fcm\u00fcz kalmad\u0131! G\u00fcn gelir birle\u015firsek, H\u00d6H partisinden a\u015f\u0131rd\u0131\u011f\u0131 t\u00fcm paralar\u0131n hepsinin hesab\u0131n\u0131 vermek zorundad\u0131rlar. Bunlar bizim namusumuzu be\u015f paral\u0131k ettiler. Bu zihniyete hizmet ederek Mestan gibilerin ard\u0131na duranlar\u0131n ipinin bit pazar\u0131nda oldu\u011fu da art\u0131k gizlenemiyor.<\/li>\n<\/ol>\n<p>Bu zihniyet, <strong>B\u0130RLE\u015e\u0130K T\u00dcRK PART\u0130S\u0130N\u0130N YANINDAN ASLA GE\u00c7EMEZ<\/strong>!<\/p>\n<p>Bursa\u2019ya toplananlar\u0131n, \u201c<strong>siyasi birle\u015fme\u201d konusunda<\/strong>\u201d prensip olarak anla\u015fmas\u0131, bizim siyasi k\u00f6leli\u011fimiz\u0131n s\u00fcrmesi ile ilgili anla\u015fm\u0131\u015flard\u0131r.<\/p>\n<p><strong>Hi\u00e7bir k\u00f6kl\u00fc de\u011fi\u015fiklik istemeden anla\u015fmay\u0131 se\u00e7mek sanki \u201cyapboz\u201d gibi olmad\u0131 m\u0131? <\/strong><\/p><div id=\"bghab-502675997\" class=\"bghab-icerik-icine-20-paragraf bghab-entity-placement\"><script async src=\"\/\/pagead2.googlesyndication.com\/pagead\/js\/adsbygoogle.js?client=ca-pub-6203283170189293\" crossorigin=\"anonymous\"><\/script><ins class=\"adsbygoogle\" style=\"display:block; text-align:center;\" data-ad-client=\"ca-pub-6203283170189293\" \ndata-ad-slot=\"7303146466\" \ndata-ad-layout=\"in-article\"\ndata-ad-format=\"fluid\" data-full-width-responsive=\"true\"><\/ins>\n<script> \n(adsbygoogle = window.adsbygoogle || []).push({}); \n<\/script>\n<\/div>\n<p>Yani \u00e7ocuk oyunca\u011f\u0131 gibi\u2026 Ahmet Do\u011fan deniz \u015fatosunda <em>(kapal\u0131 hapis)<\/em> sefa s\u00fcrerken, Mestan \u201c<strong>Audi<\/strong>\u201d arabayla av kovalarken, bizim i\u015fsiz, paras\u0131z, \u00e7ocuklar\u0131m\u0131z okulsuz, ailelerimiz par\u00e7alanm\u0131\u015f, ekmek paras\u0131 i\u00e7in gurbette \u00e7\u00fcr\u00fcmemiz, evlatlar\u0131m\u0131z\u0131n zorla Bulgarla\u015ft\u0131r\u0131lmas\u0131n\u0131 kabul etmemiz anlam\u0131na gelir. Bu birle\u015fmenin ba\u015fka hi\u00e7bir anlam\u0131 yoktur ve olamaz.\u2026<\/p>\n<p>***<\/p>\n<p>\u0130kinci olarak, Kasim Dal\u2019\u0131 da gelecek say\u0131m\u0131zda yazaca\u011f\u0131z:<\/p>\n<p>***<\/p>\n<p>\u00dc\u00e7\u00fcnc\u00fc olarak, Bursa bulu\u015fmas\u0131n\u0131n bir balon oldu\u011funu s\u00f6yleyen, konuyu Sal\u0131 ak\u015fam (13 \u015eubat 2018) bTV \u2018de yorumlayan Bulgaristan T\u00fcrklerinin \u00f6nderlerinden Ardino Belediye ba\u015fkan\u0131, II. Simeyon h\u00fck\u00fcmetinde Tar\u0131m Bakan\u0131 ve son y\u0131llarda \u00fc\u00e7 T\u00fcrk partisinden \u00fc\u00e7\u00fcn\u00fcn de d\u0131\u015f\u0131nda sivrilen ve kanat \u00f6nderi olarak ileti\u015fim ortam\u0131nda s\u0131k\u00e7a g\u00f6r\u00fc\u015f beyan eden Say\u0131n Mehmet Dikme \u00f6zetle \u015f\u00f6yle dedi:<\/p><div id=\"bghab-1599618821\" class=\"bghab-icerik-icine-25-paragraf bghab-entity-placement\"><script async src=\"\/\/pagead2.googlesyndication.com\/pagead\/js\/adsbygoogle.js?client=ca-pub-6203283170189293\" crossorigin=\"anonymous\"><\/script><ins class=\"adsbygoogle\" style=\"display:block; text-align:center;\" data-ad-client=\"ca-pub-6203283170189293\" \ndata-ad-slot=\"7303146466\" \ndata-ad-layout=\"in-article\"\ndata-ad-format=\"fluid\" data-full-width-responsive=\"true\"><\/ins>\n<script> \n(adsbygoogle = window.adsbygoogle || []).push({}); \n<\/script>\n<\/div>\n<p>\u201c<strong>B\u00f6yle bir birle\u015fmeden s\u00f6z edilemez, fakat birle\u015febilsek en az 40 milletvekili \u00e7\u0131karabiliriz<\/strong>!\u201d<\/p>\n<p>Ahmet Do\u011fan\u2019\u0131n siyasetten \u00e7ekilmesi, ters tepmez mi, Halk ve \u00d6zg\u00fcrl\u00fck Hareketi (DPS) partisinin par\u00e7alanmas\u0131na neden olmaz m\u0131? Sorusuna Dikme \u015fu cevab\u0131 verdi:<\/p>\n<p>\u201cDo\u011fan olmasa, Karaday\u0131 olmasa, Menta Dan\u00e7o da olmasa H\u00d6H partisi asla da\u011f\u0131lmayacakt\u0131r. <strong>Do\u011fan\u2019da kurtulan T\u00fcrk toplulu\u011fu partisine topluca oy cemreye devam edecektir.<\/strong><\/p>\n<p>Bizde se\u00e7imler, yerel \u00f6rg\u00fct yap\u0131lanmas\u0131 taraf\u0131ndan \u00f6rg\u00fctlenip ger\u00e7ekle\u015ftirilmekte oldu\u011fundan, H\u00d6H parti se\u00e7meni ayn\u0131 \u015fekilde oy kullanacakt\u0131r.<\/p>\n<p>Ahmet Do\u011fan halk\u0131m\u0131z\u0131 aldatt\u0131 ve aldat\u0131yor. \u0130leti\u015fim ara\u00e7lar\u0131n\u0131 da tuza\u011fa d\u00fc\u015f\u00fcrmeyi ba\u015far\u0131yor. Se\u00e7im ba\u015far\u0131lar\u0131n\u0131 ger\u00e7ekle\u015ftiren DPS y\u00f6netimi de\u011fildir, se\u00e7imleri yapan muhtarlar, belediye meclis \u00fcyeleri, belediye ba\u015fkanlar\u0131, hak ve \u00f6zg\u00fcrl\u00fck davas\u0131na \u00f6mr\u00fcn\u00fc veren parti eylemcileridir.\u00a0 Hak ve \u00d6zg\u00fcrl\u00fck Partisinin i\u00e7erden yenilenmesi, kendisi reforme etmesi, yeni bir parti kurmaya gerek yok, parti y\u00f6netimi \u00e7ekilse yeter, g\u00f6r\u00fc\u015f\u00fc art\u0131k b\u00fct\u00fcn \u00fclkede hakimdir..<\/p><div id=\"bghab-1236365407\" class=\"bghab-icerik-icine-30-paragraf bghab-entity-placement\"><script async src=\"\/\/pagead2.googlesyndication.com\/pagead\/js\/adsbygoogle.js?client=ca-pub-6203283170189293\" crossorigin=\"anonymous\"><\/script><ins class=\"adsbygoogle\" style=\"display:block; text-align:center;\" data-ad-client=\"ca-pub-6203283170189293\" \ndata-ad-slot=\"7303146466\" \ndata-ad-layout=\"in-article\"\ndata-ad-format=\"fluid\" data-full-width-responsive=\"true\"><\/ins>\n<script> \n(adsbygoogle = window.adsbygoogle || []).push({}); \n<\/script>\n<\/div>\n<p>M\u00fcsl\u00fcmanlar, Bulgaristan n\u00fcfusunun % 15 gibi bir b\u00f6l\u00fcm\u00fc olduklar\u0131ndan dolay\u0131, H\u00d6H partisinin temsil eden siyaset\u00e7ilerin Bulgaristan idaresine kat\u0131lmas\u0131 gerekiyor. Parti y\u00f6netiminde Do\u011fan ve onun etraf\u0131ndaki \u201c<strong>g\u00fcruh<\/strong>\u201d olmasayd\u0131, hi\u00e7bir i\u015fe yaramayan ki\u015filerden kurtulabilseydik, \u015fimdi H\u00d6H partisi GERB partisi ile birlikte \u00fclkenin y\u00f6netimine mutlaka kat\u0131lm\u0131\u015f olacakt\u0131.<\/p>\n<p><strong>Mehmet Dikme \u015f\u00f6yle devam etti:<\/strong><\/p>\n<p>H\u00d6H ajan ve kom\u00fcnist makamlara ba\u011fl\u0131 kadrolardan ar\u0131nm\u0131\u015f olsayd\u0131, GERB partisi ile DPS ortakl\u0131\u011f\u0131 bir iktidar kurabilirdi. Bu yap\u0131labilseydi, iktidar \u00e7ok daha istikrarl\u0131 ve g\u00fcvenilir olacakt\u0131. \u0130stikrarl\u0131 bir Bulgaristan devleti Avrupa ve d\u00fcnya kamuoyu taraf\u0131ndan \u00e7ok daha iyi kabul edilecekti.<\/p>\n<p>BALG\u00d6\u00c7\u2019 \u00fcn \u201c<strong>birle\u015fme<\/strong>\u201d \u00e7a\u011fr\u0131s\u0131 ancak gelecek y\u0131l T\u00fcrkiye\u2019de yap\u0131lmas\u0131 \u00f6ng\u00f6r\u00fclen \u00a0Cumhurba\u015fkanl\u0131\u011f\u0131 se\u00e7imleri ve\u00a0 Ankara\u2019n\u0131n Avrupa kurumlar\u0131nda kendisi lehinde birka\u00e7 s\u00f6z s\u00f6yleyecek bir el\u00e7iye ihtiya\u00e7 duymas\u0131 a\u00e7\u0131s\u0131ndan de\u011ferlendirilmelidir.<\/p>\n<p>***<\/p><div id=\"bghab-2321540892\" class=\"bghab-icerik-icine-35-paragraf bghab-entity-placement\"><script async src=\"\/\/pagead2.googlesyndication.com\/pagead\/js\/adsbygoogle.js?client=ca-pub-6203283170189293\" crossorigin=\"anonymous\"><\/script><ins class=\"adsbygoogle\" style=\"display:block; text-align:center;\" data-ad-client=\"ca-pub-6203283170189293\" \ndata-ad-slot=\"7303146466\" \ndata-ad-layout=\"in-article\"\ndata-ad-format=\"fluid\" data-full-width-responsive=\"true\"><\/ins>\n<script> \n(adsbygoogle = window.adsbygoogle || []).push({}); \n<\/script>\n<\/div>\n<p><strong>Sonu\u00e7<\/strong>:\u00a0 G\u00f6r\u00fcld\u00fc\u011f\u00fc \u00fczere, Bursa bulu\u015fmas\u0131na kat\u0131lanlar aras\u0131nda <strong>Kadir Gecesinde Do\u011fan Yok<\/strong>. Bulgaristan T\u00fcrkleri kendi al\u0131n yaz\u0131lar\u0131n\u0131 kendileri yazmaya devam edecektir. B\u00fct\u00fcn k\u00f6ylerde ve belediyelerde ve \u00f6zellikle de soyda\u015flar\u0131m\u0131z aras\u0131ndaki kan\u0131 da budur.<\/p>\n<p>Hi\u00e7 birimiz hi\u00e7bir kimsenin k\u00f6lesi olmak zorunda de\u011fildir. Halk\u0131n istemedikleri gider, yerine halk\u0131n se\u00e7tikleri gelir! Halka ra\u011fmen siyaset yap\u0131lamaz, bu b\u00f6yle biline\u2026<\/p>\n<p>&nbsp;<\/p>\n<p>&nbsp;<\/p>\n<p><strong>\u00a0<\/strong><\/p>\n<div id=\"bghab-3204857999\" class=\"bghab-yazi-altinda bghab-entity-placement\"><script async src=\"https:\/\/pagead2.googlesyndication.com\/pagead\/js\/adsbygoogle.js\"><\/script>\r\n<!-- bghaber-yaz\u0131-sonu -->\r\n<ins class=\"adsbygoogle\"\r\n     style=\"display:block\"\r\n     data-ad-client=\"ca-pub-6203283170189293\"\r\n     data-ad-slot=\"4222328180\"\r\n     data-ad-format=\"auto\"\r\n     data-full-width-responsive=\"true\"><\/ins>\r\n<script>\r\n     (adsbygoogle = window.adsbygoogle || []).push({});\r\n<\/script><\/div><br style=\"clear: both; display: block; float: none;\"\/>","protected":false},"excerpt":{"rendered":"<p>\u015eakir ARSLANTA\u015e Tarih: 13 \u015eubat 2018 Konu:\u00a0\u00a0 Yer \u00fcf\u00fcrd\u00fc, yel g\u00f6t\u00fcrd\u00fc. Be\u015f y\u0131ldan beri, 2013\u2019ten bu yana Bulgaristan M\u00fcsl\u00fcmanlar\u0131n\u0131n yeni bir siyasi parti i\u00e7in m\u00fccadele<\/p>\n","protected":false},"author":13,"featured_media":12415,"comment_status":"closed","ping_status":"closed","sticky":false,"template":"","format":"standard","meta":{"advanced_seo_description":"","jetpack_seo_html_title":"","jetpack_seo_noindex":false,"jetpack_seo_schema_type":"","_jetpack_newsletter_access":"","_jetpack_dont_email_post_to_subs":false,"_jetpack_newsletter_tier_id":0,"_jetpack_memberships_contains_paywalled_content":false,"_jetpack_feature_clip_id":0,"_jetpack_memberships_contains_paid_content":false,"footnotes":"","jetpack_post_was_ever_published":false},"categories":[6],"tags":[],"class_list":["post-27205","post","type-post","status-publish","format-standard","has-post-thumbnail","hentry","category-yorum"],"jetpack_sharing_enabled":true,"jetpack_likes_enabled":true,"jetpack-related-posts":[],"jetpack_shortlink":"https:\/\/wp.me\/pc2PfJ-74N","jetpack_featured_media_url":"https:\/\/i0.wp.com\/www.bghaber.org\/bghaber\/wp-content\/uploads\/2014\/12\/sakir-arslantas.jpg?fit=130%2C168&ssl=1","_links":{"self":[{"href":"https:\/\/www.bghaber.org\/bghaber\/wp-json\/wp\/v2\/posts\/27205","targetHints":{"allow":["GET"]}}],"collection":[{"href":"https:\/\/www.bghaber.org\/bghaber\/wp-json\/wp\/v2\/posts"}],"about":[{"href":"https:\/\/www.bghaber.org\/bghaber\/wp-json\/wp\/v2\/types\/post"}],"author":[{"embeddable":true,"href":"https:\/\/www.bghaber.org\/bghaber\/wp-json\/wp\/v2\/users\/13"}],"replies":[{"embeddable":true,"href":"https:\/\/www.bghaber.org\/bghaber\/wp-json\/wp\/v2\/comments?post=27205"}],"version-history":[{"count":0,"href":"https:\/\/www.bghaber.org\/bghaber\/wp-json\/wp\/v2\/posts\/27205\/revisions"}],"wp:featuredmedia":[{"embeddable":true,"href":"https:\/\/www.bghaber.org\/bghaber\/wp-json\/wp\/v2\/media\/12415"}],"wp:attachment":[{"href":"https:\/\/www.bghaber.org\/bghaber\/wp-json\/wp\/v2\/media?parent=27205"}],"wp:term":[{"taxonomy":"category","embeddable":true,"href":"https:\/\/www.bghaber.org\/bghaber\/wp-json\/wp\/v2\/categories?post=27205"},{"taxonomy":"post_tag","embeddable":true,"href":"https:\/\/www.bghaber.org\/bghaber\/wp-json\/wp\/v2\/tags?post=27205"}],"curies":[{"name":"wp","href":"https:\/\/api.w.org\/{rel}","templated":true}]}}