{"id":27196,"date":"2018-02-13T16:54:19","date_gmt":"2018-02-13T13:54:19","guid":{"rendered":"http:\/\/www.bghaber.org\/bghaber\/?p=27196"},"modified":"2019-07-07T21:52:42","modified_gmt":"2019-07-07T19:52:42","slug":"edirnede-eski-zagra-devlet-operasi-sanatseverlerle-bulusuyor","status":"publish","type":"post","link":"https:\/\/www.bghaber.org\/bghaber\/edirnede-eski-zagra-devlet-operasi-sanatseverlerle-bulusuyor\/","title":{"rendered":"Edirne\u2019de Eski Za\u011fra Devlet Operas\u0131 sanatseverlerle bulu\u015fuyor"},"content":{"rendered":"<p>Edirne Bulgaristan Ba\u015fkonsoloslu\u011fu \u00f6nc\u00fcl\u00fc\u011f\u00fcnde, Edirne Ticaret ve Sanayi Odas\u0131\u2019n\u0131n i\u015fbirli\u011fi ile Stara Zagora Devlet Operas\u0131 kentte sanatseverlerle bulu\u015fuyor.<\/p>\n<p>Stara Zagora Devlet Operas\u0131, 1971 y\u0131l\u0131ndan beri faaliyet g\u00f6steriyor. Opera, 360 ki\u015filik bir ekip ile sadece Bulgaristan de\u011fil, t\u00fcm d\u00fcnyada sahneler sergileyen dev bir kadro ile 2018 Nisan ay\u0131nda Edirne\u2019ye geliyor.<\/p>\n<p><a href=\"http:\/\/www.bghaber.org\/bghaber\/edirnede-eski-zagra-devlet-operasi-sanatseverlerle-bulusuyor\/edirnede-eski-zagra-devlet-operasi-2\/\" rel=\"attachment wp-att-27198\"><img data-recalc-dims=\"1\" loading=\"lazy\" decoding=\"async\" class=\"aligncenter size-full wp-image-27198\" src=\"https:\/\/i0.wp.com\/www.bghaber.org\/bghaber\/wp-content\/uploads\/2018\/02\/edirnede-eski-zagra-devlet-operasi-2.jpg?resize=640%2C389\" alt=\"\" width=\"640\" height=\"389\" srcset=\"https:\/\/i0.wp.com\/www.bghaber.org\/bghaber\/wp-content\/uploads\/2018\/02\/edirnede-eski-zagra-devlet-operasi-2.jpg?w=640&amp;ssl=1 640w, https:\/\/i0.wp.com\/www.bghaber.org\/bghaber\/wp-content\/uploads\/2018\/02\/edirnede-eski-zagra-devlet-operasi-2.jpg?resize=300%2C182&amp;ssl=1 300w\" sizes=\"auto, (max-width: 640px) 100vw, 640px\" \/><\/a><\/p>\n<p>Bulgaristan Ba\u015fkonsolosu Vassil Velchev, Bulgaristan Edirne Konsolosu Radoslava Kafedjiyska , Edirne Ticaret ve Sanayi Odas\u0131 Y\u00f6netim Kurulu Ba\u015fkan\u0131 Recep Z\u0131pk\u0131nkurt ve Edirne Kad\u0131n Giri\u015fimciler Kurulu Ba\u015fkan\u0131 Elmas Aslan, Bulgaristan\u2019\u0131n Stara Zagora \u015fehrine ger\u00e7ekle\u015ftirdikleri ziyaret kapsam\u0131nda, Stara Zagora Devlet Operas\u0131\u2019n\u0131n Edirne\u2019de sergileyece\u011fi sahnenin temellerini att\u0131.<\/p>\n<p>&nbsp;<\/p>\n<p>Mynet<\/p>\n<div id=\"bghab-3096615441\" class=\"bghab-yazi-altinda bghab-entity-placement\"><script async src=\"https:\/\/pagead2.googlesyndication.com\/pagead\/js\/adsbygoogle.js\"><\/script>\r\n<!-- bghaber-yaz\u0131-sonu -->\r\n<ins class=\"adsbygoogle\"\r\n     style=\"display:block\"\r\n     data-ad-client=\"ca-pub-6203283170189293\"\r\n     data-ad-slot=\"4222328180\"\r\n     data-ad-format=\"auto\"\r\n     data-full-width-responsive=\"true\"><\/ins>\r\n<script>\r\n     (adsbygoogle = window.adsbygoogle || []).push({});\r\n<\/script><\/div><br style=\"clear: both; display: block; float: none;\"\/>","protected":false},"excerpt":{"rendered":"<p>Edirne Bulgaristan Ba\u015fkonsoloslu\u011fu \u00f6nc\u00fcl\u00fc\u011f\u00fcnde, Edirne Ticaret ve Sanayi Odas\u0131\u2019n\u0131n i\u015fbirli\u011fi ile Stara Zagora Devlet Operas\u0131 kentte sanatseverlerle bulu\u015fuyor. Stara Zagora Devlet Operas\u0131, 1971 y\u0131l\u0131ndan beri<\/p>\n","protected":false},"author":29,"featured_media":27197,"comment_status":"closed","ping_status":"closed","sticky":false,"template":"","format":"standard","meta":{"advanced_seo_description":"","jetpack_seo_html_title":"","jetpack_seo_noindex":false,"jetpack_seo_schema_type":"","_jetpack_newsletter_access":"","_jetpack_dont_email_post_to_subs":false,"_jetpack_newsletter_tier_id":0,"_jetpack_memberships_contains_paywalled_content":false,"_jetpack_feature_clip_id":0,"_jetpack_memberships_contains_paid_content":false,"footnotes":"","jetpack_post_was_ever_published":false},"categories":[10],"tags":[],"class_list":["post-27196","post","type-post","status-publish","format-standard","has-post-thumbnail","hentry","category-kultur-sanat"],"jetpack_sharing_enabled":true,"jetpack_likes_enabled":true,"jetpack-related-posts":[],"jetpack_shortlink":"https:\/\/wp.me\/pc2PfJ-74E","jetpack_featured_media_url":"https:\/\/i0.wp.com\/www.bghaber.org\/bghaber\/wp-content\/uploads\/2018\/02\/edirnede-eski-zagra-devlet-operasi-1.jpg?fit=728%2C485&ssl=1","_links":{"self":[{"href":"https:\/\/www.bghaber.org\/bghaber\/wp-json\/wp\/v2\/posts\/27196","targetHints":{"allow":["GET"]}}],"collection":[{"href":"https:\/\/www.bghaber.org\/bghaber\/wp-json\/wp\/v2\/posts"}],"about":[{"href":"https:\/\/www.bghaber.org\/bghaber\/wp-json\/wp\/v2\/types\/post"}],"author":[{"embeddable":true,"href":"https:\/\/www.bghaber.org\/bghaber\/wp-json\/wp\/v2\/users\/29"}],"replies":[{"embeddable":true,"href":"https:\/\/www.bghaber.org\/bghaber\/wp-json\/wp\/v2\/comments?post=27196"}],"version-history":[{"count":0,"href":"https:\/\/www.bghaber.org\/bghaber\/wp-json\/wp\/v2\/posts\/27196\/revisions"}],"wp:featuredmedia":[{"embeddable":true,"href":"https:\/\/www.bghaber.org\/bghaber\/wp-json\/wp\/v2\/media\/27197"}],"wp:attachment":[{"href":"https:\/\/www.bghaber.org\/bghaber\/wp-json\/wp\/v2\/media?parent=27196"}],"wp:term":[{"taxonomy":"category","embeddable":true,"href":"https:\/\/www.bghaber.org\/bghaber\/wp-json\/wp\/v2\/categories?post=27196"},{"taxonomy":"post_tag","embeddable":true,"href":"https:\/\/www.bghaber.org\/bghaber\/wp-json\/wp\/v2\/tags?post=27196"}],"curies":[{"name":"wp","href":"https:\/\/api.w.org\/{rel}","templated":true}]}}