{"id":27191,"date":"2018-02-12T23:14:19","date_gmt":"2018-02-12T20:14:19","guid":{"rendered":"http:\/\/www.bghaber.org\/bghaber\/?p=27191"},"modified":"2018-02-14T18:27:31","modified_gmt":"2018-02-14T15:27:31","slug":"ozel-vagner-birlikleri","status":"publish","type":"post","link":"https:\/\/www.bghaber.org\/bghaber\/ozel-vagner-birlikleri\/","title":{"rendered":"\u00d6zel \u201cVagner\u201d birlikleri"},"content":{"rendered":"<p>Sudan:\u00a0 Tarih: 12 \u015eubat 2018<\/p>\n<p>Bas\u0131ndan se\u00e7meler.<\/p>\n<p>Konu:\u00a0 <strong>Rus ordusu Sudana \u00fcsleniyor.<\/strong><\/p>\n<p>Rus kaynaklar\u0131ndan gelen haberlerde, Rusya Ba\u015fkan\u0131 Vladimir Putin\u2019in \u201c<strong>Vagner<\/strong>\u201d adl\u0131 \u00f6zel ordusunu Sudan sava\u015f\u0131na g\u00f6nderdi\u011fi yer ald\u0131.\u00a0 Rusya Ceo-politik uzmanlar\u0131n\u0131n yeni hedefinde K\u0131z\u0131l Deniz var. \u00c7izmelerinin \u00e7amurunu Hint Okyanusu sular\u0131nda y\u0131kamay\u0131 as\u0131rlar \u00f6ncesinden hayal eden Rus askerleri K\u0131z\u0131l Deniz k\u0131y\u0131s\u0131na \u00fcslenmeye haz\u0131rlan\u0131yor.<\/p>\n<p>Cumgurba\u015fkan\u0131 koltuklar\u0131na g\u00f6m\u00fclm\u00fc\u015f Arap diktat\u00f6rleri anla\u015f\u0131lan Rus kiral\u0131k askerlerden olu\u015fan \u201cVagner\u201d adl\u0131 \u00f6zel askeri komando birlikleri oldu\u011funu art\u0131k \u00f6\u011frenmi\u015fler. \u201cVagner\u201d ordusu otoriter rejimlerde katmerle\u015fen sorunlar\u0131n \u00e7\u00f6z\u00fcm\u00fcnde kullan\u0131l\u0131yor.<\/p><div id=\"bghab-2069664824\" class=\"bghab-icerik-icine bghab-entity-placement\"><script async src=\"\/\/pagead2.googlesyndication.com\/pagead\/js\/adsbygoogle.js?client=ca-pub-6203283170189293\" crossorigin=\"anonymous\"><\/script><ins class=\"adsbygoogle\" style=\"display:block; text-align:center;\" data-ad-client=\"ca-pub-6203283170189293\" \ndata-ad-slot=\"7303146466\" \ndata-ad-layout=\"in-article\"\ndata-ad-format=\"fluid\" data-full-width-responsive=\"true\"><\/ins>\n<script> \n(adsbygoogle = window.adsbygoogle || []).push({}); \n<\/script>\n<\/div>\n<p>Suriye Ba\u015fkan\u0131 Ba\u015far Esad\u2019\u0131 a\u011f\u0131r \u00e7arp\u0131\u015fmalardan sonra bir nebzecik de olsa huzura kavu\u015fturan \u201cVagner\u201d \u00f6zel askeri \u015firketi, Uluslar aras\u0131 Ceza Mahkemesinin askeri cinayetleri i\u00e7in arama emri \u00e7\u0131kard\u0131\u011f\u0131, Kremlin\u2019in yak\u0131n dostu olan Sudan Cumhurba\u015fkan\u0131 Omar al-Be\u015fer\u2019e yard\u0131ma g\u00f6nderiliyor.<\/p>\n<p>Suriye\u2019de \u201cter\u00f6ristlerle\u201d m\u00fccadele eden rejime destek i\u00e7in bulundu\u011funu iddia eden Kremlin g\u00fc\u00e7leri,\u00a0 \u201c ter\u00f6ristlerle\u201d de\u011fil, \u00f6ncelikle yerli halkla m\u00fccadele eden Sudan y\u00f6netimi Rus \u00f6zel birliklerini neden davet etti?<\/p>\n<p>Rus \u00f6zel komando birliklerinin Sudan\u2019a g\u00f6nderildi\u011fi haberini ilk duyuran BiBiCi baz\u0131 dinleyicilerini \u015fa\u015f\u0131rtm\u0131\u015f olabilir. Dimitir Utkin \u201cVagnet\u201d taraf\u0131ndan y\u00f6netilen \u00f6zel kiral\u0131k birliklerin Suriye sava\u015f\u0131na kar\u0131lmas\u0131 anla\u015f\u0131l\u0131r gibiydi. Moskova, ceo-politik planlar\u0131 i\u00e7in Be\u015fer Esat\u2019a yard\u0131m elli uzatt\u0131. \u00dcstelik, 2015\u2019te K\u0131r\u0131m ve Do\u011fu Ukrayna olaylar\u0131ndan sonra \u00e7\u0131kmaz sokakta bulan Putin\u2019in y\u00fcz\u00fcn\u00fc aklamak i\u00e7in bir \u015feyler yapmas\u0131 gerekiyordu.<\/p>\n<p>Bu ortamda, Kremlin g\u00f6lgesindeki \u00f6zel \u201cVagner\u201d ordusu, \u201c\u0130slam Devleti\u201d ter\u00f6r gruplar\u0131 ve Suriye muhalefetiyle sert \u00e7arp\u0131\u015fmalarda i\u015fe yarad\u0131.\u00a0 Dikkatinizi \u00e7ekerim. Yak\u0131n ge\u00e7mi\u015fe kadar Rus haberlerinde Sudan\u2019dan s\u00f6z edilmezdi.<\/p>\n<p>Sudan\u2019da Rus kiral\u0131k haberleri oldu\u011fu haberini veren BiBiSi birka\u00e7 kaynak kulland\u0131. Ad\u0131n\u0131n gizli tutulmas\u0131n\u0131 isteyen, Do\u011fu Avrupa ve Suriye sava\u015f\u0131 gazisi olan, birinci kaynak \u015f\u00f6yle dedi:<\/p><div id=\"bghab-2378093797\" class=\"bghab-icerik-icine-10-paragraf bghab-entity-placement\"><script async src=\"\/\/pagead2.googlesyndication.com\/pagead\/js\/adsbygoogle.js?client=ca-pub-6203283170189293\" crossorigin=\"anonymous\"><\/script><ins class=\"adsbygoogle\" style=\"display:block; text-align:center;\" data-ad-client=\"ca-pub-6203283170189293\" \ndata-ad-slot=\"7303146466\" \ndata-ad-layout=\"in-article\"\ndata-ad-format=\"fluid\" data-full-width-responsive=\"true\"><\/ins>\n<script> \n(adsbygoogle = window.adsbygoogle || []).push({}); \n<\/script>\n<\/div>\n<p>\u201c<strong>Rus kiral\u0131k askerleri art\u0131k Sudan\u2019da \u00e7arp\u0131\u015fmalara kat\u0131l\u0131yor<\/strong>.\u201d<\/p>\n<p>Ayn\u0131 yay\u0131nda, BiBiCi, di\u015f \u00fclkelerdeki Rus askeri g\u00fc\u00e7lerinde bulunmu\u015f olan iki ki\u015fiden daha haber ald\u0131. Bu kaynak da Rus g\u00fc\u00e7lerin Sudan sava\u015f\u0131na art\u0131k direk olarak kat\u0131ld\u0131\u011f\u0131n\u0131 a\u00e7\u0131klad\u0131. Bunlardan biri, kendi kendine gelin g\u00fcvey olan va\u011f\u0131ms\u0131zl\u0131k ilan eden Donesk Halk Cumhuriyeti Savunma Bakan\u0131 \u0130gor Strelkov ve ikincisi de \u201cRCB-Grup\u201d ad\u0131yla bilinen ba\u015fka bir \u00f6zel askeri g\u00fcc\u00fcn komutan\u0131 olan Oleg Kran\u0131tsin\u2019dir.<\/p>\n<p>Bu haberler Sudan Cumhurba\u015fkan\u0131 Omar al-Ba\u015fir\u2019in So\u00e7i ziyareti esnas\u0131nda do\u011fruland\u0131.<\/p>\n<p>Putin taraf\u0131ndan\u00a0 Ba\u015fkanl\u0131k Kona\u011f\u0131nda kar\u015f\u0131lanan Ba\u015fir Putin\u2019e \u201cBen Size Afrika\u2019n\u0131n anahtar\u0131n\u0131 getirdim\u201d dedi. B\u00f6ylece de, Rusya\u2019y\u0131 kendi \u00fclkesinin i\u00e7 i\u015flerine m\u00fcdahalede bulunmaya davet etti.<\/p>\n<p>Bu g\u00f6r\u00fc\u015fmede, Putin, Savunma Bakan\u0131 Sergey \u015eoygu ile birlikte K\u0131z\u0131l Deniz\u2019de Port Said\u00a0 k\u00f6rfezinde bir Rus askeri \u00fcss\u00fc kurulmas\u0131 \u00f6nerisini g\u00f6r\u00fc\u015ft\u00fcler.<\/p><div id=\"bghab-1502886819\" class=\"bghab-icerik-icine-15-paragraf bghab-entity-placement\"><script async src=\"\/\/pagead2.googlesyndication.com\/pagead\/js\/adsbygoogle.js?client=ca-pub-6203283170189293\" crossorigin=\"anonymous\"><\/script><ins class=\"adsbygoogle\" style=\"display:block; text-align:center;\" data-ad-client=\"ca-pub-6203283170189293\" \ndata-ad-slot=\"7303146466\" \ndata-ad-layout=\"in-article\"\ndata-ad-format=\"fluid\" data-full-width-responsive=\"true\"><\/ins>\n<script> \n(adsbygoogle = window.adsbygoogle || []).push({}); \n<\/script>\n<\/div>\n<p>Rus askerlerin tozlu \u00e7izmelerini Hint Okyanusu sular\u0131nda y\u0131kamas\u0131 i\u00e7in 100 y\u0131ldan beri de\u011fi\u015fik planlar yapan Rus \u201cceo-politikac\u0131lar\u0131\u201d K\u0131z\u0131l Deniz inmek eski hayaldi. Anla\u015f\u0131lan, bu planlar\u0131n Kremlin\u2019in d\u0131\u015f siyaset \u00e7izgisiyle \u00e7ak\u0131\u015fma zaman\u0131 art\u0131k gelmi\u015f g\u00f6r\u00fcn\u00fcyor.<\/p>\n<p>28 y\u0131ldan beri iktidarda olan ve \u00e7\u00f6zemedi\u011fi i\u00e7 siyaset sorunlar\u0131n\u0131 istifleyen Cumhurba\u015fkan\u0131 Ba\u015ferin derdine derman olmak i\u00e7in Moskova \u201cg\u00f6lgedeki ordusunun\u201d birliklerini Sudana art\u0131k g\u00f6ndermi\u015f bulunuyor.<\/p>\n<p>Darfur\u2019daki katliamda 400 bin vatanda\u015f\u0131n\u0131 katleden\u00a0 ve milyonlarca ki\u015fiyi de evsiz barks\u0131z b\u0131rakan, i\u015fledi\u011fi seri cinayetlerden \u00f6t\u00fcr\u00fc Uluslar aras\u0131 Ceza Mahkemesi taraf\u0131ndan k\u0131rm\u0131z\u0131 b\u00fcltenle tutuklama karar\u0131 \u00e7\u0131kar\u0131lan Cumhurba\u015fkan\u0131 Be\u015fir \u00f6rne\u011fini tekrar eden ba\u015fka bir devlet ba\u015fkan\u0131 yoktur.<\/p>\n<p>\u201cVagner\u201d \u00f6zel ordusu i\u00e7in bu \u00fclkede yap\u0131lacak pek \u00e7ok i\u015f var. Omar al-Ba\u015fir\u2019in da\u011f\u0131l\u0131p \u00e7\u00f6kmekte olan imparatorlu\u011funun korunup ayakta tutulmas\u0131nda Rus \u00f6zel komando birliklerine ne givi \u00f6devler d\u00fc\u015fece\u011fi tam olarak bilinmiyor.<\/p>\n<p>Donesk Halk Cumhuriyeti Savunma Bakan\u0131 \u0130gor Strelkov, \u201cVagner\u201d komandolar\u0131n\u0131n G\u00fcney Sudan\u2019a g\u00f6nderildi\u011fini bildiriyor.<\/p><div id=\"bghab-1656835454\" class=\"bghab-icerik-icine-20-paragraf bghab-entity-placement\"><script async src=\"\/\/pagead2.googlesyndication.com\/pagead\/js\/adsbygoogle.js?client=ca-pub-6203283170189293\" crossorigin=\"anonymous\"><\/script><ins class=\"adsbygoogle\" style=\"display:block; text-align:center;\" data-ad-client=\"ca-pub-6203283170189293\" \ndata-ad-slot=\"7303146466\" \ndata-ad-layout=\"in-article\"\ndata-ad-format=\"fluid\" data-full-width-responsive=\"true\"><\/ins>\n<script> \n(adsbygoogle = window.adsbygoogle || []).push({}); \n<\/script>\n<\/div>\n<p>Bu geli\u015fmelerle ilgili yine BiBiCi\u2019de yorumda bulunan, \u201cRSB-Grup\u201d askeri birli\u011finin komutan\u0131 ise, \u201cSudan\u2019\u0131n G\u00fcneyinde s\u0131n\u0131r \u00e7at\u0131\u015fmalar\u0131na kat\u0131ld\u0131klar\u0131n\u0131, s\u0131tmaya yakalanan baz\u0131 Rus askerlerinin art\u0131k eve d\u00f6nd\u00fcklerini\u201d a\u00e7\u0131klad\u0131.<\/p>\n<p><strong>Rus kiral\u0131k askerlerinin Sudan Operasyonu<\/strong>.<\/p>\n<p>\u015eunu \u00f6nemle belirtmek yerinde olur ki, K\u0131r\u0131m\u0131n askeri g\u00fc\u00e7le ilhak edilmesine ve Do\u011fu Ukrayna\u2019da \u201cRus Bahar\u0131\u201d askeri hareketine kar\u0131lan a\u015f\u0131r\u0131 milliyet\u00e7i Rus askeri \u00e7evreleri bile Sudan operasyonuna iyi bakm\u0131yor. \u0130gor Strelkov\u2019un vurgulad\u0131\u011f\u0131na g\u00f6re, Putin\u2019in Suriye\u2019de \u201cDEA\u015e\u201d \u00fczerinde tam zafer kazan\u0131ld\u0131\u011f\u0131n\u0131 belirtmi\u015f olmas\u0131na ra\u011fmen, sava\u015f bitmemi\u015f ve devam ediyor.<\/p>\n<p><strong>\u0130gor Strelkov bu konuda kaleme ald\u0131\u011f\u0131 bir yaz\u0131s\u0131nda \u015f\u00f6yle dedi:<\/strong><\/p>\n<p>\u201cSuriye\u2019de zaferi kutlamak, yay gidilse, \u00c7in kadar uzak. \u201c<strong>Zafer elde ettik<\/strong>\u201d dediler, demek oluyor ki, \u201ckazanm\u0131\u015f\u0131z\u201d ve nokta kondu. \u00a0Asl\u0131nda biz \u00e7amura d\u00fc\u015fm\u00fc\u015f \u00f6rdek gibiyiz. \u00c7\u0131rp\u0131nd\u0131k\u00e7a bat\u0131yoruz. Rusya iki batakl\u0131\u011fa birden d\u00fc\u015ft\u00fc, Birisi Donbas \u00f6teki de Suriye. Bu i\u015flerden yaln\u0131z askeri politik y\u00f6netimin ve gazetecilerin \u00e7\u0131kar\u0131 var. Suriye\u2019de y\u00fck b\u00fcy\u00fckt\u00fcr. Biz, Suriye\u2019den ba\u015fka Libya\u2019ya da askeri yard\u0131mda bulunuyoruz.\u00a0 19. y\u00fczy\u0131l\u0131n son \u00e7eyre\u011finde ve 20. asr\u0131n ilk y\u0131llar\u0131nda \u201cs\u00f6m\u00fcrgecilik \u00e7\u0131lg\u0131nl\u0131\u011f\u0131\u201d kavram\u0131 vard\u0131. Biz sanki bunu ya\u015f\u0131yoruz. Sudan olay\u0131n\u0131 b\u00f6yle de\u011ferlendirmek gerek.\u201d<\/p><div id=\"bghab-2232438607\" class=\"bghab-icerik-icine-25-paragraf bghab-entity-placement\"><script async src=\"\/\/pagead2.googlesyndication.com\/pagead\/js\/adsbygoogle.js?client=ca-pub-6203283170189293\" crossorigin=\"anonymous\"><\/script><ins class=\"adsbygoogle\" style=\"display:block; text-align:center;\" data-ad-client=\"ca-pub-6203283170189293\" \ndata-ad-slot=\"7303146466\" \ndata-ad-layout=\"in-article\"\ndata-ad-format=\"fluid\" data-full-width-responsive=\"true\"><\/ins>\n<script> \n(adsbygoogle = window.adsbygoogle || []).push({}); \n<\/script>\n<\/div>\n<p><strong>Putin yeni sava\u015f\u0131 Sudan\u2019da ate\u015fleyecek. <\/strong><\/p>\n<p><strong>Yak\u0131n Do\u011fu uzmanlar\u0131ndan Anatoliy Nasmiyan konuyu \u015f\u00f6yle yorumluyor:\u00a0<span style=\"color: #000000;\">\u00a0<\/span><\/strong><\/p>\n<p>Bu \u00fclkenin y\u00f6neticisi olan Omar al-Be\u015fir\u2019in G\u00fcney Sudan\u2019la ba\u015f\u0131 dertte. Bir de \u015fu Darfur katliam\u0131 \u00e7\u0131banba\u015f\u0131 olmu\u015f ve can\u0131n\u0131 yeniden s\u0131kmaya ba\u015flam\u0131\u015f. Bu olayda Rusya\u2019n\u0131n rol\u00fc gizemlidir. Biz gerginlik beliren her yana asker g\u00f6ndereceksen \u00f6nce Orta Asya Cumhuriyetlerine g\u00f6nderelim, orada insanlar \u00e7ok daha huzursuz.<\/p>\n<p><strong>Bir \u00f6zel askeri g\u00fc\u00e7 olan \u201cVagner\u201d, amerikan Academi (Blacjwater) tipi bir askeri g\u00fc\u00e7 de\u011fildir.<\/strong><\/p>\n<p>Onlar\u0131 motive eden, sava\u015ftan elde edilecek kazan\u00e7\u201d yani borsac\u0131 mant\u0131\u011f\u0131 de\u011fildir<\/p><div id=\"bghab-805553064\" class=\"bghab-icerik-icine-30-paragraf bghab-entity-placement\"><script async src=\"\/\/pagead2.googlesyndication.com\/pagead\/js\/adsbygoogle.js?client=ca-pub-6203283170189293\" crossorigin=\"anonymous\"><\/script><ins class=\"adsbygoogle\" style=\"display:block; text-align:center;\" data-ad-client=\"ca-pub-6203283170189293\" \ndata-ad-slot=\"7303146466\" \ndata-ad-layout=\"in-article\"\ndata-ad-format=\"fluid\" data-full-width-responsive=\"true\"><\/ins>\n<script> \n(adsbygoogle = window.adsbygoogle || []).push({}); \n<\/script>\n<\/div>\n<p>\u201cVagner\u201d askeri g\u00fcc\u00fc Kremlinin iste\u011fi \u00fczere, Kremlin\u2019e yak\u0131n insanlar taraf\u0131ndan ve yaln\u0131z Kremlin \u00e7\u0131karlar\u0131 i\u00e7in kurulmu\u015ftur. \u201cVagner\u201d g\u00fcn\u00fcm\u00fcz Rusya askeri politik y\u00f6netiminin g\u00f6lgesindeki askeri g\u00fc\u00e7t\u00fcr. Ve onun t\u00fcm eylemlerinin, var olu\u015funun ve d\u0131\u015f\u00fclkelerde ger\u00e7ekle\u015ftirdi\u011fi operasyonlar\u0131n amac\u0131 politiktir.<\/p>\n<p>&nbsp;<\/p>\n<p>Kaynak:Open Russia<\/p>\n<div id=\"bghab-77893001\" class=\"bghab-yazi-altinda bghab-entity-placement\"><script async src=\"https:\/\/pagead2.googlesyndication.com\/pagead\/js\/adsbygoogle.js\"><\/script>\r\n<!-- bghaber-yaz\u0131-sonu -->\r\n<ins class=\"adsbygoogle\"\r\n     style=\"display:block\"\r\n     data-ad-client=\"ca-pub-6203283170189293\"\r\n     data-ad-slot=\"4222328180\"\r\n     data-ad-format=\"auto\"\r\n     data-full-width-responsive=\"true\"><\/ins>\r\n<script>\r\n     (adsbygoogle = window.adsbygoogle || []).push({});\r\n<\/script><\/div><br style=\"clear: both; display: block; float: none;\"\/>","protected":false},"excerpt":{"rendered":"<p>Sudan:\u00a0 Tarih: 12 \u015eubat 2018 Bas\u0131ndan se\u00e7meler. Konu:\u00a0 Rus ordusu Sudana \u00fcsleniyor. Rus kaynaklar\u0131ndan gelen haberlerde, Rusya Ba\u015fkan\u0131 Vladimir Putin\u2019in \u201cVagner\u201d adl\u0131 \u00f6zel ordusunu Sudan<\/p>\n","protected":false},"author":13,"featured_media":24178,"comment_status":"closed","ping_status":"closed","sticky":false,"template":"","format":"standard","meta":{"advanced_seo_description":"","jetpack_seo_html_title":"","jetpack_seo_noindex":false,"jetpack_seo_schema_type":"","_jetpack_newsletter_access":"","_jetpack_dont_email_post_to_subs":false,"_jetpack_newsletter_tier_id":0,"_jetpack_memberships_contains_paywalled_content":false,"_jetpack_feature_clip_id":0,"_jetpack_memberships_contains_paid_content":false,"footnotes":"","jetpack_post_was_ever_published":false},"categories":[4],"tags":[],"class_list":["post-27191","post","type-post","status-publish","format-standard","has-post-thumbnail","hentry","category-siyaset"],"jetpack_sharing_enabled":true,"jetpack_likes_enabled":true,"jetpack-related-posts":[],"jetpack_shortlink":"https:\/\/wp.me\/pc2PfJ-74z","jetpack_featured_media_url":"https:\/\/i0.wp.com\/www.bghaber.org\/bghaber\/wp-content\/uploads\/2017\/09\/bgsam.png?fit=793%2C599&ssl=1","_links":{"self":[{"href":"https:\/\/www.bghaber.org\/bghaber\/wp-json\/wp\/v2\/posts\/27191","targetHints":{"allow":["GET"]}}],"collection":[{"href":"https:\/\/www.bghaber.org\/bghaber\/wp-json\/wp\/v2\/posts"}],"about":[{"href":"https:\/\/www.bghaber.org\/bghaber\/wp-json\/wp\/v2\/types\/post"}],"author":[{"embeddable":true,"href":"https:\/\/www.bghaber.org\/bghaber\/wp-json\/wp\/v2\/users\/13"}],"replies":[{"embeddable":true,"href":"https:\/\/www.bghaber.org\/bghaber\/wp-json\/wp\/v2\/comments?post=27191"}],"version-history":[{"count":0,"href":"https:\/\/www.bghaber.org\/bghaber\/wp-json\/wp\/v2\/posts\/27191\/revisions"}],"wp:featuredmedia":[{"embeddable":true,"href":"https:\/\/www.bghaber.org\/bghaber\/wp-json\/wp\/v2\/media\/24178"}],"wp:attachment":[{"href":"https:\/\/www.bghaber.org\/bghaber\/wp-json\/wp\/v2\/media?parent=27191"}],"wp:term":[{"taxonomy":"category","embeddable":true,"href":"https:\/\/www.bghaber.org\/bghaber\/wp-json\/wp\/v2\/categories?post=27191"},{"taxonomy":"post_tag","embeddable":true,"href":"https:\/\/www.bghaber.org\/bghaber\/wp-json\/wp\/v2\/tags?post=27191"}],"curies":[{"name":"wp","href":"https:\/\/api.w.org\/{rel}","templated":true}]}}