{"id":27188,"date":"2018-02-13T08:30:07","date_gmt":"2018-02-13T05:30:07","guid":{"rendered":"http:\/\/www.bghaber.org\/bghaber\/?p=27188"},"modified":"2019-07-07T21:52:43","modified_gmt":"2019-07-07T19:52:43","slug":"kircaali-gumulcine-devlet-hastaneleri-ikinci-bir-ortak-proje-yurutuyor","status":"publish","type":"post","link":"https:\/\/www.bghaber.org\/bghaber\/kircaali-gumulcine-devlet-hastaneleri-ikinci-bir-ortak-proje-yurutuyor\/","title":{"rendered":"K\u0131rcaali ve G\u00fcm\u00fclcine devlet hastaneleri, ikinci bir ortak proje y\u00fcr\u00fct\u00fcyor"},"content":{"rendered":"<p>&#8220;Sa\u011fl\u0131k Hizmetlerinin Ba\u015far\u0131l\u0131 Temellerini Te\u015fvik Etme: Acil Yard\u0131m Uygulanmas\u0131nda Hastaneler Aras\u0131ndaki \u0130\u015fbirli\u011fin Geli\u015ftirilmesi\u201d projesi kapsam\u0131nda Yunanistan\u2019daki G\u00fcm\u00fclcine (Komotini) \u015ei\u015fmano\u011flu Devlet Hastanesine ve K\u0131rcaali Dr. Atanas Dafovski Hastanesine yeni ekipman sa\u011flanacak ve doktorlara y\u00f6nelik master class (ustal\u0131k s\u0131n\u0131f\u0131) e\u011fitim program\u0131 ger\u00e7ekle\u015ftirilecek. \u0130ki sa\u011fl\u0131k kurulu\u015fu, s\u0131n\u0131r\u0131n her iki taraf\u0131ndaki sa\u011fl\u0131k altyap\u0131s\u0131n\u0131 iyile\u015ftirmek ve artan yolcu trafi\u011finden kaynaklanan acil durumlar\u0131 kar\u015f\u0131lamak i\u00e7in Avrupa Birli\u011fi (AB) fonlar\u0131 yard\u0131m\u0131yla finanse edilen ikinci bir ortak projeyi hayata ge\u00e7iriyor. INTERREG V_A Yunanistan-Bulgaristan S\u0131n\u0131r \u00d6tesi \u0130\u015fbirli\u011fi Program\u0131 \u00e7er\u00e7evesinde hibe deste\u011fi sa\u011flanan projenin toplam de\u011feri 1 359 467,3 avrodur. Proje b\u00fct\u00e7esinden K\u0131rcaali Hastanesi\u2019ne ayr\u0131lacak miktar 560 110,04 avro tutar\u0131nda olacak.<\/p>\n<p>\u015ei\u015fmano\u011flu Devlet Hastanesi, ana yararlan\u0131c\u0131 kurum oldu\u011fu i\u00e7in bir ay \u00f6nce projenin G\u00fcm\u00fclcine\u2019de sunumu yap\u0131ld\u0131. Bug\u00fcn K\u0131rcaali\u2019de yap\u0131lan proje a\u00e7\u0131l\u0131\u015f konferans\u0131na \u015ei\u015fmano\u011flu Devlet Hastanesi M\u00fcd\u00fcr\u00fc Dr. Georgios Phillipidis ve Acil Servis M\u00fcd\u00fcr\u00fc Sofia Papanastasiu, K\u0131rcaali Vali Yard\u0131mc\u0131s\u0131 Sevda Kamburova, Bulgaristan Ba\u011f\u0131ms\u0131z Sendikalar Konfederasyonu (KNSB) B\u00f6lge Ba\u015fkan\u0131 \u0130vanka Karakoleva, Bulgaristan Hekimler Birli\u011fi K\u0131rcaali \u015eube Ba\u015fkan\u0131 Dr. Magdalena Marinova, K\u0131rcaali Dr. Atanas Dafovski Hastanesi Y\u00f6netim Kurulu \u00dcyesi Dr. Spas Pasev, bir\u00e7ok hekim ve hem\u015fireler haz\u0131r bulundular.<\/p>\n<p>Projenin sunumunu yapan K\u0131rcaali Hastanesi M\u00fcd\u00fcr\u00fc Dr. Todor \u00c7erkezov, bunun ikinci bir proje oldu\u011funu ve amac\u0131n\u0131n elde edilenleri geli\u015ftirmek oldu\u011funu vurgulad\u0131. \u0130lkinde ana yararlan\u0131c\u0131 kurumun K\u0131rcaali Hastanesi oldu\u011funu ve proje kapsam\u0131nda ameliyathanelerin yenilendi\u011fini, yeni modern donan\u0131m sat\u0131n al\u0131nd\u0131\u011f\u0131n\u0131, hastanelerin sa\u011fl\u0131k personeline \u00f6zel e\u011fitim verildi\u011fini ve acil durumlarda ortak bir hareket plan\u0131 haz\u0131rland\u0131\u011f\u0131n\u0131 belirtti.<\/p>\n<p>Yeni projenin amac\u0131 hastanelerin daha y\u00fcksek bir teknolojik seviyeye ve yeterli personel niteli\u011fine sahip olmas\u0131d\u0131r.<\/p>\n<p>Dr. Phillipidis, ilk projede amac\u0131n s\u0131n\u0131r\u0131n her iki taraf\u0131nda araba kazalar\u0131n\u0131n kurbanlar\u0131na hizmet etmek oldu\u011funu hat\u0131rlatt\u0131. G\u00fcm\u00fclcine \u015ei\u015fmano\u011flu Hastanesinde ameliyathaneler i\u00e7in modern ekipmanlar sat\u0131n al\u0131nacak, doktorlara \u00f6zel e\u011fitim verilecek, internet kampanyas\u0131 y\u00fcr\u00fct\u00fclecek. Kampanya, &#8220;Nas\u0131l Bir Hayat Kurtaral\u0131m\u201d slogan\u0131 alt\u0131nda y\u00fcr\u00fct\u00fcl\u00fcyor. Ayr\u0131ca Ma<br \/>\nkaza&#8217;n\u0131n her iki taraf\u0131nda ya\u015fayan 150 ki\u015fi, trafik kazas\u0131 vakalar\u0131nda yard\u0131mc\u0131 olmak ve tepki vermek \u00fczere e\u011fitilecek.<\/p><div id=\"bghab-418983498\" class=\"bghab-icerik-icine bghab-entity-placement\"><script async src=\"\/\/pagead2.googlesyndication.com\/pagead\/js\/adsbygoogle.js?client=ca-pub-6203283170189293\" crossorigin=\"anonymous\"><\/script><ins class=\"adsbygoogle\" style=\"display:block; text-align:center;\" data-ad-client=\"ca-pub-6203283170189293\" \ndata-ad-slot=\"7303146466\" \ndata-ad-layout=\"in-article\"\ndata-ad-format=\"fluid\" data-full-width-responsive=\"true\"><\/ins>\n<script> \n(adsbygoogle = window.adsbygoogle || []).push({}); \n<\/script>\n<\/div>\n<p>Yeni proje Eyl\u00fcl 2017&#8217;de uygulanmaya ba\u015flad\u0131.<\/p>\n<p>Dr. Todor \u00c7erkezov, \u201cAlaca\u011f\u0131m\u0131z t\u0131bbi ekipmanlar gelecek y\u0131llar boyunca operasyonel yeteneklerimizi geli\u015ftirecek. Bu, projeye y\u00fcksek d\u00fczeyde s\u00fcrd\u00fcr\u00fclebilirlik kazand\u0131racakt\u0131r\u201d diye \u00f6zetledi.<\/p>\n<p>&nbsp;<\/p>\n<p>&nbsp;<\/p>\n<p>K\u0131rcaali Haber<\/p>\n<div id=\"bghab-3470308256\" class=\"bghab-yazi-altinda bghab-entity-placement\"><script async src=\"https:\/\/pagead2.googlesyndication.com\/pagead\/js\/adsbygoogle.js\"><\/script>\r\n<!-- bghaber-yaz\u0131-sonu -->\r\n<ins class=\"adsbygoogle\"\r\n     style=\"display:block\"\r\n     data-ad-client=\"ca-pub-6203283170189293\"\r\n     data-ad-slot=\"4222328180\"\r\n     data-ad-format=\"auto\"\r\n     data-full-width-responsive=\"true\"><\/ins>\r\n<script>\r\n     (adsbygoogle = window.adsbygoogle || []).push({});\r\n<\/script><\/div><br style=\"clear: both; display: block; float: none;\"\/>","protected":false},"excerpt":{"rendered":"<p>&#8220;Sa\u011fl\u0131k Hizmetlerinin Ba\u015far\u0131l\u0131 Temellerini Te\u015fvik Etme: Acil Yard\u0131m Uygulanmas\u0131nda Hastaneler Aras\u0131ndaki \u0130\u015fbirli\u011fin Geli\u015ftirilmesi\u201d projesi kapsam\u0131nda Yunanistan\u2019daki G\u00fcm\u00fclcine (Komotini) \u015ei\u015fmano\u011flu Devlet Hastanesine ve K\u0131rcaali Dr. Atanas<\/p>\n","protected":false},"author":29,"featured_media":27189,"comment_status":"closed","ping_status":"closed","sticky":false,"template":"","format":"standard","meta":{"advanced_seo_description":"","jetpack_seo_html_title":"","jetpack_seo_noindex":false,"jetpack_seo_schema_type":"","_jetpack_newsletter_access":"","_jetpack_dont_email_post_to_subs":false,"_jetpack_newsletter_tier_id":0,"_jetpack_memberships_contains_paywalled_content":false,"_jetpack_feature_clip_id":0,"_jetpack_memberships_contains_paid_content":false,"footnotes":"","jetpack_post_was_ever_published":false},"categories":[7],"tags":[],"class_list":["post-27188","post","type-post","status-publish","format-standard","has-post-thumbnail","hentry","category-saglik-spor"],"jetpack_sharing_enabled":true,"jetpack_likes_enabled":true,"jetpack-related-posts":[],"jetpack_shortlink":"https:\/\/wp.me\/pc2PfJ-74w","jetpack_featured_media_url":"https:\/\/i0.wp.com\/www.bghaber.org\/bghaber\/wp-content\/uploads\/2018\/02\/K%C4%B1rcaali-ve-G%C3%BCm%C3%BClcine-devlet-hastaneleri-ortak-projeler.jpg?fit=700%2C540&ssl=1","_links":{"self":[{"href":"https:\/\/www.bghaber.org\/bghaber\/wp-json\/wp\/v2\/posts\/27188","targetHints":{"allow":["GET"]}}],"collection":[{"href":"https:\/\/www.bghaber.org\/bghaber\/wp-json\/wp\/v2\/posts"}],"about":[{"href":"https:\/\/www.bghaber.org\/bghaber\/wp-json\/wp\/v2\/types\/post"}],"author":[{"embeddable":true,"href":"https:\/\/www.bghaber.org\/bghaber\/wp-json\/wp\/v2\/users\/29"}],"replies":[{"embeddable":true,"href":"https:\/\/www.bghaber.org\/bghaber\/wp-json\/wp\/v2\/comments?post=27188"}],"version-history":[{"count":0,"href":"https:\/\/www.bghaber.org\/bghaber\/wp-json\/wp\/v2\/posts\/27188\/revisions"}],"wp:featuredmedia":[{"embeddable":true,"href":"https:\/\/www.bghaber.org\/bghaber\/wp-json\/wp\/v2\/media\/27189"}],"wp:attachment":[{"href":"https:\/\/www.bghaber.org\/bghaber\/wp-json\/wp\/v2\/media?parent=27188"}],"wp:term":[{"taxonomy":"category","embeddable":true,"href":"https:\/\/www.bghaber.org\/bghaber\/wp-json\/wp\/v2\/categories?post=27188"},{"taxonomy":"post_tag","embeddable":true,"href":"https:\/\/www.bghaber.org\/bghaber\/wp-json\/wp\/v2\/tags?post=27188"}],"curies":[{"name":"wp","href":"https:\/\/api.w.org\/{rel}","templated":true}]}}