{"id":27185,"date":"2018-02-13T14:30:21","date_gmt":"2018-02-13T11:30:21","guid":{"rendered":"http:\/\/www.bghaber.org\/bghaber\/?p=27185"},"modified":"2019-07-07T21:52:42","modified_gmt":"2019-07-07T19:52:42","slug":"avrupa-muzik-kulturunde-bati-dogu-arasindaki-iletisim-surecleri-formu","status":"publish","type":"post","link":"https:\/\/www.bghaber.org\/bghaber\/avrupa-muzik-kulturunde-bati-dogu-arasindaki-iletisim-surecleri-formu\/","title":{"rendered":"Avrupa M\u00fczik K\u00fclt\u00fcr\u00fcnde Bat\u0131 ve Do\u011fu Aras\u0131ndaki \u0130leti\u015fim S\u00fcre\u00e7leri Formu"},"content":{"rendered":"<p>Ge\u00e7enlerde Viyana \u015fehrinde &#8220;Hugo von Hofmannsthal&#8221; k\u00fclt\u00fcr evinde <em>&#8220;20. y\u00fczy\u0131l\u0131n ba\u015flar\u0131nda Avrupa m\u00fczik k\u00fclt\u00fcr\u00fcnde Bat\u0131 ve Do\u011fu aras\u0131ndaki ileti\u015fim s\u00fcre\u00e7leri&#8221;<\/em> konulu enteresan bir bilimsel forum d\u00fczenlendi. Forum Viyana \u015fehri 3. b\u00f6lge k\u00fclt\u00fcr dairesi taraf\u0131ndan \u00f6rg\u00fctlendi.<\/p>\n<p>\u015eehrin bu b\u00f6lgesi simgesel kurumlar ve binalar ile \u00fcnl\u00fcd\u00fcr. Arnold Sch\u00f6nberg Center \u00c7a\u011fda\u015f M\u00fczik Ara\u015ft\u0131rma Merkezi, G\u00fczel Sanatlar ve M\u00fczik Akademisi, Wiener Konzerthaus \u00fcnl\u00fc konser salonu, modern mimari \u00f6rneklerinden biri &#8211; Hundertwasserhaus . Bunlara &#8220;Wittgenstein&#8221; Bulgar K\u00fclt\u00fcr Merkezini de eklemeliyiz. Viyana&#8217;n\u0131n bu b\u00f6lgesi Gluck, Haydn, Mozart, Beethoven , Brahms, Bruckner, Mahler, Webern, Rihard Strauss gibi b\u00fcy\u00fck bestecilerin adlar\u0131yla da ba\u011fl\u0131d\u0131r.<\/p>\n<p>Forumun bilimsel y\u00f6neticisi, koordinat\u00f6r\u00fc ve sunucusu uzun y\u0131llardan beri Viyana&#8217;da oturan ses sanat\u00e7\u0131s\u0131 ve m\u00fczik bilimcisi Dr. Albena Haydenova. Forum \u00e7er\u00e7evesinde Litvanya, Rusya, Avusturya, Ukrayna, Almanya ve Bulgaristan&#8217;dan gelen konuklara konferans verdi. Avrupa m\u00fczik k\u00fclt\u00fcr\u00fcn\u00fcn geli\u015fmesinde Bulgaristan\u2019dan sanat\u00e7\u0131lar\u0131n de\u011fi\u015fik katk\u0131s\u0131na Bojidar Dobrev, Dr. Angelina Petrova, Prof. Anda Palieva de\u011findi.<\/p>\n<p>\u00dcnl\u00fc soprano Ana Tomova-Sintova&#8217;n\u0131n sanat yoluna ve repertuvar\u0131na adanan 250 foto\u011fraf resminden olu\u015fan sergi d\u00fczenlendi.<\/p>\n<p>Etkinlik Stravinski, Dimitar Nenov, Avusturyal\u0131 besteci Dieter Kaufmann eserlerinden olu\u015fan konser ile tamamland\u0131. Gen\u00e7 kemanc\u0131 Yoana Ruseva ve piyanist Angelina Petrova&#8217;n\u0131n sundu\u011fu Dimit\u0131r Nenov&#8217;un keman ve piyano Sonat\u0131 b\u00fcy\u00fck alk\u0131\u015flar toplad\u0131.<\/p><div id=\"bghab-4163478797\" class=\"bghab-icerik-icine bghab-entity-placement\"><script async src=\"\/\/pagead2.googlesyndication.com\/pagead\/js\/adsbygoogle.js?client=ca-pub-6203283170189293\" crossorigin=\"anonymous\"><\/script><ins class=\"adsbygoogle\" style=\"display:block; text-align:center;\" data-ad-client=\"ca-pub-6203283170189293\" \ndata-ad-slot=\"7303146466\" \ndata-ad-layout=\"in-article\"\ndata-ad-format=\"fluid\" data-full-width-responsive=\"true\"><\/ins>\n<script> \n(adsbygoogle = window.adsbygoogle || []).push({}); \n<\/script>\n<\/div>\n<p>&nbsp;<\/p>\n<p>T\u00fcrk\u00e7esi: M\u00fcjgan Baharova, BNR<\/p>\n<div id=\"bghab-2943119324\" class=\"bghab-yazi-altinda bghab-entity-placement\"><script async src=\"https:\/\/pagead2.googlesyndication.com\/pagead\/js\/adsbygoogle.js\"><\/script>\r\n<!-- bghaber-yaz\u0131-sonu -->\r\n<ins class=\"adsbygoogle\"\r\n     style=\"display:block\"\r\n     data-ad-client=\"ca-pub-6203283170189293\"\r\n     data-ad-slot=\"4222328180\"\r\n     data-ad-format=\"auto\"\r\n     data-full-width-responsive=\"true\"><\/ins>\r\n<script>\r\n     (adsbygoogle = window.adsbygoogle || []).push({});\r\n<\/script><\/div><br style=\"clear: both; display: block; float: none;\"\/>","protected":false},"excerpt":{"rendered":"<p>Ge\u00e7enlerde Viyana \u015fehrinde &#8220;Hugo von Hofmannsthal&#8221; k\u00fclt\u00fcr evinde &#8220;20. y\u00fczy\u0131l\u0131n ba\u015flar\u0131nda Avrupa m\u00fczik k\u00fclt\u00fcr\u00fcnde Bat\u0131 ve Do\u011fu aras\u0131ndaki ileti\u015fim s\u00fcre\u00e7leri&#8221; konulu enteresan bir bilimsel forum<\/p>\n","protected":false},"author":29,"featured_media":27186,"comment_status":"closed","ping_status":"closed","sticky":false,"template":"","format":"standard","meta":{"advanced_seo_description":"","jetpack_seo_html_title":"","jetpack_seo_noindex":false,"jetpack_seo_schema_type":"","_jetpack_newsletter_access":"","_jetpack_dont_email_post_to_subs":false,"_jetpack_newsletter_tier_id":0,"_jetpack_memberships_contains_paywalled_content":false,"_jetpack_feature_clip_id":0,"_jetpack_memberships_contains_paid_content":false,"footnotes":"","jetpack_post_was_ever_published":false},"categories":[10],"tags":[],"class_list":["post-27185","post","type-post","status-publish","format-standard","has-post-thumbnail","hentry","category-kultur-sanat"],"jetpack_sharing_enabled":true,"jetpack_likes_enabled":true,"jetpack-related-posts":[],"jetpack_shortlink":"https:\/\/wp.me\/pc2PfJ-74t","jetpack_featured_media_url":"https:\/\/i0.wp.com\/www.bghaber.org\/bghaber\/wp-content\/uploads\/2018\/02\/hugo-von-hofmannsthal-kultur-evi-viyana.jpg?fit=850%2C478&ssl=1","_links":{"self":[{"href":"https:\/\/www.bghaber.org\/bghaber\/wp-json\/wp\/v2\/posts\/27185","targetHints":{"allow":["GET"]}}],"collection":[{"href":"https:\/\/www.bghaber.org\/bghaber\/wp-json\/wp\/v2\/posts"}],"about":[{"href":"https:\/\/www.bghaber.org\/bghaber\/wp-json\/wp\/v2\/types\/post"}],"author":[{"embeddable":true,"href":"https:\/\/www.bghaber.org\/bghaber\/wp-json\/wp\/v2\/users\/29"}],"replies":[{"embeddable":true,"href":"https:\/\/www.bghaber.org\/bghaber\/wp-json\/wp\/v2\/comments?post=27185"}],"version-history":[{"count":0,"href":"https:\/\/www.bghaber.org\/bghaber\/wp-json\/wp\/v2\/posts\/27185\/revisions"}],"wp:featuredmedia":[{"embeddable":true,"href":"https:\/\/www.bghaber.org\/bghaber\/wp-json\/wp\/v2\/media\/27186"}],"wp:attachment":[{"href":"https:\/\/www.bghaber.org\/bghaber\/wp-json\/wp\/v2\/media?parent=27185"}],"wp:term":[{"taxonomy":"category","embeddable":true,"href":"https:\/\/www.bghaber.org\/bghaber\/wp-json\/wp\/v2\/categories?post=27185"},{"taxonomy":"post_tag","embeddable":true,"href":"https:\/\/www.bghaber.org\/bghaber\/wp-json\/wp\/v2\/tags?post=27185"}],"curies":[{"name":"wp","href":"https:\/\/api.w.org\/{rel}","templated":true}]}}