{"id":27183,"date":"2018-02-13T12:00:16","date_gmt":"2018-02-13T09:00:16","guid":{"rendered":"http:\/\/www.bghaber.org\/bghaber\/?p=27183"},"modified":"2019-07-07T21:52:42","modified_gmt":"2019-07-07T19:52:42","slug":"bulgaristan-yenilenebilir-enerji-kaynaklarini-arttirdi","status":"publish","type":"post","link":"https:\/\/www.bghaber.org\/bghaber\/bulgaristan-yenilenebilir-enerji-kaynaklarini-arttirdi\/","title":{"rendered":"Bulgaristan yenilenebilir enerji kaynaklar\u0131n\u0131 artt\u0131rd\u0131"},"content":{"rendered":"<p>Bulgaristan, yenilenebilir enerji kaynaklar\u0131n\u0131n kullan\u0131lmas\u0131 i\u00e7in normlar\u0131 yerine getirdikten sonra fiyatlar\u0131n normalle\u015fmesini de haz\u0131rl\u0131yor.<\/p>\n<p>Yak\u0131nda Eurostat, Bulgaristan\u2019\u0131n, \u201cAvrupa 2020\u201d stratejisindeki yenilenebilir enerji kaynaklar\u0131ndan elektrik kullan\u0131m\u0131 i\u00e7in \u00f6ng\u00f6r\u00fclen y\u00fczde 16 oran\u0131ndaki milli seviyeyi a\u015ft\u0131\u011f\u0131n\u0131 teyit etti. Yenilenebilir enerji kaynaklar\u0131ndan elektrik kullan\u0131m\u0131n\u0131n pay\u0131 2016 y\u0131l\u0131nda y\u00fczde 18,8\u2019e vard\u0131, ge\u00e7en 12 sene i\u00e7inde ise iki kat artt\u0131.<\/p>\n<p>AB\u2019nin amac\u0131 yenilenebilir enerji kaynaklar\u0131ndan enerjinin nihai t\u00fcketiminin 2020 y\u0131l\u0131nda y\u00fczde 20\u2019ye, 2030 y\u0131l\u0131nda ise en az y\u00fczde 27\u2019ye varmas\u0131d\u0131r. Ancak yenilenebilir enerji kaynaklar\u0131ndan elektri\u011fin nihai kullan\u0131m\u0131ndaki y\u00fcksek pay\u0131 y\u00fcksek fiyatlar\u0131 y\u00fcz\u00fcnden Bulgar halk\u0131n\u0131 pek sevindirmiyor. Bu y\u00fczden daha ge\u00e7en sene iktidardakiler, i\u015fverenler ve s\u0131radan t\u00fcketicilerin kar\u015f\u0131 \u00e7\u0131kt\u0131\u011f\u0131 ve yard\u0131m\u0131yla yenilenebilir enerji kaynaklar\u0131ndan enerji \u00fcreticilerinin ayr\u0131cal\u0131klar\u0131n\u0131n finanse edildi\u011fi \u201cToplum \u00f6n\u00fcnde sorumluluk\u201d skandal zamm\u0131n\u0131 kald\u0131racak Enerji Yasas\u0131\u2019nda de\u011fi\u015fiklikler niyetledi\u011fini beyan etti.<\/p>\n<p>Serbest piyasadaki elektri\u011fin pahal\u0131la\u015fmas\u0131 y\u00fcz\u00fcnden 28 \u015eubat tarihinde i\u015fverenler protestosu tehdidi kar\u015f\u0131s\u0131nda parlamento, Enerji Yasas\u0131\u2019nda de\u011fi\u015fiklikleri oylama y\u00fck\u00fcml\u00fcl\u00fc\u011f\u00fcn\u00fc \u00fcstlendi. Bunun sayesinde 1 Temmuz 2018 tarihi itibariyle g\u00fc\u00e7 kapasitesi 5 MW \u00fczerinde olan yenilenebilir enerji kaynaklar\u0131 i\u00e7in b\u00fct\u00fcn tesisler, kojenerasyonlar, santraller ve \u0131s\u0131 \u00fcretim tesisleri, elektrik enerjisini sadece elektrik borsas\u0131nda satacakt\u0131r.<\/p>\n<p>Kararla\u015ft\u0131r\u0131lan borsa fiyat\u0131 ile enerji d\u00fczenleyicisi taraf\u0131ndan belirlenen ayr\u0131cal\u0131kl\u0131 fiyatlar aras\u0131ndaki fark, Elektrik Enerjisi Sistemi G\u00fcvenlik Fonu taraf\u0131ndan \u00f6denecektir. Beklenen de\u011fi\u015fikliklerle toplumun zay\u0131f gruplar\u0131ndan t\u00fcketicilerin, t\u00fcketimin belli s\u0131n\u0131rlar\u0131 i\u00e7erisinde onlar i\u00e7in ayr\u0131cal\u0131kl\u0131 olan bir elektrik enerjisi fiyat\u0131 ile korunmu\u015f olmas\u0131 bekleniyor.<\/p><div id=\"bghab-709852793\" class=\"bghab-icerik-icine bghab-entity-placement\"><script async src=\"\/\/pagead2.googlesyndication.com\/pagead\/js\/adsbygoogle.js?client=ca-pub-6203283170189293\" crossorigin=\"anonymous\"><\/script><ins class=\"adsbygoogle\" style=\"display:block; text-align:center;\" data-ad-client=\"ca-pub-6203283170189293\" \ndata-ad-slot=\"7303146466\" \ndata-ad-layout=\"in-article\"\ndata-ad-format=\"fluid\" data-full-width-responsive=\"true\"><\/ins>\n<script> \n(adsbygoogle = window.adsbygoogle || []).push({}); \n<\/script>\n<\/div>\n<p>Bulgaristan\u2019da n\u00fcfusun zay\u0131f gruplar\u0131ndan olan elektrik t\u00fcketicileri, yakla\u015f\u0131k 1.1 milyon vatanda\u015ft\u0131r ve onlar\u0131n gelecekte elektrik fiyat\u0131n\u0131n pahal\u0131la\u015fmas\u0131n\u0131 kar\u015f\u0131layabilmesi i\u00e7in y\u0131lda 45 milyon avro de\u011ferindeki \u015fimdiki enerji yard\u0131mlar\u0131, 70 milyon avroya art\u0131r\u0131lmal\u0131d\u0131r.<\/p>\n<p>Bulgaristan\u2019da her \u015feyin nas\u0131l geli\u015fece\u011fi yasa de\u011fi\u015fikliklerinin 1 Temmuz 2018 tarihi itibariyle y\u00fcr\u00fcrl\u00fc\u011fe getirilmesinden sonra g\u00f6r\u00fclecektir.<\/p>\n<p>&nbsp;<\/p>\n<p>\u00c7eviri: Rayna \u0130vanova, BNR<\/p>\n<div id=\"bghab-529765411\" class=\"bghab-yazi-altinda bghab-entity-placement\"><script async src=\"https:\/\/pagead2.googlesyndication.com\/pagead\/js\/adsbygoogle.js\"><\/script>\r\n<!-- bghaber-yaz\u0131-sonu -->\r\n<ins class=\"adsbygoogle\"\r\n     style=\"display:block\"\r\n     data-ad-client=\"ca-pub-6203283170189293\"\r\n     data-ad-slot=\"4222328180\"\r\n     data-ad-format=\"auto\"\r\n     data-full-width-responsive=\"true\"><\/ins>\r\n<script>\r\n     (adsbygoogle = window.adsbygoogle || []).push({});\r\n<\/script><\/div><br style=\"clear: both; display: block; float: none;\"\/>","protected":false},"excerpt":{"rendered":"<p>Bulgaristan, yenilenebilir enerji kaynaklar\u0131n\u0131n kullan\u0131lmas\u0131 i\u00e7in normlar\u0131 yerine getirdikten sonra fiyatlar\u0131n normalle\u015fmesini de haz\u0131rl\u0131yor. Yak\u0131nda Eurostat, Bulgaristan\u2019\u0131n, \u201cAvrupa 2020\u201d stratejisindeki yenilenebilir enerji kaynaklar\u0131ndan elektrik kullan\u0131m\u0131<\/p>\n","protected":false},"author":29,"featured_media":7128,"comment_status":"closed","ping_status":"closed","sticky":false,"template":"","format":"standard","meta":{"advanced_seo_description":"","jetpack_seo_html_title":"","jetpack_seo_noindex":false,"jetpack_seo_schema_type":"","_jetpack_newsletter_access":"","_jetpack_dont_email_post_to_subs":false,"_jetpack_newsletter_tier_id":0,"_jetpack_memberships_contains_paywalled_content":false,"_jetpack_feature_clip_id":0,"_jetpack_memberships_contains_paid_content":false,"footnotes":"","jetpack_post_was_ever_published":false},"categories":[9,1],"tags":[],"class_list":["post-27183","post","type-post","status-publish","format-standard","has-post-thumbnail","hentry","category-ekonomi","category-haberler"],"jetpack_sharing_enabled":true,"jetpack_likes_enabled":true,"jetpack-related-posts":[],"jetpack_shortlink":"https:\/\/wp.me\/pc2PfJ-74r","jetpack_featured_media_url":"https:\/\/i0.wp.com\/www.bghaber.org\/bghaber\/wp-content\/uploads\/2013\/10\/gunes-enerjisi.jpg?fit=300%2C225&ssl=1","_links":{"self":[{"href":"https:\/\/www.bghaber.org\/bghaber\/wp-json\/wp\/v2\/posts\/27183","targetHints":{"allow":["GET"]}}],"collection":[{"href":"https:\/\/www.bghaber.org\/bghaber\/wp-json\/wp\/v2\/posts"}],"about":[{"href":"https:\/\/www.bghaber.org\/bghaber\/wp-json\/wp\/v2\/types\/post"}],"author":[{"embeddable":true,"href":"https:\/\/www.bghaber.org\/bghaber\/wp-json\/wp\/v2\/users\/29"}],"replies":[{"embeddable":true,"href":"https:\/\/www.bghaber.org\/bghaber\/wp-json\/wp\/v2\/comments?post=27183"}],"version-history":[{"count":0,"href":"https:\/\/www.bghaber.org\/bghaber\/wp-json\/wp\/v2\/posts\/27183\/revisions"}],"wp:featuredmedia":[{"embeddable":true,"href":"https:\/\/www.bghaber.org\/bghaber\/wp-json\/wp\/v2\/media\/7128"}],"wp:attachment":[{"href":"https:\/\/www.bghaber.org\/bghaber\/wp-json\/wp\/v2\/media?parent=27183"}],"wp:term":[{"taxonomy":"category","embeddable":true,"href":"https:\/\/www.bghaber.org\/bghaber\/wp-json\/wp\/v2\/categories?post=27183"},{"taxonomy":"post_tag","embeddable":true,"href":"https:\/\/www.bghaber.org\/bghaber\/wp-json\/wp\/v2\/tags?post=27183"}],"curies":[{"name":"wp","href":"https:\/\/api.w.org\/{rel}","templated":true}]}}