{"id":27180,"date":"2018-02-13T13:00:36","date_gmt":"2018-02-13T10:00:36","guid":{"rendered":"http:\/\/www.bghaber.org\/bghaber\/?p=27180"},"modified":"2019-07-07T21:52:42","modified_gmt":"2019-07-07T19:52:42","slug":"razgrad-saat-kulesi-154-yildir-calisiyor","status":"publish","type":"post","link":"https:\/\/www.bghaber.org\/bghaber\/razgrad-saat-kulesi-154-yildir-calisiyor\/","title":{"rendered":"Razgrad Saat Kulesi 154 y\u0131ld\u0131r \u00e7al\u0131\u015f\u0131yor"},"content":{"rendered":"<p>Razgrad&#8217;\u0131n sembollerinden biri olan \u015fehir saati, bug\u00fcnden itibaren yine zaman\u0131 \u00f6l\u00e7\u00fcyor. 2016 y\u0131l\u0131n\u0131n yaz mevsiminde bir mekanizmas\u0131n\u0131n bozulmas\u0131ndan dolay\u0131 duran saati mekanik par\u00e7alarla onaracak olan uzman\u0131n bulunmas\u0131, bir bu\u00e7uk y\u0131l ald\u0131.<\/p>\n<p>Razgrad Belediye Ba\u015fkan\u0131 dr. Valentin Vasilev, saat mekanizmas\u0131n\u0131 otantik halini bozmadan onaracak ustan\u0131n bulunmas\u0131n\u0131n zor bir s\u00fcre\u00e7 oldu\u011funu belirtti. 2017 y\u0131l\u0131n\u0131n ba\u015f\u0131nda saatin onar\u0131m i\u015fi i\u00e7in farkl\u0131 \u015firketlerden teklfler al\u0131nd\u0131, fakat onlar\u0131n hepsi eski saat par\u00e7alar\u0131n\u0131 dijital cihazlarla de\u011fi\u015ftirmeyi \u00f6neriyordu. Saatin bak\u0131m\u0131n\u0131 art\u0131k 25 y\u0131ld\u0131r yapan Razgrad&#8217;l\u0131 saat ustas\u0131 \u0130lko Kostov da mekanizmay\u0131 eski haline getirebilece\u011finin garantisini veremedi.<\/p>\n<p>Hal b\u00f6yle olunca Ulusal Saat\u00e7iler Derne\u011fine ba\u015fvuruldu. Gabrovo&#8217;dan bir usta, saatin onar\u0131m i\u015fini \u00fcstlendi, ancak bir s\u00fcre sonra vazge\u00e7ti. Aylar s\u00fcren aray\u0131\u015flar\u0131n neticesinde Razgrad&#8217;\u0131n 154 y\u0131ll\u0131k saatini hayata d\u00f6nd\u00fcrebilecek uzman nihayet bulundu. Ulusal \u00f6nem ta\u015f\u0131yan k\u00fclt\u00fcr an\u0131t\u0131 olan saatin restorasyonu ve montaj i\u015fini ba\u015fkentli saat ustas\u0131 Georgi Mil\u00e7ev \u00fcstlendi. S\u00f6zlerine g\u00f6re saat mekanizmas\u0131n\u0131n baz\u0131 par\u00e7alar\u0131 yeniden i\u015flendi, baz\u0131lar\u0131 ise yenileri ile de\u011fi\u015ftirildi.<\/p>\n<p>Razgrad&#8217;\u0131n sembol\u00fc olan Saat Kulesi, 18. y\u00fczy\u0131lda kuruldu, fakat kurulduktan k\u0131sa s\u00fcre sonra bir tarafa yamuldu\u011fu ve d\u00fc\u015fme tehlikesi oldu\u011fu i\u00e7in y\u0131k\u0131ld\u0131. Kule 1864 y\u0131l\u0131nda Ton\u00e7o Ton\u00e7ev taraf\u0131ndan tamamen yap\u0131land\u0131. K\u0131z\u0131, babas\u0131n\u0131n kuleyi yeniden kurma i\u015fine ili\u015fkin Mithad Pa\u015fa ile bahse girdi\u011fini anlat\u0131yor. Pa\u015fa kuleyi be\u011fenmedi\u011fi halde ustan\u0131n ba\u015f\u0131n\u0131 kesebilirdi, yap\u0131y\u0131 be\u011fenirse ise b\u00fcy\u00fck miktarda para \u00f6deyecekti. Nitekim pa\u015fan\u0131n kuleyi be\u011fenmesi \u00fczerine kule, art\u0131k 154 y\u0131ld\u0131r Razgrad sakinlerinin zaman\u0131n\u0131 \u00f6l\u00e7\u00fcyor.<\/p>\n<p>1961 y\u0131l\u0131nda saat mekanizmas\u0131 de\u011fi\u015ftirildi ve eski mekanizma Tarih M\u00fczesine al\u0131nd\u0131. 1984 y\u0131l\u0131nda Saat Kulesi, ulusal k\u00fclt\u00fcr an\u0131t\u0131 ilan edildi.<\/p><div id=\"bghab-517958297\" class=\"bghab-icerik-icine bghab-entity-placement\"><script async src=\"\/\/pagead2.googlesyndication.com\/pagead\/js\/adsbygoogle.js?client=ca-pub-6203283170189293\" crossorigin=\"anonymous\"><\/script><ins class=\"adsbygoogle\" style=\"display:block; text-align:center;\" data-ad-client=\"ca-pub-6203283170189293\" \ndata-ad-slot=\"7303146466\" \ndata-ad-layout=\"in-article\"\ndata-ad-format=\"fluid\" data-full-width-responsive=\"true\"><\/ins>\n<script> \n(adsbygoogle = window.adsbygoogle || []).push({}); \n<\/script>\n<\/div>\n<p>&nbsp;<\/p>\n<p><i>Haber ve foto\u011fraflar: Saadet \u0130rfan, BNR<\/i><\/p>\n<div id=\"bghab-2197954838\" class=\"bghab-yazi-altinda bghab-entity-placement\"><script async src=\"https:\/\/pagead2.googlesyndication.com\/pagead\/js\/adsbygoogle.js\"><\/script>\r\n<!-- bghaber-yaz\u0131-sonu -->\r\n<ins class=\"adsbygoogle\"\r\n     style=\"display:block\"\r\n     data-ad-client=\"ca-pub-6203283170189293\"\r\n     data-ad-slot=\"4222328180\"\r\n     data-ad-format=\"auto\"\r\n     data-full-width-responsive=\"true\"><\/ins>\r\n<script>\r\n     (adsbygoogle = window.adsbygoogle || []).push({});\r\n<\/script><\/div><br style=\"clear: both; display: block; float: none;\"\/>","protected":false},"excerpt":{"rendered":"<p>Razgrad&#8217;\u0131n sembollerinden biri olan \u015fehir saati, bug\u00fcnden itibaren yine zaman\u0131 \u00f6l\u00e7\u00fcyor. 2016 y\u0131l\u0131n\u0131n yaz mevsiminde bir mekanizmas\u0131n\u0131n bozulmas\u0131ndan dolay\u0131 duran saati mekanik par\u00e7alarla onaracak olan<\/p>\n","protected":false},"author":29,"featured_media":27181,"comment_status":"closed","ping_status":"closed","sticky":false,"template":"","format":"standard","meta":{"advanced_seo_description":"","jetpack_seo_html_title":"","jetpack_seo_noindex":false,"jetpack_seo_schema_type":"","_jetpack_newsletter_access":"","_jetpack_dont_email_post_to_subs":false,"_jetpack_newsletter_tier_id":0,"_jetpack_memberships_contains_paywalled_content":false,"_jetpack_feature_clip_id":0,"_jetpack_memberships_contains_paid_content":false,"footnotes":"","jetpack_post_was_ever_published":false},"categories":[10],"tags":[],"class_list":["post-27180","post","type-post","status-publish","format-standard","has-post-thumbnail","hentry","category-kultur-sanat"],"jetpack_sharing_enabled":true,"jetpack_likes_enabled":true,"jetpack-related-posts":[],"jetpack_shortlink":"https:\/\/wp.me\/pc2PfJ-74o","jetpack_featured_media_url":"https:\/\/i0.wp.com\/www.bghaber.org\/bghaber\/wp-content\/uploads\/2018\/02\/razgrad-saat-kulesi.jpg?fit=540%2C720&ssl=1","_links":{"self":[{"href":"https:\/\/www.bghaber.org\/bghaber\/wp-json\/wp\/v2\/posts\/27180","targetHints":{"allow":["GET"]}}],"collection":[{"href":"https:\/\/www.bghaber.org\/bghaber\/wp-json\/wp\/v2\/posts"}],"about":[{"href":"https:\/\/www.bghaber.org\/bghaber\/wp-json\/wp\/v2\/types\/post"}],"author":[{"embeddable":true,"href":"https:\/\/www.bghaber.org\/bghaber\/wp-json\/wp\/v2\/users\/29"}],"replies":[{"embeddable":true,"href":"https:\/\/www.bghaber.org\/bghaber\/wp-json\/wp\/v2\/comments?post=27180"}],"version-history":[{"count":0,"href":"https:\/\/www.bghaber.org\/bghaber\/wp-json\/wp\/v2\/posts\/27180\/revisions"}],"wp:featuredmedia":[{"embeddable":true,"href":"https:\/\/www.bghaber.org\/bghaber\/wp-json\/wp\/v2\/media\/27181"}],"wp:attachment":[{"href":"https:\/\/www.bghaber.org\/bghaber\/wp-json\/wp\/v2\/media?parent=27180"}],"wp:term":[{"taxonomy":"category","embeddable":true,"href":"https:\/\/www.bghaber.org\/bghaber\/wp-json\/wp\/v2\/categories?post=27180"},{"taxonomy":"post_tag","embeddable":true,"href":"https:\/\/www.bghaber.org\/bghaber\/wp-json\/wp\/v2\/tags?post=27180"}],"curies":[{"name":"wp","href":"https:\/\/api.w.org\/{rel}","templated":true}]}}