{"id":27175,"date":"2018-02-12T20:36:51","date_gmt":"2018-02-12T17:36:51","guid":{"rendered":"http:\/\/www.bghaber.org\/bghaber\/?p=27175"},"modified":"2019-07-07T21:52:43","modified_gmt":"2019-07-07T19:52:43","slug":"turizm-haftasina-bulgaristan-baskanligi-damga-vuracak","status":"publish","type":"post","link":"https:\/\/www.bghaber.org\/bghaber\/turizm-haftasina-bulgaristan-baskanligi-damga-vuracak\/","title":{"rendered":"Turizm haftas\u0131na Bulgaristan Ba\u015fkanl\u0131\u011f\u0131 damga vuracak"},"content":{"rendered":"<p>Bu hafta bizde\u00a0 turizm ve AB Konseyi Bulgaristan ba\u015fkanl\u0131\u011f\u0131 ile ba\u011flant\u0131l\u0131\u00a0 etkinlikler d\u00fczenlenecek.<\/p>\n<p>13 \u015eubat g\u00fcn\u00fc AB Turizm Bakanlar\u0131\u2019n\u0131n gayri resmi g\u00f6r\u00fc\u015fmesi d\u00fczenlenecek. Onun ard\u0131ndan \u2018Turizm ve ekonomik b\u00fcy\u00fcme\u2019\u00a0 zirve toplant\u0131s\u0131 d\u00fczenlenecek. Turizm Bakan\u0131 Nikolina Angelkova : \u2018G\u00f6r\u00fc\u015fmede her bir \u00fcye devlet Avrupa\u2019da turizmin geli\u015fmesine dair vizyonunu sunacak. Ama\u00e7\u00a0 \u2018Avrupa \u2013 bir destinasyon\u2019 gibi giri\u015fimler etraf\u0131nda birle\u015fmek.\u2019 Dedi.<\/p>\n<p>14- 16 \u015eubat g\u00fcnlerinde Bulgaristan\u2019da en b\u00fcy\u00fck\u00a0 turistik forum olan\u00a0 TAT\u0130L\/SPA\u00a0 EXPO 35.\u00a0 Uluslararas\u0131 Turistik\u00a0 Borsas\u0131 d\u00fczenlenecek.<\/p>\n<p>&nbsp;<\/p>\n<p>BNR<\/p>\n<div id=\"bghab-3291390598\" class=\"bghab-yazi-altinda bghab-entity-placement\"><script async src=\"https:\/\/pagead2.googlesyndication.com\/pagead\/js\/adsbygoogle.js\"><\/script>\r\n<!-- bghaber-yaz\u0131-sonu -->\r\n<ins class=\"adsbygoogle\"\r\n     style=\"display:block\"\r\n     data-ad-client=\"ca-pub-6203283170189293\"\r\n     data-ad-slot=\"4222328180\"\r\n     data-ad-format=\"auto\"\r\n     data-full-width-responsive=\"true\"><\/ins>\r\n<script>\r\n     (adsbygoogle = window.adsbygoogle || []).push({});\r\n<\/script><\/div><br style=\"clear: both; display: block; float: none;\"\/>","protected":false},"excerpt":{"rendered":"<p>Bu hafta bizde\u00a0 turizm ve AB Konseyi Bulgaristan ba\u015fkanl\u0131\u011f\u0131 ile ba\u011flant\u0131l\u0131\u00a0 etkinlikler d\u00fczenlenecek. 13 \u015eubat g\u00fcn\u00fc AB Turizm Bakanlar\u0131\u2019n\u0131n gayri resmi g\u00f6r\u00fc\u015fmesi d\u00fczenlenecek. Onun ard\u0131ndan<\/p>\n","protected":false},"author":29,"featured_media":26178,"comment_status":"closed","ping_status":"closed","sticky":false,"template":"","format":"standard","meta":{"advanced_seo_description":"","jetpack_seo_html_title":"","jetpack_seo_noindex":false,"jetpack_seo_schema_type":"","_jetpack_newsletter_access":"","_jetpack_dont_email_post_to_subs":false,"_jetpack_newsletter_tier_id":0,"_jetpack_memberships_contains_paywalled_content":false,"_jetpack_feature_clip_id":0,"_jetpack_memberships_contains_paid_content":false,"footnotes":"","jetpack_post_was_ever_published":false},"categories":[5],"tags":[],"class_list":["post-27175","post","type-post","status-publish","format-standard","has-post-thumbnail","hentry","category-yasam"],"jetpack_sharing_enabled":true,"jetpack_likes_enabled":true,"jetpack-related-posts":[],"jetpack_shortlink":"https:\/\/wp.me\/pc2PfJ-74j","jetpack_featured_media_url":"https:\/\/i0.wp.com\/www.bghaber.org\/bghaber\/wp-content\/uploads\/2018\/01\/nikolina-angelkova-bulgaristan-turizm-bakani.jpg?fit=640%2C480&ssl=1","_links":{"self":[{"href":"https:\/\/www.bghaber.org\/bghaber\/wp-json\/wp\/v2\/posts\/27175","targetHints":{"allow":["GET"]}}],"collection":[{"href":"https:\/\/www.bghaber.org\/bghaber\/wp-json\/wp\/v2\/posts"}],"about":[{"href":"https:\/\/www.bghaber.org\/bghaber\/wp-json\/wp\/v2\/types\/post"}],"author":[{"embeddable":true,"href":"https:\/\/www.bghaber.org\/bghaber\/wp-json\/wp\/v2\/users\/29"}],"replies":[{"embeddable":true,"href":"https:\/\/www.bghaber.org\/bghaber\/wp-json\/wp\/v2\/comments?post=27175"}],"version-history":[{"count":0,"href":"https:\/\/www.bghaber.org\/bghaber\/wp-json\/wp\/v2\/posts\/27175\/revisions"}],"wp:featuredmedia":[{"embeddable":true,"href":"https:\/\/www.bghaber.org\/bghaber\/wp-json\/wp\/v2\/media\/26178"}],"wp:attachment":[{"href":"https:\/\/www.bghaber.org\/bghaber\/wp-json\/wp\/v2\/media?parent=27175"}],"wp:term":[{"taxonomy":"category","embeddable":true,"href":"https:\/\/www.bghaber.org\/bghaber\/wp-json\/wp\/v2\/categories?post=27175"},{"taxonomy":"post_tag","embeddable":true,"href":"https:\/\/www.bghaber.org\/bghaber\/wp-json\/wp\/v2\/tags?post=27175"}],"curies":[{"name":"wp","href":"https:\/\/api.w.org\/{rel}","templated":true}]}}