{"id":27172,"date":"2018-02-13T09:30:49","date_gmt":"2018-02-13T06:30:49","guid":{"rendered":"http:\/\/www.bghaber.org\/bghaber\/?p=27172"},"modified":"2019-07-07T21:52:43","modified_gmt":"2019-07-07T19:52:43","slug":"bulgaristan-ekonomik-isbirligi-kalkinma-orgutu-ile-ortak-faaliyetleri-gorustu","status":"publish","type":"post","link":"https:\/\/www.bghaber.org\/bghaber\/bulgaristan-ekonomik-isbirligi-kalkinma-orgutu-ile-ortak-faaliyetleri-gorustu\/","title":{"rendered":"Bulgaristan, Ekonomik \u0130\u015fbirli\u011fi ve Kalk\u0131nma \u00d6rg\u00fct\u00fc ile ortak faaliyetleri g\u00f6r\u00fc\u015ft\u00fc"},"content":{"rendered":"<p>Ba\u015fbakan Yard\u0131mc\u0131s\u0131 Tomislav Don\u00e7ev Ekonomik \u0130\u015fbirli\u011fi ve Kalk\u0131nma \u00d6rg\u00fct\u00fc (OECD) temsilcileriyle bir araya geldi ve kamu sekt\u00f6r\u00fc y\u00f6netimi, stratejik planlama ve politika koordinasyonunun\u00a0 idaresini g\u00fc\u00e7lendirilme alanlar\u0131nda potansiyel i\u015fbirli\u011fini g\u00f6r\u00fc\u015ft\u00fc.<\/p>\n<p>Toplant\u0131, kamu sekt\u00f6r\u00fc reformlar\u0131n\u0131n y\u00fcr\u00fct\u00fclmesi ve \u00fcye devletlerle en iyi uygulamalar\u0131n payla\u015f\u0131lmas\u0131 i\u00e7in imkanlar ele al\u0131nd\u0131.<\/p>\n<p>Bulgaristan&#8217;\u0131n OECD&#8217;ye kat\u0131l\u0131m\u0131, 2001 y\u0131l\u0131ndan bu yana bir\u00e7ok h\u00fck\u00fcmet s\u0131ras\u0131nda siyas\u0131 uyuma var\u0131lan \u00fclkenin d\u0131\u015f politika \u00f6nceliklerinden biridir.<\/p>\n<p>&nbsp;<\/p>\n<p>BNR<\/p>\n<div id=\"bghab-1625975344\" class=\"bghab-yazi-altinda bghab-entity-placement\"><script async src=\"https:\/\/pagead2.googlesyndication.com\/pagead\/js\/adsbygoogle.js\"><\/script>\r\n<!-- bghaber-yaz\u0131-sonu -->\r\n<ins class=\"adsbygoogle\"\r\n     style=\"display:block\"\r\n     data-ad-client=\"ca-pub-6203283170189293\"\r\n     data-ad-slot=\"4222328180\"\r\n     data-ad-format=\"auto\"\r\n     data-full-width-responsive=\"true\"><\/ins>\r\n<script>\r\n     (adsbygoogle = window.adsbygoogle || []).push({});\r\n<\/script><\/div><br style=\"clear: both; display: block; float: none;\"\/>","protected":false},"excerpt":{"rendered":"<p>Ba\u015fbakan Yard\u0131mc\u0131s\u0131 Tomislav Don\u00e7ev Ekonomik \u0130\u015fbirli\u011fi ve Kalk\u0131nma \u00d6rg\u00fct\u00fc (OECD) temsilcileriyle bir araya geldi ve kamu sekt\u00f6r\u00fc y\u00f6netimi, stratejik planlama ve politika koordinasyonunun\u00a0 idaresini g\u00fc\u00e7lendirilme<\/p>\n","protected":false},"author":29,"featured_media":27173,"comment_status":"closed","ping_status":"closed","sticky":false,"template":"","format":"standard","meta":{"advanced_seo_description":"","jetpack_seo_html_title":"","jetpack_seo_noindex":false,"jetpack_seo_schema_type":"","_jetpack_newsletter_access":"","_jetpack_dont_email_post_to_subs":false,"_jetpack_newsletter_tier_id":0,"_jetpack_memberships_contains_paywalled_content":false,"_jetpack_feature_clip_id":0,"_jetpack_memberships_contains_paid_content":false,"footnotes":"","jetpack_post_was_ever_published":false},"categories":[1,4],"tags":[],"class_list":["post-27172","post","type-post","status-publish","format-standard","has-post-thumbnail","hentry","category-haberler","category-siyaset"],"jetpack_sharing_enabled":true,"jetpack_likes_enabled":true,"jetpack-related-posts":[],"jetpack_shortlink":"https:\/\/wp.me\/pc2PfJ-74g","jetpack_featured_media_url":"https:\/\/i0.wp.com\/www.bghaber.org\/bghaber\/wp-content\/uploads\/2018\/02\/bulgaristan-Basbakan-Yard%C4%B1mcisi-Tomislav-Doncev.jpg?fit=640%2C430&ssl=1","_links":{"self":[{"href":"https:\/\/www.bghaber.org\/bghaber\/wp-json\/wp\/v2\/posts\/27172","targetHints":{"allow":["GET"]}}],"collection":[{"href":"https:\/\/www.bghaber.org\/bghaber\/wp-json\/wp\/v2\/posts"}],"about":[{"href":"https:\/\/www.bghaber.org\/bghaber\/wp-json\/wp\/v2\/types\/post"}],"author":[{"embeddable":true,"href":"https:\/\/www.bghaber.org\/bghaber\/wp-json\/wp\/v2\/users\/29"}],"replies":[{"embeddable":true,"href":"https:\/\/www.bghaber.org\/bghaber\/wp-json\/wp\/v2\/comments?post=27172"}],"version-history":[{"count":0,"href":"https:\/\/www.bghaber.org\/bghaber\/wp-json\/wp\/v2\/posts\/27172\/revisions"}],"wp:featuredmedia":[{"embeddable":true,"href":"https:\/\/www.bghaber.org\/bghaber\/wp-json\/wp\/v2\/media\/27173"}],"wp:attachment":[{"href":"https:\/\/www.bghaber.org\/bghaber\/wp-json\/wp\/v2\/media?parent=27172"}],"wp:term":[{"taxonomy":"category","embeddable":true,"href":"https:\/\/www.bghaber.org\/bghaber\/wp-json\/wp\/v2\/categories?post=27172"},{"taxonomy":"post_tag","embeddable":true,"href":"https:\/\/www.bghaber.org\/bghaber\/wp-json\/wp\/v2\/tags?post=27172"}],"curies":[{"name":"wp","href":"https:\/\/api.w.org\/{rel}","templated":true}]}}