{"id":27169,"date":"2018-02-12T22:30:50","date_gmt":"2018-02-12T19:30:50","guid":{"rendered":"http:\/\/www.bghaber.org\/bghaber\/?p=27169"},"modified":"2019-07-07T21:52:43","modified_gmt":"2019-07-07T19:52:43","slug":"bulgaristan-ermenistan-basra-korfezi-karadeniz-ulasim-koridorunu-destekliyor","status":"publish","type":"post","link":"https:\/\/www.bghaber.org\/bghaber\/bulgaristan-ermenistan-basra-korfezi-karadeniz-ulasim-koridorunu-destekliyor\/","title":{"rendered":"Bulgaristan ve Ermenistan Basra K\u00f6rfezi-Karadeniz ula\u015f\u0131m koridorunu destekliyor"},"content":{"rendered":"<p>Cumhurba\u015fkan\u0131 Rumen Radev, Erivan\u2019da mevkida\u015f\u0131 Serj Sarkisyan\u2019la g\u00f6r\u00fc\u015ft\u00fc. G\u00f6r\u00fc\u015fmenin ard\u0131ndan Bulgaristan ve Ermenistan\u2019\u0131n Basra K\u00f6rfezini Karadeniz\u2019e ba\u011flayacak olan ula\u015f\u0131m koridorunun kurulmas\u0131 fikrine destek verdikleri belirtildi.<\/p>\n<p>Radev, Erivan ziyaretinin sadece y\u00fcksek siyasi d\u00fczeydeki ili\u015fkilerin yo\u011funla\u015ft\u0131r\u0131lmas\u0131 amac\u0131n\u0131 de\u011fil, kar\u015f\u0131l\u0131kl\u0131 menfaate dayanan b\u00fct\u00fcn alanlarda ili\u015fkilerin geli\u015ftirilmesi amac\u0131n\u0131 da g\u00fctt\u00fc\u011f\u00fcn\u00fc bildirdi. Bu y\u00fczden Bulgar heyetine Bulgar h\u00fck\u00fcmetinin, Parlamento\u2019nun ve i\u015f d\u00fcnyas\u0131n\u0131n temsilcileri dahil edildi. Ziyaret kapsam\u0131nda iki \u00fclkenin i\u015fveren \u00f6rg\u00fctleri aras\u0131nda anlay\u0131\u015f muht\u0131ras\u0131 da imzalanacak.<\/p>\n<p>Cumhurba\u015fkan\u0131\u00a0 Rumen Radev, Ermenistan&#8217;da Bulgar dili ve k\u00fclt\u00fcr\u00fcn\u00fc tan\u0131tan Erivan&#8217;daki 131 \u2018Peyo Yavorov\u2019 okulu&#8217;nu ziyaret etti. Cumhurba\u015fkan\u0131 , okulda Bulgaristan&#8217;\u0131n sponsorlu\u011funda interaktif \u00e7al\u0131\u015fma odas\u0131 a\u00e7t\u0131.<\/p>\n<p>&nbsp;<\/p>\n<p>BNR<\/p>\n<div id=\"bghab-2911023605\" class=\"bghab-yazi-altinda bghab-entity-placement\"><script async src=\"https:\/\/pagead2.googlesyndication.com\/pagead\/js\/adsbygoogle.js\"><\/script>\r\n<!-- bghaber-yaz\u0131-sonu -->\r\n<ins class=\"adsbygoogle\"\r\n     style=\"display:block\"\r\n     data-ad-client=\"ca-pub-6203283170189293\"\r\n     data-ad-slot=\"4222328180\"\r\n     data-ad-format=\"auto\"\r\n     data-full-width-responsive=\"true\"><\/ins>\r\n<script>\r\n     (adsbygoogle = window.adsbygoogle || []).push({});\r\n<\/script><\/div><br style=\"clear: both; display: block; float: none;\"\/>","protected":false},"excerpt":{"rendered":"<p>Cumhurba\u015fkan\u0131 Rumen Radev, Erivan\u2019da mevkida\u015f\u0131 Serj Sarkisyan\u2019la g\u00f6r\u00fc\u015ft\u00fc. G\u00f6r\u00fc\u015fmenin ard\u0131ndan Bulgaristan ve Ermenistan\u2019\u0131n Basra K\u00f6rfezini Karadeniz\u2019e ba\u011flayacak olan ula\u015f\u0131m koridorunun kurulmas\u0131 fikrine destek verdikleri belirtildi.<\/p>\n","protected":false},"author":29,"featured_media":27170,"comment_status":"closed","ping_status":"closed","sticky":false,"template":"","format":"standard","meta":{"advanced_seo_description":"","jetpack_seo_html_title":"","jetpack_seo_noindex":false,"jetpack_seo_schema_type":"","_jetpack_newsletter_access":"","_jetpack_dont_email_post_to_subs":false,"_jetpack_newsletter_tier_id":0,"_jetpack_memberships_contains_paywalled_content":false,"_jetpack_feature_clip_id":0,"_jetpack_memberships_contains_paid_content":false,"footnotes":"","jetpack_post_was_ever_published":false},"categories":[1,4],"tags":[],"class_list":["post-27169","post","type-post","status-publish","format-standard","has-post-thumbnail","hentry","category-haberler","category-siyaset"],"jetpack_sharing_enabled":true,"jetpack_likes_enabled":true,"jetpack-related-posts":[],"jetpack_shortlink":"https:\/\/wp.me\/pc2PfJ-74d","jetpack_featured_media_url":"https:\/\/i0.wp.com\/www.bghaber.org\/bghaber\/wp-content\/uploads\/2018\/02\/bulgaristan-ermenistan-cumhurbaskanlari.jpg?fit=610%2C343&ssl=1","_links":{"self":[{"href":"https:\/\/www.bghaber.org\/bghaber\/wp-json\/wp\/v2\/posts\/27169","targetHints":{"allow":["GET"]}}],"collection":[{"href":"https:\/\/www.bghaber.org\/bghaber\/wp-json\/wp\/v2\/posts"}],"about":[{"href":"https:\/\/www.bghaber.org\/bghaber\/wp-json\/wp\/v2\/types\/post"}],"author":[{"embeddable":true,"href":"https:\/\/www.bghaber.org\/bghaber\/wp-json\/wp\/v2\/users\/29"}],"replies":[{"embeddable":true,"href":"https:\/\/www.bghaber.org\/bghaber\/wp-json\/wp\/v2\/comments?post=27169"}],"version-history":[{"count":0,"href":"https:\/\/www.bghaber.org\/bghaber\/wp-json\/wp\/v2\/posts\/27169\/revisions"}],"wp:featuredmedia":[{"embeddable":true,"href":"https:\/\/www.bghaber.org\/bghaber\/wp-json\/wp\/v2\/media\/27170"}],"wp:attachment":[{"href":"https:\/\/www.bghaber.org\/bghaber\/wp-json\/wp\/v2\/media?parent=27169"}],"wp:term":[{"taxonomy":"category","embeddable":true,"href":"https:\/\/www.bghaber.org\/bghaber\/wp-json\/wp\/v2\/categories?post=27169"},{"taxonomy":"post_tag","embeddable":true,"href":"https:\/\/www.bghaber.org\/bghaber\/wp-json\/wp\/v2\/tags?post=27169"}],"curies":[{"name":"wp","href":"https:\/\/api.w.org\/{rel}","templated":true}]}}