{"id":27167,"date":"2018-02-12T21:30:50","date_gmt":"2018-02-12T18:30:50","guid":{"rendered":"http:\/\/www.bghaber.org\/bghaber\/?p=27167"},"modified":"2019-07-07T21:52:43","modified_gmt":"2019-07-07T19:52:43","slug":"bulgaristan-rusya-moskovanin-nato-ab-ile-olan-iliskilerini-gorustu","status":"publish","type":"post","link":"https:\/\/www.bghaber.org\/bghaber\/bulgaristan-rusya-moskovanin-nato-ab-ile-olan-iliskilerini-gorustu\/","title":{"rendered":"Bulgaristan ve Rusya Moskova&#8217;n\u0131n NATO ve AB ile olan ili\u015fkilerini g\u00f6r\u00fc\u015ft\u00fc"},"content":{"rendered":"<p>Rusya D\u0131\u015fi\u015fleri Bakan Yard\u0131mc\u0131s\u0131 Alexander Grusko ve Bulgaristan&#8217;\u0131n Moskova B\u00fcy\u00fckel\u00e7isi Boyko Kotsev iki \u00fclke aras\u0131ndaki i\u015fbirli\u011fini ve Rusya&#8217;n\u0131n AB ve NATO ile olan ili\u015fkilerini g\u00f6r\u00fc\u015ft\u00fc.<\/p>\n<p>G\u00f6r\u00fc\u015fme s\u0131ras\u0131nda 3 Mart g\u00fcn\u00fc\u00a0 Rus-T\u00fcrk sava\u015f\u0131 \/ 1877-1878 \/ &#8216;sonucu Bulgaristan&#8217;\u0131n kurtulu\u015funun 140. Y\u0131l d\u00f6n\u00fcm\u00fc dolay\u0131s\u0131yla kutlamalar \u00fczerinde duruldu.<\/p>\n<p>Ayr\u0131ca, Rusya-AB ili\u015fkileri ve Rusya-NATO ili\u015fkileri ba\u011flam\u0131nda\u00a0 Avrupa\u2019da\u00a0 durum ele nal\u0131nd\u0131. G\u00f6r\u00fc\u015fme, Bulgaristan B\u00fcy\u00fckel\u00e7isinin iste\u011fi \u00fczerine ger\u00e7ekle\u015fti<\/p>\n<p>&nbsp;<\/p>\n<p>BNR<\/p>\n<div id=\"bghab-2025218032\" class=\"bghab-yazi-altinda bghab-entity-placement\"><script async src=\"https:\/\/pagead2.googlesyndication.com\/pagead\/js\/adsbygoogle.js\"><\/script>\r\n<!-- bghaber-yaz\u0131-sonu -->\r\n<ins class=\"adsbygoogle\"\r\n     style=\"display:block\"\r\n     data-ad-client=\"ca-pub-6203283170189293\"\r\n     data-ad-slot=\"4222328180\"\r\n     data-ad-format=\"auto\"\r\n     data-full-width-responsive=\"true\"><\/ins>\r\n<script>\r\n     (adsbygoogle = window.adsbygoogle || []).push({});\r\n<\/script><\/div><br style=\"clear: both; display: block; float: none;\"\/>","protected":false},"excerpt":{"rendered":"<p>Rusya D\u0131\u015fi\u015fleri Bakan Yard\u0131mc\u0131s\u0131 Alexander Grusko ve Bulgaristan&#8217;\u0131n Moskova B\u00fcy\u00fckel\u00e7isi Boyko Kotsev iki \u00fclke aras\u0131ndaki i\u015fbirli\u011fini ve Rusya&#8217;n\u0131n AB ve NATO ile olan ili\u015fkilerini g\u00f6r\u00fc\u015ft\u00fc.<\/p>\n","protected":false},"author":29,"featured_media":24556,"comment_status":"closed","ping_status":"closed","sticky":false,"template":"","format":"standard","meta":{"advanced_seo_description":"","jetpack_seo_html_title":"","jetpack_seo_noindex":false,"jetpack_seo_schema_type":"","_jetpack_newsletter_access":"","_jetpack_dont_email_post_to_subs":false,"_jetpack_newsletter_tier_id":0,"_jetpack_memberships_contains_paywalled_content":false,"_jetpack_feature_clip_id":0,"_jetpack_memberships_contains_paid_content":false,"footnotes":"","jetpack_post_was_ever_published":false},"categories":[4],"tags":[],"class_list":["post-27167","post","type-post","status-publish","format-standard","has-post-thumbnail","hentry","category-siyaset"],"jetpack_sharing_enabled":true,"jetpack_likes_enabled":true,"jetpack-related-posts":[],"jetpack_shortlink":"https:\/\/wp.me\/pc2PfJ-74b","jetpack_featured_media_url":"https:\/\/i0.wp.com\/www.bghaber.org\/bghaber\/wp-content\/uploads\/2017\/11\/rusya-bulgaristan-bayrak.jpg?fit=575%2C323&ssl=1","_links":{"self":[{"href":"https:\/\/www.bghaber.org\/bghaber\/wp-json\/wp\/v2\/posts\/27167","targetHints":{"allow":["GET"]}}],"collection":[{"href":"https:\/\/www.bghaber.org\/bghaber\/wp-json\/wp\/v2\/posts"}],"about":[{"href":"https:\/\/www.bghaber.org\/bghaber\/wp-json\/wp\/v2\/types\/post"}],"author":[{"embeddable":true,"href":"https:\/\/www.bghaber.org\/bghaber\/wp-json\/wp\/v2\/users\/29"}],"replies":[{"embeddable":true,"href":"https:\/\/www.bghaber.org\/bghaber\/wp-json\/wp\/v2\/comments?post=27167"}],"version-history":[{"count":0,"href":"https:\/\/www.bghaber.org\/bghaber\/wp-json\/wp\/v2\/posts\/27167\/revisions"}],"wp:featuredmedia":[{"embeddable":true,"href":"https:\/\/www.bghaber.org\/bghaber\/wp-json\/wp\/v2\/media\/24556"}],"wp:attachment":[{"href":"https:\/\/www.bghaber.org\/bghaber\/wp-json\/wp\/v2\/media?parent=27167"}],"wp:term":[{"taxonomy":"category","embeddable":true,"href":"https:\/\/www.bghaber.org\/bghaber\/wp-json\/wp\/v2\/categories?post=27167"},{"taxonomy":"post_tag","embeddable":true,"href":"https:\/\/www.bghaber.org\/bghaber\/wp-json\/wp\/v2\/tags?post=27167"}],"curies":[{"name":"wp","href":"https:\/\/api.w.org\/{rel}","templated":true}]}}