{"id":27161,"date":"2018-02-12T20:20:16","date_gmt":"2018-02-12T17:20:16","guid":{"rendered":"http:\/\/www.bghaber.org\/bghaber\/?p=27161"},"modified":"2019-07-07T21:52:43","modified_gmt":"2019-07-07T19:52:43","slug":"bulgar-dis-hekimleri-birligi-acil-durumlarin-maliyetini-devletin-odemesini-istedi","status":"publish","type":"post","link":"https:\/\/www.bghaber.org\/bghaber\/bulgar-dis-hekimleri-birligi-acil-durumlarin-maliyetini-devletin-odemesini-istedi\/","title":{"rendered":"Bulgar Di\u015f Hekimleri Birli\u011fi, acil durumlar\u0131n maliyetini devletin \u00f6demesini istedi"},"content":{"rendered":"<p>Bulgar Di\u015f Hekimleri Birli\u011fi, Sa\u011fl\u0131k Bakan\u0131 Kiril Ananiev\u2019e mektup g\u00f6ndererek, acil di\u015f hekimli\u011fi hizmetlerinin yan\u0131 s\u0131ra \u00e7ocuklar\u0131n ve hamile kad\u0131nlar\u0131n tedavi masraflar\u0131n\u0131 \u0131srarla devlet taraf\u0131ndan kar\u015f\u0131lamas\u0131n\u0131 istedi.<\/p>\n<p>G\u00f6n\u00fcll\u00fcl\u00fck esas\u0131na dayanan sivil toplum \u00f6rg\u00fct\u00fcne g\u00f6re an itibariyle bedelini hastan\u0131n, ya da di\u015f hekiminin \u00f6dedi\u011fi y\u0131lda yakla\u015f\u0131k 22 000 acil durum s\u00f6z konusudur.<\/p>\n<p>Dernek ayr\u0131ca, Bulgaristan&#8217;daki gen\u00e7 di\u015f hekimlerinin uzmanla\u015fmas\u0131 i\u00e7in f\u0131rsatlar\u0131n olmamas\u0131n\u0131n onlar\u0131 yurt d\u0131\u015f\u0131nda i\u015f aramaya zorlad\u0131\u011f\u0131n\u0131 belirtti.<\/p>\n<p>Bulgar Di\u015f Hekimleri Birli\u011fi Ba\u015fkan\u0131 Dr. Anatoliy K\u0131nev, belediye ile birka\u00e7 y\u0131l m\u00fccadele ettikten sonra derne\u011fin Sofya&#8217;da \u00fccretsiz acil di\u015f hekimli\u011fi hizmetleri verilen muayenehaneler a\u00e7\u0131lmas\u0131 m\u00fccadelesini kaybetti\u011fini a\u00e7\u0131klad\u0131. Dr. K\u0131nev, \u201cSadece oda sa\u011flanmas\u0131n\u0131 ve bu s\u00fcrecin belediye taraf\u0131ndan beyan edilmesini ve y\u00f6netilmesi istiyoruz. Bunun i\u00e7in ba\u015fvuruda bulunduk. Malzemelerin, teknik ekipmanlar\u0131n maliyetini ve eme\u011fimizin kar\u015f\u0131l\u0131\u011f\u0131n\u0131 kendi ceplerimizden \u00f6deyece\u011fiz\u201d dedi.<\/p>\n<p>Bu durumda dernek devleti di\u015f hekimlerin hastaya yapt\u0131\u011f\u0131 acil m\u00fcdahalelerin masraflar\u0131n\u0131 \u00fcstlenmeye \u00e7a\u011f\u0131r\u0131yor.<\/p><div id=\"bghab-1219665716\" class=\"bghab-icerik-icine bghab-entity-placement\"><script async src=\"\/\/pagead2.googlesyndication.com\/pagead\/js\/adsbygoogle.js?client=ca-pub-6203283170189293\" crossorigin=\"anonymous\"><\/script><ins class=\"adsbygoogle\" style=\"display:block; text-align:center;\" data-ad-client=\"ca-pub-6203283170189293\" \ndata-ad-slot=\"7303146466\" \ndata-ad-layout=\"in-article\"\ndata-ad-format=\"fluid\" data-full-width-responsive=\"true\"><\/ins>\n<script> \n(adsbygoogle = window.adsbygoogle || []).push({}); \n<\/script>\n<\/div>\n<p>D\u00fcnya sa\u011fl\u0131k \u00d6rg\u00fct\u00fc verileri, di\u015f hekimli\u011finde acil durumlar\u0131n 100 bin ki\u015fi ba\u015f\u0131na 300 oldu\u011funu g\u00f6steriyor. Bu demektir ki, Bulgaristan\u2019da bu t\u00fcr vakalar y\u0131lda 22 000&#8217;den fazlad\u0131r.<\/p>\n<p>Dernek, uzmanla\u015fma imkan\u0131 verilmedi\u011fi i\u00e7in \u00fclkemizin uzman hekimsiz kalabilece\u011fine dair uyard\u0131. Dr. K\u0131nev, \u015funlar\u0131 belirtti: \u201cGen\u00e7lerimizin uzmanla\u015facak bir yeri yok. Bir yerde, \u00e7ok d\u00fc\u015f\u00fck bir maa\u015fta ve niteliksiz olsa da \u00e7al\u0131\u015farak, Bat\u0131 \u00fclkelerinde uzmanla\u015fman\u0131n yolunu izleme se\u00e7ene\u011fini tercih ediyorlar. Bulgaristan, giderek daha da az di\u015f hekimli\u011fi uzman\u0131na sahip olacak\u201d.<\/p>\n<p>An itibariyle Ulusal Sa\u011fl\u0131k Sigorta Kasas\u0131 (NZOK), bir y\u0131lda di\u015f hekimli\u011fi hizmetleri i\u00e7in 157 milyon leval\u0131k bir kaynak ay\u0131r\u0131yor. Bu demektir ki, ki\u015fi ba\u015f\u0131na 17 leva d\u00fc\u015fmektedir.<\/p>\n<p>&nbsp;<\/p>\n<p>K\u0131rcaali Haber<\/p>\n<div id=\"bghab-3664363528\" class=\"bghab-yazi-altinda bghab-entity-placement\"><script async src=\"https:\/\/pagead2.googlesyndication.com\/pagead\/js\/adsbygoogle.js\"><\/script>\r\n<!-- bghaber-yaz\u0131-sonu -->\r\n<ins class=\"adsbygoogle\"\r\n     style=\"display:block\"\r\n     data-ad-client=\"ca-pub-6203283170189293\"\r\n     data-ad-slot=\"4222328180\"\r\n     data-ad-format=\"auto\"\r\n     data-full-width-responsive=\"true\"><\/ins>\r\n<script>\r\n     (adsbygoogle = window.adsbygoogle || []).push({});\r\n<\/script><\/div><br style=\"clear: both; display: block; float: none;\"\/>","protected":false},"excerpt":{"rendered":"<p>Bulgar Di\u015f Hekimleri Birli\u011fi, Sa\u011fl\u0131k Bakan\u0131 Kiril Ananiev\u2019e mektup g\u00f6ndererek, acil di\u015f hekimli\u011fi hizmetlerinin yan\u0131 s\u0131ra \u00e7ocuklar\u0131n ve hamile kad\u0131nlar\u0131n tedavi masraflar\u0131n\u0131 \u0131srarla devlet taraf\u0131ndan<\/p>\n","protected":false},"author":29,"featured_media":27162,"comment_status":"closed","ping_status":"closed","sticky":false,"template":"","format":"standard","meta":{"advanced_seo_description":"","jetpack_seo_html_title":"","jetpack_seo_noindex":false,"jetpack_seo_schema_type":"","_jetpack_newsletter_access":"","_jetpack_dont_email_post_to_subs":false,"_jetpack_newsletter_tier_id":0,"_jetpack_memberships_contains_paywalled_content":false,"_jetpack_feature_clip_id":0,"_jetpack_memberships_contains_paid_content":false,"footnotes":"","jetpack_post_was_ever_published":false},"categories":[7],"tags":[],"class_list":["post-27161","post","type-post","status-publish","format-standard","has-post-thumbnail","hentry","category-saglik-spor"],"jetpack_sharing_enabled":true,"jetpack_likes_enabled":true,"jetpack-related-posts":[],"jetpack_shortlink":"https:\/\/wp.me\/pc2PfJ-745","jetpack_featured_media_url":"https:\/\/i0.wp.com\/www.bghaber.org\/bghaber\/wp-content\/uploads\/2018\/02\/dis-doktor.jpg?fit=620%2C413&ssl=1","_links":{"self":[{"href":"https:\/\/www.bghaber.org\/bghaber\/wp-json\/wp\/v2\/posts\/27161","targetHints":{"allow":["GET"]}}],"collection":[{"href":"https:\/\/www.bghaber.org\/bghaber\/wp-json\/wp\/v2\/posts"}],"about":[{"href":"https:\/\/www.bghaber.org\/bghaber\/wp-json\/wp\/v2\/types\/post"}],"author":[{"embeddable":true,"href":"https:\/\/www.bghaber.org\/bghaber\/wp-json\/wp\/v2\/users\/29"}],"replies":[{"embeddable":true,"href":"https:\/\/www.bghaber.org\/bghaber\/wp-json\/wp\/v2\/comments?post=27161"}],"version-history":[{"count":0,"href":"https:\/\/www.bghaber.org\/bghaber\/wp-json\/wp\/v2\/posts\/27161\/revisions"}],"wp:featuredmedia":[{"embeddable":true,"href":"https:\/\/www.bghaber.org\/bghaber\/wp-json\/wp\/v2\/media\/27162"}],"wp:attachment":[{"href":"https:\/\/www.bghaber.org\/bghaber\/wp-json\/wp\/v2\/media?parent=27161"}],"wp:term":[{"taxonomy":"category","embeddable":true,"href":"https:\/\/www.bghaber.org\/bghaber\/wp-json\/wp\/v2\/categories?post=27161"},{"taxonomy":"post_tag","embeddable":true,"href":"https:\/\/www.bghaber.org\/bghaber\/wp-json\/wp\/v2\/tags?post=27161"}],"curies":[{"name":"wp","href":"https:\/\/api.w.org\/{rel}","templated":true}]}}