{"id":27157,"date":"2018-02-12T19:46:51","date_gmt":"2018-02-12T16:46:51","guid":{"rendered":"http:\/\/www.bghaber.org\/bghaber\/?p=27157"},"modified":"2019-07-07T21:52:43","modified_gmt":"2019-07-07T19:52:43","slug":"iliyana-yotova-devletin-koylere-buyuk-bir-gonul-borcu-var","status":"publish","type":"post","link":"https:\/\/www.bghaber.org\/bghaber\/iliyana-yotova-devletin-koylere-buyuk-bir-gonul-borcu-var\/","title":{"rendered":"\u0130liyana Yotova: Devletin k\u00f6ylere b\u00fcy\u00fck bir g\u00f6n\u00fcl borcu var"},"content":{"rendered":"<p>Gotse Dele\u00e7ev Belediye Ba\u015fkan\u0131 Vladimir Moskov ve Del\u00e7evo k\u00f6y\u00fc muhtar\u0131 \u0130van Panayotov ile birlikte kat\u0131ld\u0131\u011f\u0131 \u201cBay\u0131r\u201d adl\u0131 yerde d\u00fczenlenen sembolik ba\u011f kesiminden sonra Cumhurba\u015fkan\u0131 Yard\u0131mc\u0131s\u0131 \u0130liyana Yotova, gazetecilere deme\u00e7 verdi. Cumhurba\u015fkan\u0131 Yard\u0131mc\u0131s\u0131, \u201cDevletin, kurumlar\u0131n ve politikac\u0131lar\u0131n k\u00f6ylere b\u00fcy\u00fck bir g\u00f6n\u00fcl borcu var. K\u00fc\u00e7\u00fck belediyelere ve k\u00f6ylere devlet yard\u0131m\u0131, ulusal bir politika olmal\u0131 ve o zaman gen\u00e7ler yurtlar\u0131na geri d\u00f6necektir &#8220;diye kaydetti.<\/p>\n<p>Cumhurba\u015fkan\u0131 Yard\u0131mc\u0131s\u0131, Avrupa Birli\u011fi (AB) genelinde yoksulluk ve sosyal d\u0131\u015flanma riskinin Bulgaristan k\u00f6ylerinde ya\u015fayan ki\u015filerde en y\u00fcksek oldu\u011funa dair verilere at\u0131fta bulundu.<\/p>\n<p>Yotova, Bulgaristan&#8217;\u0131n bu y\u0131l 2020 y\u0131l sonras\u0131 AB b\u00fct\u00e7esini tart\u0131\u015f\u0131rken ne gibi bir g\u00f6r\u00fc\u015f\u00fc savunaca\u011f\u0131n\u0131n son derece \u00f6nemli oldu\u011funu kaydetti.<\/p>\n<p>Cumhurba\u015fkan\u0131 Yard\u0131mc\u0131s\u0131, \u201c\u015eimdiki AB fonlar\u0131ndan yararlanma felsefesinin korunmas\u0131 bizim i\u00e7in hayati \u00f6nem ta\u015f\u0131maktad\u0131r. Junker Plan\u0131 zengin \u00fclkeler i\u00e7indir\u201d diye vurgulad\u0131.<\/p>\n<p>Bundan \u00f6nce, k\u00f6y halk\u0131n\u0131, AB Parlamentosu milletvekilleri, Gotse Del\u00e7ev Meclis \u00fcyeleri, kom\u015fu Yunanistan\u2019dan gelen konuklar\u0131 bir araya getiren Del\u00e7evo k\u00f6y\u00fcnde d\u00fczenlenen \u015earap Bayram\u0131\u2019nda konu\u015fan Yotova,\u201dG\u00f6zlerin Bulgaristan&#8217;a d\u00f6nd\u00fc\u011f\u00fc bu aylarda en zengin tarih ve k\u00fclt\u00fcr\u00fc olan Avrupa \u00fclkesi oldu\u011fumuzu g\u00f6stermeliyiz. Bu, \u015eirin Bulgar k\u00f6y\u00fc Del\u00e7evo\u2019da g\u00f6r\u00fcl\u00fcyor\u201d dedi.<\/p><div id=\"bghab-64618153\" class=\"bghab-icerik-icine bghab-entity-placement\"><script async src=\"\/\/pagead2.googlesyndication.com\/pagead\/js\/adsbygoogle.js?client=ca-pub-6203283170189293\" crossorigin=\"anonymous\"><\/script><ins class=\"adsbygoogle\" style=\"display:block; text-align:center;\" data-ad-client=\"ca-pub-6203283170189293\" \ndata-ad-slot=\"7303146466\" \ndata-ad-layout=\"in-article\"\ndata-ad-format=\"fluid\" data-full-width-responsive=\"true\"><\/ins>\n<script> \n(adsbygoogle = window.adsbygoogle || []).push({}); \n<\/script>\n<\/div>\n<p>Cumhurba\u015fkan\u0131 Yard\u0131mc\u0131s\u0131, \u201cBuradaki insanlar\u0131n burada iyi ya\u015famas\u0131 ve k\u00f6yleri korumas\u0131, g\u00fczel geleneklerimizi ku\u015faklara aktarabilmesi i\u00e7in Bulgar kurumlar\u0131n\u0131 temsil eden bizler, hepimiz Bulgar k\u00f6yleriyle ilgilenece\u011fimize dair s\u00f6z verelim. Bunu Bulgaristan\u2019\u0131n var olmas\u0131 i\u00e7in yapal\u0131m\u201d diye \u00e7a\u011fr\u0131da bulundu.<\/p>\n<p>&nbsp;<\/p>\n<p>K\u0131rcaali Haber<\/p>\n<div id=\"bghab-567301153\" class=\"bghab-yazi-altinda bghab-entity-placement\"><script async src=\"https:\/\/pagead2.googlesyndication.com\/pagead\/js\/adsbygoogle.js\"><\/script>\r\n<!-- bghaber-yaz\u0131-sonu -->\r\n<ins class=\"adsbygoogle\"\r\n     style=\"display:block\"\r\n     data-ad-client=\"ca-pub-6203283170189293\"\r\n     data-ad-slot=\"4222328180\"\r\n     data-ad-format=\"auto\"\r\n     data-full-width-responsive=\"true\"><\/ins>\r\n<script>\r\n     (adsbygoogle = window.adsbygoogle || []).push({});\r\n<\/script><\/div><br style=\"clear: both; display: block; float: none;\"\/>","protected":false},"excerpt":{"rendered":"<p>Gotse Dele\u00e7ev Belediye Ba\u015fkan\u0131 Vladimir Moskov ve Del\u00e7evo k\u00f6y\u00fc muhtar\u0131 \u0130van Panayotov ile birlikte kat\u0131ld\u0131\u011f\u0131 \u201cBay\u0131r\u201d adl\u0131 yerde d\u00fczenlenen sembolik ba\u011f kesiminden sonra Cumhurba\u015fkan\u0131 Yard\u0131mc\u0131s\u0131<\/p>\n","protected":false},"author":29,"featured_media":27158,"comment_status":"closed","ping_status":"closed","sticky":false,"template":"","format":"standard","meta":{"advanced_seo_description":"","jetpack_seo_html_title":"","jetpack_seo_noindex":false,"jetpack_seo_schema_type":"","_jetpack_newsletter_access":"","_jetpack_dont_email_post_to_subs":false,"_jetpack_newsletter_tier_id":0,"_jetpack_memberships_contains_paywalled_content":false,"_jetpack_feature_clip_id":0,"_jetpack_memberships_contains_paid_content":false,"footnotes":"","jetpack_post_was_ever_published":false},"categories":[1,4],"tags":[],"class_list":["post-27157","post","type-post","status-publish","format-standard","has-post-thumbnail","hentry","category-haberler","category-siyaset"],"jetpack_sharing_enabled":true,"jetpack_likes_enabled":true,"jetpack-related-posts":[],"jetpack_shortlink":"https:\/\/wp.me\/pc2PfJ-741","jetpack_featured_media_url":"https:\/\/i0.wp.com\/www.bghaber.org\/bghaber\/wp-content\/uploads\/2018\/02\/bulgaristan-cumhurbaskan-yardimcisi-Yotova-koyde.jpg?fit=768%2C432&ssl=1","_links":{"self":[{"href":"https:\/\/www.bghaber.org\/bghaber\/wp-json\/wp\/v2\/posts\/27157","targetHints":{"allow":["GET"]}}],"collection":[{"href":"https:\/\/www.bghaber.org\/bghaber\/wp-json\/wp\/v2\/posts"}],"about":[{"href":"https:\/\/www.bghaber.org\/bghaber\/wp-json\/wp\/v2\/types\/post"}],"author":[{"embeddable":true,"href":"https:\/\/www.bghaber.org\/bghaber\/wp-json\/wp\/v2\/users\/29"}],"replies":[{"embeddable":true,"href":"https:\/\/www.bghaber.org\/bghaber\/wp-json\/wp\/v2\/comments?post=27157"}],"version-history":[{"count":0,"href":"https:\/\/www.bghaber.org\/bghaber\/wp-json\/wp\/v2\/posts\/27157\/revisions"}],"wp:featuredmedia":[{"embeddable":true,"href":"https:\/\/www.bghaber.org\/bghaber\/wp-json\/wp\/v2\/media\/27158"}],"wp:attachment":[{"href":"https:\/\/www.bghaber.org\/bghaber\/wp-json\/wp\/v2\/media?parent=27157"}],"wp:term":[{"taxonomy":"category","embeddable":true,"href":"https:\/\/www.bghaber.org\/bghaber\/wp-json\/wp\/v2\/categories?post=27157"},{"taxonomy":"post_tag","embeddable":true,"href":"https:\/\/www.bghaber.org\/bghaber\/wp-json\/wp\/v2\/tags?post=27157"}],"curies":[{"name":"wp","href":"https:\/\/api.w.org\/{rel}","templated":true}]}}