{"id":27153,"date":"2018-02-12T12:36:39","date_gmt":"2018-02-12T09:36:39","guid":{"rendered":"http:\/\/www.bghaber.org\/bghaber\/?p=27153"},"modified":"2019-07-07T21:52:44","modified_gmt":"2019-07-07T19:52:44","slug":"konu-hoh-ile-birlesmekse-biz-yokuz","status":"publish","type":"post","link":"https:\/\/www.bghaber.org\/bghaber\/konu-hoh-ile-birlesmekse-biz-yokuz\/","title":{"rendered":"Konu H\u00d6H ile birle\u015fmekse biz yokuz!"},"content":{"rendered":"<div>Bir ka\u00e7 g\u00fcnd\u00fcr telefonum susmuyor arayan..soran&#8230;mesaj g\u00f6nderen.\u00a0&#8220;Bursa&#8217;da 11.02.2018 g\u00f6r\u00fc\u015fme olacakm\u0131\u015f. Prensip olarak anla\u015fm\u0131\u015fs\u0131n\u0131z, birle\u015fecek mi\u015fsiniz&#8221; v.s sorular.<\/div>\n<div>\nMerak edenlerin dikkatine! Kesin ve net olarak Biz H\u00fcrriet ve \u015eeref Halk Partisi(H\u015eHP) olarak karar\u0131m\u0131z\u0131 bildirdik: Bize inananlar\u0131n ve destek verenlerin oylar\u0131yla pazarl\u0131k yapm\u0131yoruz!<\/div>\n<div>Ne deyi\u015fti de H\u00d6H Partisi&#8217;yle birle\u015felim!<\/div>\n<div>Konu bu sa biz yokuz!<\/div>\n<div>Herhalde bu g\u00f6r\u00fc\u015fmeyi organize edenler bizi iyi anlam\u0131\u015flar\u00a0<span class=\"text_exposed_show\">ve davet etmemi\u015fler. <\/span><\/div>\n<div><span class=\"text_exposed_show\">Do\u011frusu da bu!<br \/>\nBe\u015f senedir dimdik ayaktay\u0131z! <\/span><\/div>\n<div><span class=\"text_exposed_show\">Ger\u00e7ekleri hayk\u0131rmaya b\u0131kmad\u0131k b\u0131kmayaca\u011f\u0131z! <\/span><\/div>\n<div><span class=\"text_exposed_show\">Y\u00f6r\u00fcd\u00fcm\u00fcz yol Hak yoludur!<br \/>\nDavadan vazge\u00e7mek yok! <\/span><\/div>\n<div><span class=\"text_exposed_show\">Yola devam!<\/span><\/div>\n<div><span class=\"text_exposed_show\"><br \/>\nBirde son bir \u00e7a\u011fr\u0131m var vakit zaman geldi herkes gercekleri g\u00f6rmesi l\u00e2z\u0131m! ,,Anlayana saz!Anlamayana davul zurna az!&#8221;<\/span><\/div>\n<div><\/div>\n<div class=\"text_exposed_show\">\n<div><b>Kas\u0131m DAL<\/b><\/div>\n<\/div>\n<div><\/div>\n<div><\/div>\n<div>Ajans BG<\/div>\n<div id=\"bghab-3928462180\" class=\"bghab-yazi-altinda bghab-entity-placement\"><script async src=\"https:\/\/pagead2.googlesyndication.com\/pagead\/js\/adsbygoogle.js\"><\/script>\r\n<!-- bghaber-yaz\u0131-sonu -->\r\n<ins class=\"adsbygoogle\"\r\n     style=\"display:block\"\r\n     data-ad-client=\"ca-pub-6203283170189293\"\r\n     data-ad-slot=\"4222328180\"\r\n     data-ad-format=\"auto\"\r\n     data-full-width-responsive=\"true\"><\/ins>\r\n<script>\r\n     (adsbygoogle = window.adsbygoogle || []).push({});\r\n<\/script><\/div><br style=\"clear: both; display: block; float: none;\"\/>","protected":false},"excerpt":{"rendered":"<p>Bir ka\u00e7 g\u00fcnd\u00fcr telefonum susmuyor arayan..soran&#8230;mesaj g\u00f6nderen.\u00a0&#8220;Bursa&#8217;da 11.02.2018 g\u00f6r\u00fc\u015fme olacakm\u0131\u015f. Prensip olarak anla\u015fm\u0131\u015fs\u0131n\u0131z, birle\u015fecek mi\u015fsiniz&#8221; v.s sorular. Merak edenlerin dikkatine! Kesin ve net olarak Biz<\/p>\n","protected":false},"author":29,"featured_media":679,"comment_status":"closed","ping_status":"closed","sticky":false,"template":"","format":"standard","meta":{"advanced_seo_description":"","jetpack_seo_html_title":"","jetpack_seo_noindex":false,"jetpack_seo_schema_type":"","_jetpack_newsletter_access":"","_jetpack_dont_email_post_to_subs":false,"_jetpack_newsletter_tier_id":0,"_jetpack_memberships_contains_paywalled_content":false,"_jetpack_feature_clip_id":0,"_jetpack_memberships_contains_paid_content":false,"footnotes":"","jetpack_post_was_ever_published":false},"categories":[1,4],"tags":[],"class_list":["post-27153","post","type-post","status-publish","format-standard","has-post-thumbnail","hentry","category-haberler","category-siyaset"],"jetpack_sharing_enabled":true,"jetpack_likes_enabled":true,"jetpack-related-posts":[],"jetpack_shortlink":"https:\/\/wp.me\/pc2PfJ-73X","jetpack_featured_media_url":"https:\/\/i0.wp.com\/www.bghaber.org\/bghaber\/wp-content\/uploads\/2013\/04\/kasim-dal.jpg?fit=499%2C346&ssl=1","_links":{"self":[{"href":"https:\/\/www.bghaber.org\/bghaber\/wp-json\/wp\/v2\/posts\/27153","targetHints":{"allow":["GET"]}}],"collection":[{"href":"https:\/\/www.bghaber.org\/bghaber\/wp-json\/wp\/v2\/posts"}],"about":[{"href":"https:\/\/www.bghaber.org\/bghaber\/wp-json\/wp\/v2\/types\/post"}],"author":[{"embeddable":true,"href":"https:\/\/www.bghaber.org\/bghaber\/wp-json\/wp\/v2\/users\/29"}],"replies":[{"embeddable":true,"href":"https:\/\/www.bghaber.org\/bghaber\/wp-json\/wp\/v2\/comments?post=27153"}],"version-history":[{"count":0,"href":"https:\/\/www.bghaber.org\/bghaber\/wp-json\/wp\/v2\/posts\/27153\/revisions"}],"wp:featuredmedia":[{"embeddable":true,"href":"https:\/\/www.bghaber.org\/bghaber\/wp-json\/wp\/v2\/media\/679"}],"wp:attachment":[{"href":"https:\/\/www.bghaber.org\/bghaber\/wp-json\/wp\/v2\/media?parent=27153"}],"wp:term":[{"taxonomy":"category","embeddable":true,"href":"https:\/\/www.bghaber.org\/bghaber\/wp-json\/wp\/v2\/categories?post=27153"},{"taxonomy":"post_tag","embeddable":true,"href":"https:\/\/www.bghaber.org\/bghaber\/wp-json\/wp\/v2\/tags?post=27153"}],"curies":[{"name":"wp","href":"https:\/\/api.w.org\/{rel}","templated":true}]}}